{"id":124310,"date":"2026-03-12T01:25:25","date_gmt":"2026-03-12T01:25:25","guid":{"rendered":"https:\/\/pressactu.com\/?p=124310"},"modified":"2026-03-12T01:25:25","modified_gmt":"2026-03-12T01:25:25","slug":"depuis-que-ce-gouvernement-corrompu-a-assassine-notre-dirigeant-liran-refuse-de-disputer-la-coupe-du-monde-2026-organisee-aux-etats-unis","status":"publish","type":"post","link":"https:\/\/pressactu.com\/?p=124310","title":{"rendered":"&quot;Depuis que ce gouvernement corrompu a assassin\u00e9 notre dirigeant\u2026&quot;\u00a0: l\u2019Iran refuse de disputer la Coupe du monde 2026 organis\u00e9e aux \u00c9tats-Unis"},"content":{"rendered":"<p>\n                                                                    <span class=\"article-full__chapo-label hide-on-small-only\">l&#8217;essentiel<\/span><br \/>\n                                                                Malgr\u00e9 l\u2019invitation de Donald Trump, le ministre iranien des Sports Ahmad Donyamali annonce que son pays ne participera pas \u00e0 la Coupe du monde 2026 organis\u00e9e en Am\u00e9rique du Nord (\u00c9tats-Unis, le Canada et le Mexique). Au vu du contexte g\u00e9opolitique, la rupture entre les deux pays semble trop importante.\n                            <\/p>\n<div rel=\"js-article-content\">\n                                                                                                                                                            <!-- Pub DFP Position [outstream] --><\/p>\n<p>Invitation refus\u00e9e. D\u2019apr\u00e8s le m\u00e9dia allemand <a href=\"https:\/\/www.faz.net\/aktuell\/sport\/fussball\/fussball-wm-2026-iran-schliesst-trotz-trump-einladung-teilnahme-aus-accg-200620689.html\" target=\"_blank\">FAZ<\/a>, Ahmad Donyamali, ministre iranien des Sports, affirme que son pays ne participera pas \u00e0 la prochaine Coupe du monde (11\u00a0juin au 19\u00a0juillet 2026). Le pr\u00e9sident de la FIFA Gianni Infantino venait \u00e0 peine de r\u00e9affirmer, apr\u00e8s un \u00e9change avec Donald Trump, que la pr\u00e9sence de l\u2019Iran serait la &#8220;bienvenue&#8221; sur le sol am\u00e9ricain.<\/p>\n<p><!-- Pub DFP Position [article] --><\/p>\n<div class=\"extemb-container\">\n<blockquote data-class=\"twitter-tweet\">\n<p lang=\"fr\" dir=\"ltr\">ud83dudea8 Gianni Infantino ud83cudde8ud83cudded : \u00ab\u00a0????? ?&#8217;? ??? ??? ?&#8217;???? ud83cuddeeud83cuddf7 ?\u0301???? ?? ????????? ???? ????????? ?? ??????? ??? ??.\u00a0<\/p>\n<p>Nous avons tous besoin d&#8217;un \u00e9v\u00e9nement comme la Coupe du monde de la FIFA pour rassembler les gens,\u2026 <a href=\"https:\/\/t.co\/vdkkP88gkx\">pic.twitter.com\/vdkkP88gkx<\/a><\/p>\n<p>\u2014 BeFootball (@_BeFootball) <a href=\"https:\/\/twitter.com\/_BeFootball\/status\/2031635604358758475?ref_src=twsrc%5Etfw\">March 11, 2026<\/a><\/p><\/blockquote><\/div>\n<p>Pourtant, une semaine plus t\u00f4t, Donald Trump avait assur\u00e9 \u00e0 <a href=\"https:\/\/www.politico.com\/news\/2026\/03\/03\/iran-trump-world-cup-00808608\" target=\"_blank\">Politico<\/a> qu\u2019il se &#8220;moquait compl\u00e8tement&#8221;\u00a0de la participation de l\u2019Iran \u00e0 la Coupe du monde. Dans ce contexte de guerre ouverte, ce revirement trouve un revers\u00a0presque logique du c\u00f4t\u00e9 de T\u00e9h\u00e9ran, alors que le pays subit actuellement une pluie de bombardements.<\/p>\n<p class=\"std-elt__inline\">\n        <strong>\u00c0 lire aussi :<\/strong><br \/>\n        <a href=\"\/2026\/03\/04\/coupe-du-monde-2026-liran-envisage-un-forfait-trump-reagit-sechement-je-men-fiche-completement-13254700.php\">Coupe du monde 2026 : l\u2019Iran envisage un forfait, Trump r\u00e9agit s\u00e8chement, &#8220;Je m\u2019en fiche compl\u00e8tement&#8221;<\/a>\n    <\/p>\n<p>La rupture entre les deux pays semble beaucoup trop importante pour que l\u2019Iran accepte d\u2019envoyer une d\u00e9l\u00e9gation en pays ennemi.\u00a0&#8220;Depuis que ce gouvernement corrompu a assassin\u00e9 notre dirigeant, nous n\u2019avons pas la moindre intention de participer \u00e0 la Coupe du monde&#8221;, a d\u00e9clar\u00e9 le ministre en r\u00e9f\u00e9rence \u00e0 la mort d\u2019Ali\u00a0Khamenei par des bombardements men\u00e9s par Isra\u00ebl et les \u00c9tats-Unis.<\/p>\n<h2 class=\"txt-int\">Un groupe G incertain<\/h2>\n<p>Le choix para\u00eet donc tranch\u00e9. &#8220;Deux guerres nous ont \u00e9t\u00e9 impos\u00e9es en huit ou neuf mois et plusieurs milliers de personnes ont \u00e9t\u00e9 tu\u00e9es. Par cons\u00e9quent, nous n\u2019avons aucune possibilit\u00e9 de participer dans ces conditions&#8221;, a encore insist\u00e9 le ministre.<\/p>\n<p class=\"std-elt__inline\">\n        <strong>\u00c0 lire aussi :<\/strong><br \/>\n        <a href=\"\/2026\/03\/11\/direct-guerre-en-iran-nouvelles-frappes-disrael-sur-beyrouth-au-liban-des-explosions-entendues-a-doha-au-qatar-13264607.php\">REPLAY. Guerre en Iran\u00a0: Isra\u00ebl m\u00e8ne une s\u00e9rie de frappes &#8220;\u00e0 grande \u00e9chelle&#8221; sur Beyrouth apr\u00e8s que le Hezbollah a vis\u00e9 le nord d\u2019Isra\u00ebl<\/a>\n    <\/p>\n<p>Une d\u00e9claration qui fait basculer un dossier d\u00e9j\u00e0 explosif dans une autre dimension, \u00e0 un peu moins de trois mois du coup d\u2019envoi du Mondial coorganis\u00e9 par les \u00c9tats-Unis, le Canada et le Mexique. La FIFA, elle, n\u2019a pas encore officialis\u00e9 de r\u00e9ponse \u00e0 cette annonce. Jusqu\u2019ici, l\u2019instance mondiale se contentait de suivre l\u2019\u00e9volution de la situation, alors que l\u2019Iran, qualifi\u00e9 sportivement, devait \u00e9voluer dans le groupe G avec la Belgique, l\u2019\u00c9gypte et la Nouvelle-Z\u00e9lande, avec des matches programm\u00e9s aux \u00c9tats-Unis.<\/p>\n<\/p><\/div>\n<p><script async src=\"\/\/platform.twitter.com\/widgets.js\" charset=\"utf-8\"><\/script><br \/><a href=\"https:\/\/www.ladepeche.fr\/2026\/03\/11\/depuis-que-ce-gouvernement-corrompu-a-assassine-notre-dirigeant-liran-refuse-de-disputer-la-coupe-du-monde-2026-organisee-aux-etats-unis-13266683.php\">source<\/a><\/p>\n","protected":false},"excerpt":{"rendered":"<p>l&#8217;essentiel Malgr\u00e9 l\u2019invitation de Donald Trump, le ministre iranien des Sports Ahmad Donyamali annonce que son pays ne participera pas \u00e0 la Coupe du monde 2026 organis\u00e9e en Am\u00e9rique du Nord (\u00c9tats-Unis, le Canada et le Mexique). Au vu du contexte g\u00e9opolitique, la rupture entre les deux pays semble trop importante. Invitation refus\u00e9e. D\u2019apr\u00e8s le [&hellip;]<\/p>\n","protected":false},"author":1,"featured_media":124311,"comment_status":"open","ping_status":"open","sticky":false,"template":"","format":"standard","meta":{"_monsterinsights_skip_tracking":false,"_monsterinsights_sitenote_active":false,"_monsterinsights_sitenote_note":"","_monsterinsights_sitenote_category":0,"footnotes":""},"categories":[71],"tags":[],"coauthors":[77],"class_list":["post-124310","post","type-post","status-publish","format-standard","has-post-thumbnail","hentry","category-sport"],"aioseo_notices":[],"_links":{"self":[{"href":"https:\/\/pressactu.com\/index.php?rest_route=\/wp\/v2\/posts\/124310","targetHints":{"allow":["GET"]}}],"collection":[{"href":"https:\/\/pressactu.com\/index.php?rest_route=\/wp\/v2\/posts"}],"about":[{"href":"https:\/\/pressactu.com\/index.php?rest_route=\/wp\/v2\/types\/post"}],"author":[{"embeddable":true,"href":"https:\/\/pressactu.com\/index.php?rest_route=\/wp\/v2\/users\/1"}],"replies":[{"embeddable":true,"href":"https:\/\/pressactu.com\/index.php?rest_route=%2Fwp%2Fv2%2Fcomments&post=124310"}],"version-history":[{"count":0,"href":"https:\/\/pressactu.com\/index.php?rest_route=\/wp\/v2\/posts\/124310\/revisions"}],"wp:featuredmedia":[{"embeddable":true,"href":"https:\/\/pressactu.com\/index.php?rest_route=\/wp\/v2\/media\/124311"}],"wp:attachment":[{"href":"https:\/\/pressactu.com\/index.php?rest_route=%2Fwp%2Fv2%2Fmedia&parent=124310"}],"wp:term":[{"taxonomy":"category","embeddable":true,"href":"https:\/\/pressactu.com\/index.php?rest_route=%2Fwp%2Fv2%2Fcategories&post=124310"},{"taxonomy":"post_tag","embeddable":true,"href":"https:\/\/pressactu.com\/index.php?rest_route=%2Fwp%2Fv2%2Ftags&post=124310"},{"taxonomy":"author","embeddable":true,"href":"https:\/\/pressactu.com\/index.php?rest_route=%2Fwp%2Fv2%2Fcoauthors&post=124310"}],"curies":[{"name":"wp","href":"https:\/\/api.w.org\/{rel}","templated":true}]}}