{"id":124308,"date":"2026-03-12T01:23:26","date_gmt":"2026-03-12T01:23:26","guid":{"rendered":"https:\/\/pressactu.com\/?p=124308"},"modified":"2026-03-12T01:23:26","modified_gmt":"2026-03-12T01:23:26","slug":"decryptage-guerre-en-iran-une-frappe-bombarde-une-ecole-de-filles-et-fait-168-morts-la-piste-dune-terrible-bavure-americaine-causee-par-lia","status":"publish","type":"post","link":"https:\/\/pressactu.com\/?p=124308","title":{"rendered":"DECRYPTAGE. Guerre en Iran\u00a0: une frappe bombarde une \u00e9cole de filles et fait 168 morts, la piste d\u2019une terrible bavure am\u00e9ricaine caus\u00e9e par l\u2019IA"},"content":{"rendered":"<p>\n                                                                    <span class=\"article-full__chapo-label hide-on-small-only\">l&#8217;essentiel<\/span><br \/>\n                                                                Douze jours apr\u00e8s le bombardement d\u2019une \u00e9cole de Minab en Iran, les indices pointent les Etats-Unis. Des missiles Tomahawk am\u00e9ricains auraient \u00e9t\u00e9 tir\u00e9s sur l\u2019\u00e9tablissement, sur conseil de l\u2019intelligence artificielle (IA), qui s\u2019appuyait sur des archives obsol\u00e8tes.\n                            <\/p>\n<div rel=\"js-article-content\">\n                                                                                                                                                            <!-- Pub DFP Position [outstream] --><\/p>\n<p>L\u2019intelligence artificielle est-elle responsable de la mort d\u2019une centaine d\u2019enfants dans le sud de l\u2019Iran\u00a0? Dix jours apr\u00e8s le bombardement d\u2019une \u00e9cole de filles \u00e0 Minab, o\u00f9 au moins 168 \u00e9l\u00e8ves ont p\u00e9ri, plusieurs voix r\u00e9clament une enqu\u00eate ind\u00e9pendante sur l\u2019origine de l\u2019attaque.<\/p>\n<p><!-- Pub DFP Position [article] --><\/p>\n<p>Le 7\u00a0mars dernier, Donald Trump avait accus\u00e9 l\u2019arm\u00e9e iranienne. Deux jours plus tard, le pr\u00e9sident am\u00e9ricain avait finalement conc\u00e9d\u00e9, \u00e0 la suite d\u2019une vid\u00e9o r\u00e9v\u00e9lant que le missile \u00e9tait de fabrication am\u00e9ricaine, qu\u2019une enqu\u00eate serait ouverte en interne pour faire la lumi\u00e8re sur l\u2019attaque.<\/p>\n<p>&#8220;Les \u00c9tats-Unis sont le seul participant \u00e0 la guerre connu pour poss\u00e9der des missiles Tomahawk&#8221;, stipulait le m\u00e9dia d\u2019investigation <em>Bellingcat<\/em>. Une information confirm\u00e9e par le <a href=\"https:\/\/www.nytimes.com\/2026\/03\/08\/world\/middleeast\/iran-minab-school-strike.html\" target=\"_self\"><em>New York Times<\/em><\/a>, qui pr\u00e9cise que l\u2019\u00e9cole se trouvait \u00e0 proximit\u00e9 d\u2019un site li\u00e9 aux Gardiens de la R\u00e9volution. Un \u00e9l\u00e9ment qui pourrait avoir jou\u00e9 un r\u00f4le dans l\u2019identification de la cible des bombardements.<\/p>\n<p class=\"std-elt__inline\">\n        <strong>\u00c0 lire aussi :<\/strong><br \/>\n        <a href=\"\/2026\/03\/11\/direct-guerre-en-iran-nouvelles-frappes-disrael-sur-beyrouth-au-liban-des-explosions-entendues-a-doha-au-qatar-13264607.php\">REPLAY. Guerre en Iran\u00a0: Isra\u00ebl m\u00e8ne une s\u00e9rie de frappes &#8220;\u00e0 grande \u00e9chelle&#8221; sur Beyrouth apr\u00e8s que le Hezbollah a vis\u00e9 le nord d\u2019Isra\u00ebl<\/a>\n    <\/p>\n<h2 class=\"txt-int\">Une bavure li\u00e9e \u00e0 l\u2019intelligence artificielle\u00a0?<\/h2>\n<p>Au-del\u00e0 de la question de l\u2019auteur de la frappe, certains experts \u00e9voquent d\u00e9sormais une bavure li\u00e9e \u00e0 l\u2019intelligence artificielle (IA). L\u2019arm\u00e9e am\u00e9ricaine, comme d\u2019autres dans le monde, utilise l\u2019IA pour analyser d\u2019immenses volumes de donn\u00e9es afin de proposer des cibles potentielles aux op\u00e9rateurs humains. Mais ces syst\u00e8mes peuvent aussi commettre des erreurs d\u2019interpr\u00e9tation, notamment lorsqu\u2019une infrastructure civile se trouve \u00e0 proximit\u00e9 d\u2019un objectif militaire.<\/p>\n<p>Dans le cas de l\u2019\u00e9cole de Minab, une source anonyme au sein du d\u00e9partement am\u00e9ricain de la Justice livre au <a href=\"https:\/\/www.wsj.com\/world\/middle-east\/trump-advisers-urge-him-to-find-iran-exit-ramp-fearing-political-backlash-562fef1e\" target=\"_self\"><em>Wall Street Journal<\/em><\/a> une hypoth\u00e8se plus sombre encore. Selon elle, le programme d\u2019IA utilis\u00e9 par les forces am\u00e9ricaines pourrait s\u2019\u00eatre appuy\u00e9 sur des archives g\u00e9ographiques trop anciennes, remontant \u00e0 une \u00e9poque o\u00f9 le b\u00e2timent n\u2019abritait non pas une \u00e9cole mais des installations militaires iraniennes. Si cette bavure \u00e9tait prouv\u00e9e, le manquement d\u2019une validation humaine dans la cha\u00eene de commandement poserait question. Comment se fait-il qu\u2019une IA \u00e9mette des ordres sans une quelconque intervention humaine\u00a0? De nombreux experts avaient d\u00e9j\u00e0 alert\u00e9 sur l\u2019\u00e9rosion du contr\u00f4le exerc\u00e9 sur la force militaire depuis les bombardements isra\u00e9liens sur Gaza.<\/p>\n<p class=\"std-elt__inline\">\n        <strong>\u00c0 lire aussi :<\/strong><br \/>\n        <a href=\"\/2026\/03\/07\/elles-sont-sous-les-bombes-de-liran-a-lukraine-quand-la-guerre-et-lautoritarisme-menacent-les-femmes-dans-le-monde-13256979.php\">&#8220;Elles sont sous les bombes&#8221;\u00a0: de l\u2019Iran \u00e0 l\u2019Ukraine, quand la guerre et l\u2019autoritarisme menacent les femmes dans le monde<\/a>\n    <\/p>\n<p>Selon Meron Rapoport, du m\u00e9dia isra\u00e9lien <em>Local Call<\/em>, la phase de v\u00e9rification humaine des cibles se r\u00e9v\u00e8le extr\u00eamement courte, parfois de l\u2019ordre d\u2019une vingtaine de secondes.<\/p>\n<h2 class=\"txt-int\">La CPI limit\u00e9e, l\u2019ONU embarrass\u00e9e<\/h2>\n<p>Human Rights Watch a r\u00e9clam\u00e9 qu\u2019une enqu\u00eate pour crime de guerre soit ouverte et que soit poursuivie &#8220;en justice toute personne coupable&#8221; de ces crimes. La frappe constitue, <em>a priori<\/em>, une violation grave du droit international humanitaire. Mais hormis l\u2019enqu\u00eate du Pentagone, l\u2019application du droit international reste limit\u00e9e dans ce type d\u2019affaire. La Cour p\u00e9nale internationale (CPI) pourrait th\u00e9oriquement poursuivre les responsables mais ni les \u00c9tats-Unis, ni l\u2019Iran, ni Isra\u00ebl ne reconnaissent sa comp\u00e9tence, tandis que l\u2019ONU peut surtout constater des violations sans disposer de v\u00e9ritables moyens pour sanctionner, en particulier face \u00e0 une grande puissance dot\u00e9e d\u2019un droit de veto.<\/p>\n<h2 class=\"txt-int\">Des fun\u00e9railles transmises par la t\u00e9l\u00e9vision d\u2019\u00c9tat<\/h2>\n<p>Au lendemain de l\u2019attaque, une centaine de tombes ont \u00e9t\u00e9 creus\u00e9es dans le cimeti\u00e8re de Minab. Les images des fun\u00e9railles des jeunes victimes, principalement des jeunes filles, ont \u00e9t\u00e9 diffus\u00e9es par la t\u00e9l\u00e9vision d\u2019\u00c9tat iranienne. Leurs petits cercueils, recouverts de drapeaux iraniens, ont \u00e9t\u00e9 transport\u00e9s d\u2019un camion \u00e0 travers une foule nombreuse jusqu\u2019au lieu de s\u00e9pulture.<\/p>\n<div class=\"center-align\" rel=\"js-article-inline-img\" data-protec-aida=\"image\">\n<figure class=\"std-img\" data-src=\"https:\/\/images.ladepeche.fr\/api\/v1\/images\/view\/69b165a3753cc6c21907c25e\/original\/image.jpg?v=1\">\n        <img decoding=\"async\" class=\"std-img__img responsive-img\" src=\"http:\/\/pressactu.com\/wp-content\/uploads\/2026\/03\/1773278605_384_image.jpg?v=1\" alt=\"Des personnes en deuil creusent des tombes lors des fun\u00e9railles d\u2019enfants tu\u00e9s dans un raid a\u00e9rien am\u00e9ricano-isra\u00e9lien sur une \u00e9cole primaire \u00e0 Minab, dans la province d\u2019Hormozgan, en Iran, le 3\u00a0mars 2026.\"\/><figcaption class=\"article-full__media-infos\">\n                <span class=\"article-full__media-legend\">Des personnes en deuil creusent des tombes lors des fun\u00e9railles d\u2019enfants tu\u00e9s dans un raid a\u00e9rien am\u00e9ricano-isra\u00e9lien sur une \u00e9cole primaire \u00e0 Minab, dans la province d\u2019Hormozgan, en Iran, le 3\u00a0mars 2026.<\/span><br \/>\n                                    <span class=\"article-full__media-author\">MAXPPP &#8211; Iranian Red Crescent<\/span><br \/>\n                            <\/figcaption><\/figure>\n<\/div>\n<p>Si l\u2019implication des \u00c9tats-Unis \u00e9tait confirm\u00e9e, cette frappe figurerait parmi les pires cas de victimes civiles recens\u00e9s depuis des d\u00e9cennies dans les conflits am\u00e9ricains au Moyen-Orient.<\/p>\n<\/p><\/div>\n<p><a href=\"https:\/\/www.ladepeche.fr\/2026\/03\/11\/decryptage-guerre-en-iran-une-frappe-bombarde-une-ecole-de-filles-et-fait-168-morts-la-piste-dune-terrible-bavure-americaine-causee-par-lia-13266322.php\">source<\/a><\/p>\n","protected":false},"excerpt":{"rendered":"<p>l&#8217;essentiel Douze jours apr\u00e8s le bombardement d\u2019une \u00e9cole de Minab en Iran, les indices pointent les Etats-Unis. Des missiles Tomahawk am\u00e9ricains auraient \u00e9t\u00e9 tir\u00e9s sur l\u2019\u00e9tablissement, sur conseil de l\u2019intelligence artificielle (IA), qui s\u2019appuyait sur des archives obsol\u00e8tes. L\u2019intelligence artificielle est-elle responsable de la mort d\u2019une centaine d\u2019enfants dans le sud de l\u2019Iran\u00a0? Dix jours [&hellip;]<\/p>\n","protected":false},"author":1,"featured_media":124309,"comment_status":"open","ping_status":"open","sticky":false,"template":"","format":"standard","meta":{"_monsterinsights_skip_tracking":false,"_monsterinsights_sitenote_active":false,"_monsterinsights_sitenote_note":"","_monsterinsights_sitenote_category":0,"footnotes":""},"categories":[74],"tags":[],"coauthors":[77],"class_list":["post-124308","post","type-post","status-publish","format-standard","has-post-thumbnail","hentry","category-economie"],"aioseo_notices":[],"_links":{"self":[{"href":"https:\/\/pressactu.com\/index.php?rest_route=\/wp\/v2\/posts\/124308","targetHints":{"allow":["GET"]}}],"collection":[{"href":"https:\/\/pressactu.com\/index.php?rest_route=\/wp\/v2\/posts"}],"about":[{"href":"https:\/\/pressactu.com\/index.php?rest_route=\/wp\/v2\/types\/post"}],"author":[{"embeddable":true,"href":"https:\/\/pressactu.com\/index.php?rest_route=\/wp\/v2\/users\/1"}],"replies":[{"embeddable":true,"href":"https:\/\/pressactu.com\/index.php?rest_route=%2Fwp%2Fv2%2Fcomments&post=124308"}],"version-history":[{"count":0,"href":"https:\/\/pressactu.com\/index.php?rest_route=\/wp\/v2\/posts\/124308\/revisions"}],"wp:featuredmedia":[{"embeddable":true,"href":"https:\/\/pressactu.com\/index.php?rest_route=\/wp\/v2\/media\/124309"}],"wp:attachment":[{"href":"https:\/\/pressactu.com\/index.php?rest_route=%2Fwp%2Fv2%2Fmedia&parent=124308"}],"wp:term":[{"taxonomy":"category","embeddable":true,"href":"https:\/\/pressactu.com\/index.php?rest_route=%2Fwp%2Fv2%2Fcategories&post=124308"},{"taxonomy":"post_tag","embeddable":true,"href":"https:\/\/pressactu.com\/index.php?rest_route=%2Fwp%2Fv2%2Ftags&post=124308"},{"taxonomy":"author","embeddable":true,"href":"https:\/\/pressactu.com\/index.php?rest_route=%2Fwp%2Fv2%2Fcoauthors&post=124308"}],"curies":[{"name":"wp","href":"https:\/\/api.w.org\/{rel}","templated":true}]}}