{"id":124303,"date":"2026-03-12T00:01:26","date_gmt":"2026-03-12T00:01:26","guid":{"rendered":"https:\/\/pressactu.com\/?p=124303"},"modified":"2026-03-12T00:01:26","modified_gmt":"2026-03-12T00:01:26","slug":"guerre-de-la-chocolatine-a-toulouse-le-duel-judiciaire-entre-la-coupe-et-le-championnat-sintensifie","status":"publish","type":"post","link":"https:\/\/pressactu.com\/?p=124303","title":{"rendered":"Guerre de la chocolatine \u00e0 Toulouse\u00a0: le duel judiciaire entre la &quot;Coupe&quot; et le &quot;Championnat&quot; s\u2019intensifie"},"content":{"rendered":"<p>\n                                                                    <span class=\"article-full__chapo-label hide-on-small-only\">l&#8217;essentiel<\/span><br \/>\n                                                                Accusations de vol, d\u00e9p\u00f4t de plainte, d\u00e9mentis formels de l\u2019autre et annulation d\u2019\u00e9v\u00e9nement\u00a0: le conflit entre la &#8220;Coupe&#8221; et le &#8220;Championnat&#8221; du monde de la chocolatine s\u2019envenime, \u00e0 Toulouse\n                            <\/p>\n<div rel=\"js-article-content\" data-state=\"fixed-height\" data-selection=\"disabled\">\n                                                                                                                                                            <!-- Pub DFP Position [outstream] --><\/p>\n<p>L\u2019Association &#8220;Coupe du Monde de la Chocolatine et du Pain au Chocolat&#8221;, cr\u00e9atrice du concours \u00e9ponyme depuis 2019, a engag\u00e9 une offensive judiciaire d\u2019envergure. En ligne de mire\u00a0: d\u2019anciens membres, dont son ex-secr\u00e9taire g\u00e9n\u00e9ral, accus\u00e9s d\u2019avoir tent\u00e9 de s\u2019emparer de l\u2019\u00e9v\u00e9nement en cr\u00e9ant une structure au nom quasi identique\u00a0: le &#8220;Championnat du Monde de la Chocolatine&#8221;, \u00e0 l\u2019automne dernier.<\/p>\n<p><!-- Pub DFP Position [article] --><\/p>\n<p>L\u2019histoire de ce concours prend racine en 2019 sous l\u2019impulsion de la &#8220;Ligue Fraternelle des Artisans&#8221;, pr\u00e9sid\u00e9e par G\u00e9raldine Laborde. En quelques \u00e9ditions, l\u2019\u00e9v\u00e9nement est devenu un rendez-vous international incontournable, f\u00e9d\u00e9rant des artisans de plus de vingt pays autour de l\u2019embl\u00e8me du patrimoine gascon. Mais en ao\u00fbt\u00a02025, des dissensions internes \u00e9clatent lors d\u2019une r\u00e9union pr\u00e9sid\u00e9e par la fondatrice, G\u00e9raldine Laborde. Selon l\u2019avocat de l\u2019association, Me David Nabet-Martin, une strat\u00e9gie de d\u00e9part se met alors en place\u00a0: &#8220;Certains \u00e9taient en train de monter une structure parall\u00e8le.&#8221;<\/p>\n<h2 class=\"txt-int\">&#8221; Repreneurs l\u00e9gitimes&#8221;<\/h2>\n<p>La man\u0153uvre d\u00e9nonc\u00e9e est aussi directe que brutale. En rempla\u00e7ant le mot &#8220;Coupe&#8221; par &#8220;Championnat&#8221;, les dissidents auraient siphonn\u00e9 les actifs de l\u2019association initiale\u00a0: fichiers contacts, mod\u00e8les de contrats, logos, et m\u00eame l\u2019acc\u00e8s \u00e0 la messagerie officielle. Plus grave encore, ils se seraient pr\u00e9sent\u00e9s aupr\u00e8s des partenaires, &#8220;comme le MEETT, en tant que&#8221;repreneurs&#8221; l\u00e9gitimes, arguant que Mme Laborde n\u2019\u00e9tait plus en capacit\u00e9 de g\u00e9rer l\u2019\u00e9v\u00e9nement.<\/p>\n<p>Face \u00e0 ce qu\u2019elle qualifie d'&#8221;escroquerie&#8221;, l\u2019association historique ne compte pas capituler. Une plainte a \u00e9t\u00e9 d\u00e9pos\u00e9e aupr\u00e8s du procureur de la R\u00e9publique de Toulouse pour abus de confiance, vol, escroquerie, faux et usurpation d\u2019identit\u00e9. Un signalement au pr\u00e9fet de la Haute-Garonne et une mise en demeure ont \u00e9galement \u00e9t\u00e9 adress\u00e9s.<\/p>\n<p>Si la comp\u00e9tition litigieuse pr\u00e9vue au MEETT est aujourd\u2019hui annul\u00e9e, le combat continue. G\u00e9raldine Laborde et son conseil pr\u00e9parent un &#8220;compl\u00e9ment de plainte&#8221; alors que &#8220;de nouveaux t\u00e9moignages de pressions exerc\u00e9es sur des candidats&#8221; font surface. L\u2019objectif est clair\u00a0: prot\u00e9ger six ans d\u2019investissement et d\u2019\u00e9thique artisanale.<\/p>\n<h2 class=\"txt-int\">&#8220;Instrumentalisation m\u00e9diatique&#8221;<\/h2>\n<p>En r\u00e9ponse \u00e0 ces accusations, le Championnat du Monde de la Chocolatine vient de publier\u00a0un\u00a0communiqu\u00e9, d\u00e9non\u00e7ant une &#8220;instrumentalisation m\u00e9diatique&#8221; ainsi que &#8220;le fait de donner une<br \/>Importance d\u00e9mesur\u00e9e \u00e0 un diff\u00e9rend&#8221;. Yann Bonneau, cofondateur historique aux c\u00f4t\u00e9s de G\u00e9raldine Laborde, r\u00e9fute cat\u00e9goriquement les griefs de vol, d\u2019escroquerie ou d\u2019abus de confiance. La d\u00e9fense s\u2019appuie sur une chronologie pr\u00e9cise\u00a0: si la premi\u00e8re \u00e9dition a eu lieu en 2019, l\u2019association de Mme Laborde n\u2019a \u00e9t\u00e9 officiellement d\u00e9clar\u00e9e qu\u2019en novembre\u00a02023, soit quatre ans apr\u00e8s le lancement du concept par le bin\u00f4me initial.<\/p>\n<p>Les dissidents soulignent que le d\u00e9p\u00f4t de la marque &#8220;Championnat du Monde&#8221; par la partie adverse n\u2019est intervenu qu\u2019en novembre\u00a02025, soit un mois apr\u00e8s la cr\u00e9ation de leur propre structure \u00e9ponyme, d\u00e9non\u00e7ant ainsi une tentative de r\u00e9cup\u00e9ration a posteriori. Ils affirment avoir agi en toute transparence d\u00e8s l\u2019\u00e9t\u00e9 2025 suite \u00e0 des d\u00e9saccords profonds sur la gestion interne. &#8220;Nous n\u2019avons jamais \u0153uvr\u00e9 dans la clandestinit\u00e9&#8221;, mart\u00e8lent-ils, pr\u00e9cisant qu\u2019ils n\u2019ont \u00e0 ce jour re\u00e7u aucune assignation ni convocation de police.<\/p>\n<p>Le communiqu\u00e9 insiste \u00e9galement sur le fait que l\u2019annulation de l\u2019\u00e9dition 2026 au MEETT rel\u00e8ve d\u2019une d\u00e9cision &#8220;de bonne foi&#8221; pour \u00e9viter de l\u00e9ser les partenaires, tout en regrettant que les revendications de Mme Laborde n\u2019aient pas \u00e9t\u00e9 formul\u00e9es plus t\u00f4t. Enfin, le collectif rappelle l\u2019absence totale d\u2019enjeux financiers pour ses membres, tous b\u00e9n\u00e9voles, et appelle \u00e0 laisser la justice &#8220;exercer son office\u00a0loin du tumulte m\u00e9diatique, afin de replacer l\u2019artisanat au c\u0153ur du d\u00e9bat&#8221;.<\/p>\n<\/p><\/div>\n<p><a href=\"https:\/\/www.ladepeche.fr\/2026\/03\/11\/guerre-de-la-chocolatine-a-toulouse-le-duel-judiciaire-entre-la-coupe-et-le-championnat-sintensifie-13267108.php\">source<\/a><\/p>\n","protected":false},"excerpt":{"rendered":"<p>l&#8217;essentiel Accusations de vol, d\u00e9p\u00f4t de plainte, d\u00e9mentis formels de l\u2019autre et annulation d\u2019\u00e9v\u00e9nement\u00a0: le conflit entre la &#8220;Coupe&#8221; et le &#8220;Championnat&#8221; du monde de la chocolatine s\u2019envenime, \u00e0 Toulouse L\u2019Association &#8220;Coupe du Monde de la Chocolatine et du Pain au Chocolat&#8221;, cr\u00e9atrice du concours \u00e9ponyme depuis 2019, a engag\u00e9 une offensive judiciaire d\u2019envergure. En [&hellip;]<\/p>\n","protected":false},"author":1,"featured_media":124304,"comment_status":"open","ping_status":"open","sticky":false,"template":"","format":"standard","meta":{"_monsterinsights_skip_tracking":false,"_monsterinsights_sitenote_active":false,"_monsterinsights_sitenote_note":"","_monsterinsights_sitenote_category":0,"footnotes":""},"categories":[1],"tags":[],"coauthors":[77],"class_list":["post-124303","post","type-post","status-publish","format-standard","has-post-thumbnail","hentry","category-a-la-une"],"aioseo_notices":[],"_links":{"self":[{"href":"https:\/\/pressactu.com\/index.php?rest_route=\/wp\/v2\/posts\/124303","targetHints":{"allow":["GET"]}}],"collection":[{"href":"https:\/\/pressactu.com\/index.php?rest_route=\/wp\/v2\/posts"}],"about":[{"href":"https:\/\/pressactu.com\/index.php?rest_route=\/wp\/v2\/types\/post"}],"author":[{"embeddable":true,"href":"https:\/\/pressactu.com\/index.php?rest_route=\/wp\/v2\/users\/1"}],"replies":[{"embeddable":true,"href":"https:\/\/pressactu.com\/index.php?rest_route=%2Fwp%2Fv2%2Fcomments&post=124303"}],"version-history":[{"count":0,"href":"https:\/\/pressactu.com\/index.php?rest_route=\/wp\/v2\/posts\/124303\/revisions"}],"wp:featuredmedia":[{"embeddable":true,"href":"https:\/\/pressactu.com\/index.php?rest_route=\/wp\/v2\/media\/124304"}],"wp:attachment":[{"href":"https:\/\/pressactu.com\/index.php?rest_route=%2Fwp%2Fv2%2Fmedia&parent=124303"}],"wp:term":[{"taxonomy":"category","embeddable":true,"href":"https:\/\/pressactu.com\/index.php?rest_route=%2Fwp%2Fv2%2Fcategories&post=124303"},{"taxonomy":"post_tag","embeddable":true,"href":"https:\/\/pressactu.com\/index.php?rest_route=%2Fwp%2Fv2%2Ftags&post=124303"},{"taxonomy":"author","embeddable":true,"href":"https:\/\/pressactu.com\/index.php?rest_route=%2Fwp%2Fv2%2Fcoauthors&post=124303"}],"curies":[{"name":"wp","href":"https:\/\/api.w.org\/{rel}","templated":true}]}}