{"id":124289,"date":"2026-03-11T21:38:26","date_gmt":"2026-03-11T21:38:26","guid":{"rendered":"https:\/\/pressactu.com\/?p=124289"},"modified":"2026-03-11T21:38:26","modified_gmt":"2026-03-11T21:38:26","slug":"guerre-au-moyen-orient-liran-multiplie-les-frappes-des-bateaux-poseurs-de-mines-iraniens-detruits-pres-du-detroit-dormuz-le-point-sur-la-situation","status":"publish","type":"post","link":"https:\/\/pressactu.com\/?p=124289","title":{"rendered":"Guerre au Moyen-Orient\u00a0: l\u2019Iran multiplie les frappes, des\u00a0bateaux poseurs de mines iraniens d\u00e9truits pr\u00e8s du d\u00e9troit d\u2019Ormuz\u2026 Le point sur la situation"},"content":{"rendered":"<div auto_robot_readability=\"126.71400422238\">\n                          <!-- partials\/article\/hook_media--standard.volt --><\/p>\n<figure class=\"hook-media--standard \" auto_robot_readability=\"-23.5\">\n    <picture class=\"hook-media_picture pb-8\"><source media=\"(max-width: 768px)\" srcset=\"https:\/\/focus.nouvelobs.com\/2026\/03\/11\/0\/312\/3376\/2251\/375\/250\/75\/0\/7038b85_upload-1-lnsc7fiffszc-sipa-sipausa31623721-000001.jpg 1x,https:\/\/focus.nouvelobs.com\/2026\/03\/11\/0\/312\/3376\/2251\/750\/500\/50\/0\/7038b85_upload-1-lnsc7fiffszc-sipa-sipausa31623721-000001.jpg 2x\" width=\"375\" height=\"250\"><img fetchpriority=\"high\" decoding=\"async\" class=\"mx-auto\" src=\"data:image\/svg+xml,%3Csvg%20xmlns%3D%27http%3A%2F%2Fwww.w3.org%2F2000%2Fsvg%27%20fill%3D%22%23e4e4e4%22%20viewBox%3D%270%200%20510%20340%27%20width%3D%22510%22%20height%3D%22340%22%3E%3Cpath%20d%3D%27M0%200h510v340H0z%27%2F%3E%3C%2Fsvg%3E\" srcset=\"https:\/\/focus.nouvelobs.com\/2026\/03\/11\/0\/312\/3376\/2251\/510\/340\/75\/0\/7038b85_upload-1-lnsc7fiffszc-sipa-sipausa31623721-000001.jpg 1x,https:\/\/focus.nouvelobs.com\/2026\/03\/11\/0\/312\/3376\/2251\/1020\/680\/50\/0\/7038b85_upload-1-lnsc7fiffszc-sipa-sipausa31623721-000001.jpg 2x\" loading=\"eager\" width=\"510\" height=\"340\" data-oncrawl-image-size=\"510x340\" alt=\"Des navires de l\u2019arm\u00e9e am\u00e9ricaine dans le d\u00e9troir d\u2019Ormuz, en ao\u00fbt 2023.\"\/>      <\/source><\/picture><figcaption class=\"hook-media_figcaption\" auto_robot_readability=\"-22\">\n<p class=\"latino-100m text-grey-600\">\n            Des navires de l\u2019arm\u00e9e am\u00e9ricaine dans le d\u00e9troir d\u2019Ormuz, en ao\u00fbt 2023.\u00a0<span class=\"text-grey-600 ms-4\">UPI\/NEWSCOM\/SIPA<\/span>        <\/p>\n<\/figcaption><\/figure>\n<p>            <!-- partials\/article\/actions\/toolbar --><\/p>\n<div class=\"article__share d-flex align-items-center py-24 border-bottom  mb-32\" style=\"--border-color:#D9D9D9;\">\n<div class=\"d-flex flex-wrap gap-16\" auto_robot_readability=\"5.4432989690722\">\n<p>          <!-- partials\/article\/actions\/gift.volt --><\/p>\n<p>          <!-- partials\/article\/actions\/comment.volt --><\/p>\n<p>  <button data-article-key=\"20260311.OBS113086\" aria-label=\"Lire\u00a0plus\u00a0tard\" data-section=\"Monde\" data-piano=\"Page_Article,Sous_date_publi,A_lire_plus_tard,1er_clic,action\" class=\"popover-trigger btn--tertiary btn--icon-only btn btn--small btn--secondary read-later\"><br \/>\n    <i class=\"icon  icon-read-after\" aria-hidden=\"true\"\/><br \/>\n          <span class=\"latino-300r mt-2 \"><br \/>\n        Lire\u00a0plus\u00a0tard      <\/span><br \/>\n      <\/button><\/p>\n<p><a aria-label=\"Nous suivre sur Google News\" href=\"https:\/\/news.google.com\/publications\/CAAqBwgKMJe4nQkw3dFs?hl=fr&amp;gl=FR&amp;ceid=FR%3Afr\" target=\"_blank\" data-piano=\"Page_Article,Sous_date_publi,Nous_suivre_sur_google_news,1er_clic,action\" class=\"btn btn--small btn--tertiary btn--icon-only\"><br \/>\n        <svg class=\"icon icon--google  \" style=\"--fill:#56668A\">\n              <use href=\"\/bucket\/resources\/web\/img\/e86dad2a9be111d0faac.svg#google\"\/><\/p>\n<p>  <\/svg><br \/>\n      <span class=\"latino-300r mt-2 \">Google Actualit\u00e9s<\/span><br \/>\n  <\/a><\/p>\n<p>          <!-- partials\/article\/actions\/hook_action--share.volt --><br \/>\n<button id=\"share\" aria-label=\"Partager\" class=\"popover-trigger btn btn--small btn--tertiary btn--icon-only\" data-piano=\"Page_Article,Sous_date_publi,Partager,1er_clic,action\"><br \/>\n        <svg class=\"icon icon--share-alt  \" style=\"--fill:var(--base-foreground-color,#171717)\">\n              <use href=\"\/bucket\/resources\/web\/img\/e86dad2a9be111d0faac.svg#share-alt\"\/><\/p>\n<p>  <\/svg><br \/>\n  <span class=\"latino-300r mt-2\">Partager<\/span><br \/>\n<\/button><\/p>\n<div id=\"popover-share\" data-url=\"https:\/\/www.nouvelobs.com\/monde\/20260311.OBS113086\/guerre-au-moyen-orient-l-iran-multiplie-les-frappes-des-bateaux-poseurs-de-mines-iraniens-detruits-pres-du-detroit-d-ormuz-le-point-sur-la-situation.html\" data-id=\"20260311.OBS113086\" data-popover-for=\"share\" class=\"popover p-32\" role=\"tooltip\" style=\"width: 375px\" auto_robot_readability=\"7\">\n<p>\n          <button onclick=\"setToFacebook();\" class=\"btn btn--large btn--secondary\" aria-label=\"Facebook\" piano-context-origin=\"Page_Article,Sous_date_publi,Partager,Facebook,action\"><br \/>\n              <svg class=\"icon icon--facebook  \" style=\"--fill:var(--base-foreground-color,#171717)\">\n              <use href=\"\/bucket\/resources\/web\/img\/e86dad2a9be111d0faac.svg#facebook\"\/><\/p>\n<p>  <\/svg><br \/>\n        <span class=\"latino-300r\">Facebook<\/span><br \/>\n      <\/button><br \/>\n      <button onclick=\"setToBsky();\" class=\"btn btn--large btn--secondary\" aria-label=\"Bluesky\" piano-context-origin=\"Page_Article,Sous_date_publi,Partager,Bluesky,action\"><br \/>\n              <svg class=\"icon icon--bluesky  \" style=\"--fill:var(--base-foreground-color,#171717)\">\n              <use href=\"\/bucket\/resources\/web\/img\/e86dad2a9be111d0faac.svg#bluesky\"\/><\/p>\n<p>  <\/svg><br \/>\n        <span class=\"latino-300r\">Bluesky<\/span><br \/>\n      <\/button><br \/>\n      <button id=\"mail-button\" onclick=\"setToMail(true)\" class=\"btn btn--large btn--secondary\" aria-label=\"Mail\" piano-context-origin=\"Page_Article,Sous_date_publi,Partager,Email,action\"><br \/>\n              <svg class=\"icon icon--mail  \" style=\"--fill:var(--base-foreground-color,#171717)\">\n              <use href=\"\/bucket\/resources\/web\/img\/e86dad2a9be111d0faac.svg#mail\"\/><\/p>\n<p>  <\/svg><br \/>\n        <span class=\"latino-300r\">E-mail<\/span><br \/>\n      <\/button><br \/>\n      <button onclick=\"setToClipboard();\" class=\"copy-button btn btn--large btn--secondary\" aria-label=\"copier le lien\" piano-context-origin=\"Page_Article,Sous_date_publi,Partager,Copier_lien,action\"><br \/>\n              <svg class=\"icon icon--link  \" style=\"--fill:var(--base-foreground-color,#171717)\">\n              <use href=\"\/bucket\/resources\/web\/img\/e86dad2a9be111d0faac.svg#link\"\/><\/p>\n<p>  <\/svg><br \/>\n        <span class=\"latino-300r\">Copier le lien<\/span><br \/>\n      <\/button>\n      <\/p>\n<p>\n    <button id=\"share-mail-submit\" type=\"submit\" form=\"mail-form\" onclick=\"__forecast.collectShareMail()\" class=\"latino-300r btn btn--large btn--black btn--fit\"><br \/>\n      Envoyer<br \/>\n    <\/button>\n  <\/p>\n<\/div>\n<p>          <!-- app\/web\/views\/partials\/article\/actions\/subscribe.volt --><\/p>\n<p>            <span data-urlencode=\"L2Fib25uZW1lbnQtbXVuaWNpcGFsZXMtMjAyNg==\" data-piano=\"Page_Article,Sous_date_publi,S_abonner_Municipales2026,1er_clic,action\" data-batch=\"clic_s_abonner\" class=\"btn btn--small btn--conversion-secondary\" style=\"--btn-color:#FFF;--btn-color-hover:#FFF;--btn-bg:#522DF7;--btn-bg-hover:#522DF7;--btn-bg-focus:#522DF7;--btn-border-color:#522DF7;\"><br \/>\n      S\u2019abonner    <\/span><\/p><\/div>\n<\/div>\n<p>            <!-- partials\/article\/contextual_blocks.volt --><\/p>\n<p>    <!-- partials\/article\/node.volt --><br \/>\n<!-- partials\/article\/node_text.volt --><\/p>\n<p class=\"node__paragraphe antonia-750r text-grey-800 pb-24 pb-md-32\">\nL\u2019Iran r\u00e9plique, encore et encore. Alors que le pr\u00e9sident am\u00e9ricain <a href=\"https:\/\/www.nouvelobs.com\/monde\/20260310.OBS113053\/trump-promet-que-la-guerre-au-moyen-orient-sera-bientot-terminee-teheran-pret-a-se-battre-aussi-longtemps-que-necessaire.html\">Donald Trump affirmait lundi que <em>\u00ab<\/em>\u00a0<em>la guerre<\/em> [allait] <em>se terminer bient\u00f4t\u00a0\u00bb<\/em><\/a>, la R\u00e9publique islamique a revendiqu\u00e9 la vague de frappes <em>\u00ab\u00a0la plus violente et la plus lourde depuis le d\u00e9but de la guerre\u00a0\u00bb<\/em> ce mercredi 11\u00a0mars, au douzi\u00e8me jour du conflit.<\/p>\n<p>            <!-- partials\/article\/node.volt --><br \/>\n<!-- partials\/article\/node_text.volt --><\/p>\n<h2 class=\"node__heading latino-800m latino-lg-1400e text-grey-800 pb-8 pb-md-16\">\n\u2022 Offensive iranienne de grande ampleur<\/h2>\n<p>      <!-- partials\/article\/node.volt --><br \/>\n<!-- partials\/article\/node_text.volt --><\/p>\n<p class=\"node__paragraphe antonia-750r text-grey-800 pb-24 pb-md-32\">\nL\u2019Iran a men\u00e9 une offensive de grande ampleur dans la nuit de mardi \u00e0 mercredi. Son arm\u00e9e id\u00e9ologique, <a href=\"https:\/\/www.nouvelobs.com\/monde\/20260129.OBS111945\/iran-qui-sont-les-gardiens-de-la-revolution-bras-arme-du-regime-accuse-d-orchestrer-une-repression-sanglante.html\">les gardiens de la r\u00e9volution<\/a>, a revendiqu\u00e9 la vague de frappes \u00ab\u00a0<em>la plus violente et la plus lourde depuis le d\u00e9but de la guerre<\/em>\u00a0\u00bb \u00e0 travers la r\u00e9gion. Elle vise notamment des cibles am\u00e9ricaines et isra\u00e9liennes, selon la t\u00e9l\u00e9vision d\u2019Etat Irib. Les gardiens de la r\u00e9volution ont \u00e9galement affirm\u00e9 avoir attaqu\u00e9 la base am\u00e9ricaine d\u2019Arifjan, au Kowe\u00eft, selon les agences de presse iraniennes Mehr et Fars.<\/p>\n<p>      <!-- partials\/article\/node.volt --><br \/>\n<!-- partials\/article\/node_text.volt --><\/p>\n<p class=\"node__paragraphe antonia-750r text-grey-800 pb-24 pb-md-32\">\nL\u2019Arabie saoudite a notamment indiqu\u00e9 avoir neutralis\u00e9 plusieurs missiles ciblant la base a\u00e9rienne Prince Sultan qui abrite des militaires am\u00e9ricains pr\u00e8s de Ryad.<\/p>\n<p>      <!-- partials\/article\/node.volt --><br \/>\n<!-- partials\/article\/node_text.volt --><\/p>\n<p class=\"node__paragraphe antonia-750r text-grey-800 pb-24 pb-md-32\">\nDeux drones sont tomb\u00e9s pr\u00e8s de l\u2019a\u00e9roport de Duba\u00ef mercredi, blessant quatre personnes, mais le trafic n\u2019a pas \u00e9t\u00e9 affect\u00e9, ont annonc\u00e9 les autorit\u00e9s de l\u2019\u00e9mirat du Golfe dans un communiqu\u00e9.<\/p>\n<p>      <!-- partials\/article\/node.volt --><br \/>\n<!-- partials\/article\/node_text.volt --><\/p>\n<p class=\"node__paragraphe antonia-750r text-grey-800 pb-24 pb-md-32\">\nL\u2019ambassade am\u00e9ricaine \u00e0 Bagdad a mis en garde mercredi contre de possibles attaques conduites par l\u2019Iran ou ses alli\u00e9s contre \u00ab\u00a0<em>des infrastructures p\u00e9troli\u00e8res et \u00e9nerg\u00e9tiques appartenant aux \u00c9tats-Unis en Irak\u00a0\u00bb. <\/em><\/p>\n<p>            <!-- partials\/article\/node.volt --><br \/>\n<!-- partials\/article\/node_media.volt --><\/p>\n<p>      <!-- partials\/article\/node.volt --><br \/>\n<!-- partials\/article\/node_text.volt --><\/p>\n<h2 class=\"node__heading latino-800m latino-lg-1400e text-grey-800 pb-8 pb-md-16\">\n\u2022 Le p\u00e9trole pris pour cible<\/h2>\n<p>      <!-- partials\/article\/node.volt --><br \/>\n<!-- partials\/article\/node_text.volt --><\/p>\n<p class=\"node__paragraphe antonia-750r text-grey-800 pb-24 pb-md-32\">\nL\u2019Arabie saoudite a abattu des drones visant l\u2019important champ p\u00e9trolier de Shaybah. Situ\u00e9 pr\u00e8s de la fronti\u00e8re des Emirats arabes unis et crucial pour la production p\u00e9troli\u00e8re saoudienne, ce champ p\u00e9trolier exploit\u00e9 par Aramco, premier exportateur de brut au monde, a d\u00e9j\u00e0 \u00e9t\u00e9 vis\u00e9 \u00e0 plusieurs reprises par l\u2019Iran depuis le d\u00e9but de la guerre lanc\u00e9e le 28\u00a0f\u00e9vrier par les Etats-Unis et Isra\u00ebl.<\/p>\n<p>      <!-- partials\/article\/node.volt --><br \/>\n<!-- partials\/article\/node_text.volt --><\/p>\n<p class=\"node__paragraphe antonia-750r text-grey-800 pb-24 pb-md-32\">\nUn porte-conteneurs a \u00e9t\u00e9 endommag\u00e9 par un \u00ab\u00a0<em>projectile inconnu<\/em>\u00a0\u00bb au large des Emirats arabes unis, pr\u00e8s du <a href=\"https:\/\/www.nouvelobs.com\/monde\/20260303.OBS112843\/guerre-en-iran-pourquoi-le-detroit-d-ormuz-est-l-une-des-dernieres-cartes-strategiques-de-teheran.html\">d\u00e9troit d\u2019Ormuz<\/a>, a annonc\u00e9 mercredi l\u2019agence de s\u00e9curit\u00e9 maritime britannique (UKMTO). L\u2019incident s\u2019est produit \u00e0 25\u00a0miles nautiques (46\u00a0kilom\u00e8tres) au nord-ouest des Emirats, tout pr\u00e8s du d\u00e9troit d\u2019Ormuz. Il n\u2019a pas fait de victime et l\u2019\u00e9quipage est en s\u00e9curit\u00e9, a ajout\u00e9 l\u2019agence, pr\u00e9cisant que l\u2019\u00e9tendue des d\u00e9g\u00e2ts \u00e9tait en train d\u2019\u00eatre \u00e9valu\u00e9e. Plusieurs navires ont \u00e9galement \u00e9t\u00e9 touch\u00e9s par un <em>\u00ab\u00a0projectile inconnu\u00a0\u00bb<\/em> au large des Emirats arabes unis et d\u2019Oman a indiqu\u00e9 UKMTO.<\/p>\n<p>      <!-- partials\/article\/node.volt --><br \/>\n<!-- partials\/article\/node_media.volt --><\/p>\n<p>      <!-- partials\/article\/node.volt --><br \/>\n<!-- partials\/article\/node_text.volt --><\/p>\n<p class=\"node__paragraphe antonia-750r text-grey-800 pb-24 pb-md-32\">\nDonald Trump a affirm\u00e9 mardi que l\u2019Iran s\u2019exposait \u00e0 des <em>\u00ab\u00a0cons\u00e9quences militaires <\/em>[\u2026]<em> sans pr\u00e9c\u00e9dent\u00a0\u00bb<\/em> en cas de d\u00e9p\u00f4t de mines dans le d\u00e9troit d\u2019Ormuz, de facto sous contr\u00f4le iranien. Peu apr\u00e8s, l\u2019arm\u00e9e am\u00e9ricaine a annonc\u00e9 avoir d\u00e9truit 16\u00a0bateaux poseurs de mines iraniens <em>\u00ab\u00a0pr\u00e8s du d\u00e9troit\u00a0\u00bb<\/em>. Un bilan qui s\u2019\u00e9l\u00e8ve d\u00e9sormais \u00e0 <em>\u00ab\u00a028\u00a0navires\u00a0\u00bb<\/em>, a assur\u00e9 mercredi le pr\u00e9sident am\u00e9ricain.<\/p>\n<p>      <!-- partials\/article\/node.volt --><br \/>\n<!-- partials\/article\/node_text.volt --><\/p>\n<p class=\"node__paragraphe antonia-750r text-grey-800 pb-24 pb-md-32\">\nLes gardiens de la r\u00e9volution ont d\u00e9clar\u00e9 avoir pris le \u00ab\u00a0<em>contr\u00f4le total<\/em>\u00a0\u00bb du d\u00e9troit d\u2019Ormuz et ciblent les infrastructures \u00e9nerg\u00e9tiques. Une attaque de drone iranienne a provoqu\u00e9 mardi la fermeture de la raffinerie de Ruwais, aux Emirats arabes unis, l\u2019une des plus grandes au monde.<\/p>\n<p>      <!-- partials\/article\/node.volt --><br \/>\n<!-- partials\/article\/node_text.volt --><\/p>\n<p class=\"node__paragraphe antonia-750r text-grey-800 pb-24 pb-md-32\">\nLe Conseil de s\u00e9curit\u00e9 de l\u2019ONU a par ailleurs adopt\u00e9 mercredi une r\u00e9solution r\u00e9clamant la <em>\u00ab\u00a0cessation imm\u00e9diate\u00a0\u00bb<\/em> des attaques de l\u2019Iran contre les Etats du Golfe et la Jordanie. Le texte de la r\u00e9solution condamne en outre <em>\u00ab\u00a0toute action ou menace\u00a0\u00bb<\/em> de l\u2019Iran <em>\u00ab\u00a0visant \u00e0 fermer, entraver ou interf\u00e9rer de quelque mani\u00e8re que ce soit avec la navigation internationale dans le d\u00e9troit d\u2019Ormuz\u00a0\u00bb<\/em>. Le texte soumis au vote du Conseil de s\u00e9curit\u00e9 \u00e9tait port\u00e9 par Bahre\u00efn avec les autres membres du Conseil de coop\u00e9ration du Golfe (Arabie Saoudite, Emirats arabes unis, Kowe\u00eft, Oman et Qatar) ainsi que la Jordanie.<\/p>\n<p>            <!-- partials\/article\/node.volt --><br \/>\n<!-- partials\/article\/node_media.volt --><\/p>\n<p>      <!-- partials\/article\/node.volt --><br \/>\n<!-- partials\/article\/node_text.volt --><\/p>\n<h2 class=\"node__heading latino-800m latino-lg-1400e text-grey-800 pb-8 pb-md-16\">\n\u2022 Beyrouth \u00e0 nouveau frapp\u00e9e<\/h2>\n<p>      <!-- partials\/article\/node.volt --><br \/>\n<!-- partials\/article\/node_text.volt --><\/p>\n<p class=\"node__paragraphe antonia-750r text-grey-800 pb-24 pb-md-32\">\nIsra\u00ebl a men\u00e9 par ailleurs <a href=\"https:\/\/www.nouvelobs.com\/monde\/20260309.OBS113026\/guerre-au-moyen-orient-beyrouth-bombarde-et-affrontements-a-l-est-le-point-sur-la-situation-au-liban.html\">de nouvelles frappes sur Beyrouth et sa banlieue sud<\/a>, bastion du Hezbollah pro-iranien. L\u2019arm\u00e9e isra\u00e9lienne a vis\u00e9 t\u00f4t mercredi un quartier dens\u00e9ment peupl\u00e9 du c\u0153ur de la capitale libanaise, pour la deuxi\u00e8me fois depuis dimanche. La frappe a touch\u00e9 un immeuble du quartier d\u2019A\u00efcha Bakkar, selon l\u2019agence de presse officielle Ani qui rapporte un <em>\u00ab\u00a0raid violent\u00a0\u00bb<\/em> sur la banlieue sud de Beyrouth, r\u00e9guli\u00e8rement vis\u00e9e depuis dix jours. Des images en direct d\u2019AFPTV ont montr\u00e9 des colonnes de fum\u00e9e s\u2019\u00e9levant des sites touch\u00e9s. L\u2019arm\u00e9e isra\u00e9lienne avait annonc\u00e9 plus t\u00f4t une vague de frappes sur la capitale libanaise, disant cibler <em>\u00ab\u00a0des infrastructures du Hezbollah\u00a0\u00bb<\/em>. Dans la soir\u00e9e de mercredi, l\u2019arm\u00e9e isra\u00e9lienne a annonc\u00e9 mener <em>\u00ab une s\u00e9rie de frappes \u00e0 grande \u00e9chelle contre des infrastructures du Hezbollah\u00a0\u00bb\u00a0<\/em>dans la banlieue sud de Beyrouth. Le Hezbollah, lui, dit avoir vis\u00e9 le nord d\u2019Isra\u00ebl avec <em>\u00ab\u00a0des dizaines de roquettes\u00a0\u00bb<\/em><\/p>\n<p>      <!-- partials\/article\/node.volt --><br \/>\n<!-- partials\/article\/node_text.volt --><\/p>\n<p class=\"node__paragraphe antonia-750r text-grey-800 pb-24 pb-md-32\">\nDepuis le 2\u00a0mars, pr\u00e8s de 500\u00a0personnes ont \u00e9t\u00e9 tu\u00e9es par les op\u00e9rations isra\u00e9liennes selon des chiffres officiels, et au moins 759\u00a0300\u00a0personnes d\u00e9plac\u00e9es, d\u2019apr\u00e8s les chiffres publi\u00e9s mardi par le gouvernement libanais.<\/p>\n<p>            <!-- partials\/article\/node.volt --><br \/>\n<!-- partials\/article\/node_media.volt --><\/p>\n<p>      <!-- partials\/article\/node.volt --><br \/>\n<!-- partials\/article\/node_text.volt --><\/p>\n<p class=\"node__paragraphe antonia-750r text-grey-800 pb-24 pb-md-32\">\nLa France s\u2019appr\u00eate \u00e0 tripler son soutien humanitaire au Liban, en y d\u00e9p\u00eachant jeudi 60\u00a0tonnes d\u2019aide pour les r\u00e9fugi\u00e9s quittant le sud du pays o\u00f9 Isra\u00ebl m\u00e8ne des op\u00e9rations militaires contre le Hezbollah pro-iranien. \u00ab\u00a0<em>Cette aide atteindra 60\u00a0tonnes d\u2019aide humanitaire \u00e0 destination des Libanais, avec des kits sanitaires, des kits d\u2019hygi\u00e8ne, des matelas, des lampes, mais aussi un poste sanitaire mobile<\/em>\u00a0\u00bb, a d\u00e9clar\u00e9 Jean-No\u00ebl Barrot, le ministre des Affaires \u00e9trang\u00e8res, sur TF1.<\/p>\n<div class=\"article__author pb-32\" auto_robot_readability=\"32\">\n    <!-- app\/web\/views\/partials\/article\/authors.volt --><\/p>\n<p class=\"authors latino-600m text-grey-800\">\n<p>  <span>Par\u00a0<\/span><br \/>\nService Actu\u00a0(avec AFP)<\/p>\n<\/p><\/div>\n<\/p><\/div>\n<p><a href=\"https:\/\/www.nouvelobs.com\/monde\/20260311.OBS113086\/guerre-au-moyen-orient-l-iran-multiplie-les-frappes-des-bateaux-poseurs-de-mines-iraniens-detruits-pres-du-detroit-d-ormuz-le-point-sur-la-situation.html\">source<\/a><\/p>\n","protected":false},"excerpt":{"rendered":"<p>Des navires de l\u2019arm\u00e9e am\u00e9ricaine dans le d\u00e9troir d\u2019Ormuz, en ao\u00fbt 2023.\u00a0UPI\/NEWSCOM\/SIPA Lire\u00a0plus\u00a0tard Google Actualit\u00e9s Partager Facebook Bluesky E-mail Copier le lien Envoyer S\u2019abonner L\u2019Iran r\u00e9plique, encore et encore. Alors que le pr\u00e9sident am\u00e9ricain Donald Trump affirmait lundi que \u00ab\u00a0la guerre [allait] se terminer bient\u00f4t\u00a0\u00bb, la R\u00e9publique islamique a revendiqu\u00e9 la vague de frappes \u00ab\u00a0la [&hellip;]<\/p>\n","protected":false},"author":1,"featured_media":124290,"comment_status":"open","ping_status":"open","sticky":false,"template":"","format":"standard","meta":{"_monsterinsights_skip_tracking":false,"_monsterinsights_sitenote_active":false,"_monsterinsights_sitenote_note":"","_monsterinsights_sitenote_category":0,"footnotes":""},"categories":[75],"tags":[],"coauthors":[77],"class_list":["post-124289","post","type-post","status-publish","format-standard","has-post-thumbnail","hentry","category-monde"],"aioseo_notices":[],"_links":{"self":[{"href":"https:\/\/pressactu.com\/index.php?rest_route=\/wp\/v2\/posts\/124289","targetHints":{"allow":["GET"]}}],"collection":[{"href":"https:\/\/pressactu.com\/index.php?rest_route=\/wp\/v2\/posts"}],"about":[{"href":"https:\/\/pressactu.com\/index.php?rest_route=\/wp\/v2\/types\/post"}],"author":[{"embeddable":true,"href":"https:\/\/pressactu.com\/index.php?rest_route=\/wp\/v2\/users\/1"}],"replies":[{"embeddable":true,"href":"https:\/\/pressactu.com\/index.php?rest_route=%2Fwp%2Fv2%2Fcomments&post=124289"}],"version-history":[{"count":0,"href":"https:\/\/pressactu.com\/index.php?rest_route=\/wp\/v2\/posts\/124289\/revisions"}],"wp:featuredmedia":[{"embeddable":true,"href":"https:\/\/pressactu.com\/index.php?rest_route=\/wp\/v2\/media\/124290"}],"wp:attachment":[{"href":"https:\/\/pressactu.com\/index.php?rest_route=%2Fwp%2Fv2%2Fmedia&parent=124289"}],"wp:term":[{"taxonomy":"category","embeddable":true,"href":"https:\/\/pressactu.com\/index.php?rest_route=%2Fwp%2Fv2%2Fcategories&post=124289"},{"taxonomy":"post_tag","embeddable":true,"href":"https:\/\/pressactu.com\/index.php?rest_route=%2Fwp%2Fv2%2Ftags&post=124289"},{"taxonomy":"author","embeddable":true,"href":"https:\/\/pressactu.com\/index.php?rest_route=%2Fwp%2Fv2%2Fcoauthors&post=124289"}],"curies":[{"name":"wp","href":"https:\/\/api.w.org\/{rel}","templated":true}]}}