{"id":124287,"date":"2026-03-11T20:41:26","date_gmt":"2026-03-11T20:41:26","guid":{"rendered":"https:\/\/pressactu.com\/?p=124287"},"modified":"2026-03-11T20:41:26","modified_gmt":"2026-03-11T20:41:26","slug":"francois-bayrou-lancien-premier-ministre-de-retour-devant-la-justice-apres-sa-relaxe-en-premiere-instance-dans-laffaire-des-assistants-parlementaires-du-modem","status":"publish","type":"post","link":"https:\/\/pressactu.com\/?p=124287","title":{"rendered":"Fran\u00e7ois\u202fBayrou\u00a0: l\u2019ancien Premier ministre de retour devant la justice apr\u00e8s sa relaxe en premi\u00e8re instance dans l\u2019affaire des assistants parlementaires du MoDem"},"content":{"rendered":"<p>\n                                                                    <span class=\"article-full__chapo-label hide-on-small-only\">l&#8217;essentiel<\/span><br \/>\n                                                                L\u2019affaire des assistants parlementaires europ\u00e9ens du MoDem revient devant la justice. Fran\u00e7ois Bayrou et douze autres pr\u00e9venus seront rejug\u00e9s en appel \u00e0 Paris \u00e0 partir de septembre, deux ans et demi apr\u00e8s la relaxe de l\u2019ancien Premier ministre.\n                            <\/p>\n<div rel=\"js-article-content\">\n                                                                                                                                                            <!-- Pub DFP Position [outstream] --><\/p>\n<p>L\u2019ancien Premier ministre de nouveau devant la justice. Fran\u00e7ois Bayrou sera jug\u00e9 du 9\u00a0septembre au 5\u00a0octobre en appel dans<a href=\"https:\/\/www.ladepeche.fr\/2023\/01\/31\/assistants-deurodeputes-modem-proces-requis-pour-treize-personnes-dont-francois-bayrou-10965163.php\" target=\"_self\"> l\u2019affaire des assistants parlementaires europ\u00e9ens du MoDem<\/a>, deux ans et demi<a href=\"https:\/\/www.ladepeche.fr\/2024\/02\/05\/proces-de-francois-bayrou-le-president-du-modem-relaxe-dans-laffaire-des-assistants-parlementaires-11745084.php\" target=\"_self\"> apr\u00e8s sa relaxe en premi\u00e8re instance<\/a>, a annonc\u00e9 ce mercredi 11\u00a0mars la cour d\u2019appel de Paris. L\u2019ancien locataire de Matignon\u00a0faisait partie des trois pr\u00e9venus relax\u00e9s en premi\u00e8re instance en f\u00e9vrier\u00a02024 dans ce dossier, tandis que dix autres avaient \u00e9t\u00e9 condamn\u00e9s.<\/p>\n<p><!-- Pub DFP Position [article] --><\/p>\n<p>Les pr\u00e9venus \u00e9taient poursuivis pour onze contrats d\u2019assistants parlementaires conclus entre\u00a02005 et\u00a02014, pour un total de 300\u00a0000\u00a0euros (dix contrats pour 250\u00a0000\u00a0euros ont finalement \u00e9t\u00e9 retenus en premi\u00e8re instance). Le tribunal correctionnel a consid\u00e9r\u00e9 qu\u2019il y avait bien eu d\u00e9tournement de fonds publics. Des assistants parlementaires auraient \u00e9t\u00e9 r\u00e9mun\u00e9r\u00e9s sur les fonds du Parlement europ\u00e9en pour effectuer des t\u00e2ches au profit des partis, mais &#8220;il ne ressort d\u2019aucune pi\u00e8ce&#8221; du dossier que Fran\u00e7ois\u00a0Bayrou avait demand\u00e9 aux cinq d\u00e9put\u00e9s europ\u00e9ens &#8220;d\u2019employer fictivement des assistants parlementaires&#8221;, estime le tribunal.<\/p>\n<h2 class=\"txt-int\">Des peines de 10 \u00e0 18 mois de prison avec sursis en premi\u00e8re instance<\/h2>\n<p>Au total, treize pr\u00e9venus, dont l\u2019UDF et le MoDem comme personnes morales, compara\u00eetront durant un mois sur l\u2019\u00eele de la Cit\u00e9 \u00e0 Paris. Tous les condamn\u00e9s ont fait eux-m\u00eames appel, et le parquet des trois relaxes. En premi\u00e8re instance, les cinq ex-d\u00e9put\u00e9s europ\u00e9ens poursuivis, dont Jean-Luc Bennahmias, ont tous \u00e9t\u00e9 reconnus coupables de d\u00e9tournement de fonds publics et condamn\u00e9s \u00e0 des peines de 10 \u00e0 18 mois de prison avec sursis et des amendes de 10\u00a0000\u00a0\u00e0 50\u00a0000 euros. Ils ont en outre \u00e9t\u00e9 condamn\u00e9s \u00e0 2 ans d\u2019in\u00e9ligibilit\u00e9 avec sursis.<\/p>\n<p>L\u2019ex-garde des Sceaux Michel Mercier, 76 ans, ex-tr\u00e9sorier du parti de l\u2019ancien Premier ministre, a \u00e9t\u00e9 condamn\u00e9 pour sa part \u00e0 18 mois de prison avec sursis, \u00e0 20\u00a0000\u00a0euros d\u2019amende et 2 ans d\u2019in\u00e9ligibilit\u00e9 avec sursis pour complicit\u00e9 de d\u00e9tournement de fonds publics. L\u2019UDF a \u00e9t\u00e9 condamn\u00e9 \u00e0 150\u00a0000\u00a0euros d\u2019amende dont 100\u00a0000\u00a0euros ferme et le MoDem \u00e0 350\u00a0000\u00a0euros dont 300\u00a0000 ferme.<\/p>\n<h2 class=\"txt-int\">Une relaxe &#8220;au b\u00e9n\u00e9fice du doute&#8221;<\/h2>\n<p>&#8220;Aucun \u00e9l\u00e9ment ne permet d\u2019affirmer que Fran\u00e7ois\u00a0Bayrou avait connaissance de la non-ex\u00e9cution des contrats d\u2019assistants parlementaires&#8221;, avait d\u00e9clar\u00e9 le pr\u00e9sident du tribunal lors du d\u00e9lib\u00e9r\u00e9.<br aria-hidden=\"true\"\/><br \/>\n&#8220;Il est tr\u00e8s probable&#8221; que les actes commis par trois des pr\u00e9venus l\u2019ont \u00e9t\u00e9 avec &#8220;l\u2019autorisation de Fran\u00e7ois\u00a0Bayrou&#8221;, avait-il temp\u00e9r\u00e9. Toutefois, &#8220;il n\u2019est pas rapport\u00e9 la preuve de cette autorisation&#8221;, avait indiqu\u00e9 le magistrat, avant de prononcer la relaxe du patron du MoDem, &#8220;au b\u00e9n\u00e9fice du doute&#8221;.<\/p>\n<p>&#8220;Pour moi, c\u2019est un cauchemar de sept ann\u00e9es qui vient de s\u2019achever par une d\u00e9cision sans contestation du tribunal&#8221;, avait d\u00e9clar\u00e9 Fran\u00e7ois Bayrou \u00e0 l\u2019issue du jugement. Entre les deux proc\u00e8s, le maire de Pau a \u00e9t\u00e9 Premier ministre d\u2019Emmanuel Macron de d\u00e9cembre\u00a02024 \u00e0 septembre\u00a02025.<\/p>\n<p class=\"std-elt__inline\">\n        <strong>\u00c0 lire aussi :<\/strong><br \/>\n        <a href=\"\/2025\/11\/20\/quelle-horreur-on-ne-donne-pas-la-parole-aux-femmes-francois-bayrou-se-moque-dune-elue-en-plein-conseil-municipal-13063772.php\">&#8220;Quelle horreur on ne donne pas la parole aux femmes&#8221;\u00a0: Fran\u00e7ois Bayrou se moque d\u2019une \u00e9lue en plein conseil municipal<\/a>\n    <\/p>\n<p>Ce dossier s\u2019inscrit dans une ann\u00e9e charg\u00e9e en grands proc\u00e8s \u00e0 la cour d\u2019appel de Paris. Apr\u00e8s l\u2019appel des assistants parlementaires europ\u00e9ens du Front national en janvier-f\u00e9vrier, le proc\u00e8s en appel du financement libyen de la campagne pr\u00e9sidentielle 2007 de Nicolas Sarkozy s\u2019ouvre lundi prochain et doit durer jusqu\u2019en juin.<\/p>\n<\/p><\/div>\n<p><a href=\"https:\/\/www.ladepeche.fr\/2026\/03\/11\/francois-bayrou-lancien-premier-ministre-de-retour-devant-la-justice-apres-sa-relaxe-en-premiere-instance-dans-laffaire-des-assistants-parlementaires-13267203.php\">source<\/a><\/p>\n","protected":false},"excerpt":{"rendered":"<p>l&#8217;essentiel L\u2019affaire des assistants parlementaires europ\u00e9ens du MoDem revient devant la justice. Fran\u00e7ois Bayrou et douze autres pr\u00e9venus seront rejug\u00e9s en appel \u00e0 Paris \u00e0 partir de septembre, deux ans et demi apr\u00e8s la relaxe de l\u2019ancien Premier ministre. L\u2019ancien Premier ministre de nouveau devant la justice. Fran\u00e7ois Bayrou sera jug\u00e9 du 9\u00a0septembre au 5\u00a0octobre [&hellip;]<\/p>\n","protected":false},"author":1,"featured_media":124288,"comment_status":"open","ping_status":"open","sticky":false,"template":"","format":"standard","meta":{"_monsterinsights_skip_tracking":false,"_monsterinsights_sitenote_active":false,"_monsterinsights_sitenote_note":"","_monsterinsights_sitenote_category":0,"footnotes":""},"categories":[1],"tags":[],"coauthors":[77],"class_list":["post-124287","post","type-post","status-publish","format-standard","has-post-thumbnail","hentry","category-a-la-une"],"aioseo_notices":[],"_links":{"self":[{"href":"https:\/\/pressactu.com\/index.php?rest_route=\/wp\/v2\/posts\/124287","targetHints":{"allow":["GET"]}}],"collection":[{"href":"https:\/\/pressactu.com\/index.php?rest_route=\/wp\/v2\/posts"}],"about":[{"href":"https:\/\/pressactu.com\/index.php?rest_route=\/wp\/v2\/types\/post"}],"author":[{"embeddable":true,"href":"https:\/\/pressactu.com\/index.php?rest_route=\/wp\/v2\/users\/1"}],"replies":[{"embeddable":true,"href":"https:\/\/pressactu.com\/index.php?rest_route=%2Fwp%2Fv2%2Fcomments&post=124287"}],"version-history":[{"count":0,"href":"https:\/\/pressactu.com\/index.php?rest_route=\/wp\/v2\/posts\/124287\/revisions"}],"wp:featuredmedia":[{"embeddable":true,"href":"https:\/\/pressactu.com\/index.php?rest_route=\/wp\/v2\/media\/124288"}],"wp:attachment":[{"href":"https:\/\/pressactu.com\/index.php?rest_route=%2Fwp%2Fv2%2Fmedia&parent=124287"}],"wp:term":[{"taxonomy":"category","embeddable":true,"href":"https:\/\/pressactu.com\/index.php?rest_route=%2Fwp%2Fv2%2Fcategories&post=124287"},{"taxonomy":"post_tag","embeddable":true,"href":"https:\/\/pressactu.com\/index.php?rest_route=%2Fwp%2Fv2%2Ftags&post=124287"},{"taxonomy":"author","embeddable":true,"href":"https:\/\/pressactu.com\/index.php?rest_route=%2Fwp%2Fv2%2Fcoauthors&post=124287"}],"curies":[{"name":"wp","href":"https:\/\/api.w.org\/{rel}","templated":true}]}}