{"id":124285,"date":"2026-03-11T20:24:25","date_gmt":"2026-03-11T20:24:25","guid":{"rendered":"https:\/\/pressactu.com\/?p=124285"},"modified":"2026-03-11T20:24:25","modified_gmt":"2026-03-11T20:24:25","slug":"psg-chelsea-a-quelle-heure-et-sur-quelle-chaine-suivre-lun-des-chocs-des-huitiemes-de-finale-aller-de-ligue-des-champions","status":"publish","type":"post","link":"https:\/\/pressactu.com\/?p=124285","title":{"rendered":"PSG-Chelsea\u00a0: \u00e0 quelle heure et sur quelle cha\u00eene suivre l\u2019un des chocs des huiti\u00e8mes de finale aller de Ligue des champions"},"content":{"rendered":"<p>\n                                                                    <span class=\"article-full__chapo-label hide-on-small-only\">l&#8217;essentiel<\/span><br \/>\n                                                                Le Paris Saint-Germain retrouve Chelsea au Parc des Princes pour son huiti\u00e8me de finale aller de Ligue des champions ce mercredi soir.\u00a0D\u00e9couvrez \u00e0 quelle heure et sur quelle cha\u00eene\u00a0suivre le nouveau d\u00e9fi qui attend les hommes de Luis Enrique.\n                            <\/p>\n<div rel=\"js-article-content\">\n                                                                                                                                                            <!-- Pub DFP Position [outstream] --><\/p>\n<p>Jour de vengeance pour le Paris Saint-Germain\u00a0? Le club de la capitale s\u2019appr\u00eate \u00e0 accueillir les Blues de Chelsea dans le cadre\u00a0des\u00a0huiti\u00e8mes de finale aller de Ligue des champions. La rencontre aura lieu au\u00a0Parcs des Princes, ce mercredi 11\u00a0mars.\u00a0La rencontre est diffus\u00e9e en direct sur Canal +\u00a0\u00e0 21h et sera comment\u00e9e par\u00a0Paul Tchoukriel et\u00a0l\u2019ancien Lyonnais Sidney Govou.<\/p>\n<p><!-- Pub DFP Position [article] --><\/p>\n<p>Les deux \u00e9quipes s\u2019\u00e9taient affront\u00e9es\u00a0en finale de la Coupe du monde des clubs de la FIFA 2025. <a href=\"https:\/\/www.ladepeche.fr\/2025\/07\/13\/direct-psg-chelsea-apres-le-titre-europeen-paris-vise-le-sacre-mondial-suivez-la-finale-de-coupe-du-monde-des-clubs-en-live-12823555.php\" target=\"_blank\">Un match qui s\u2019est sold\u00e9 sur une d\u00e9faite du PSG, 3 buts \u00e0 0<\/a>. Ce huiti\u00e8me de finale est l\u2019occasion pour les Parisiens de se venger et de se rassurer pour la suite de la comp\u00e9tition.<\/p>\n<p class=\"std-elt__inline\">\n        <strong>\u00c0 lire aussi :<\/strong><br \/>\n        <a href=\"\/2026\/02\/28\/risque-pour-la-coupe-du-monde-absence-en-ligue-des-champions-blesse-kylian-mbappe-voit-son-absence-prolongee-sa-fin-de-saison-menacee-13249174.php\">Risque pour la coupe du monde, absence en Ligue des champions\u2026 Bless\u00e9, Kylian Mbapp\u00e9 voit son absence prolong\u00e9e, sa fin de saison menac\u00e9e\u00a0?<\/a>\n    <\/p>\n<h2 class=\"txt-int\">La confiance r\u00e8gne\u00a0dans le vestiaire du PSG<\/h2>\n<p>En conf\u00e9rence de presse de veille de match, Luis Enrique se voulait\u00a0rassurant.\u00a0&#8220;Nous n\u2019avons aucun doute de notre niveau&#8221;, a assur\u00e9\u00a0l\u2019entra\u00eeneur espagnol ce mardi 10\u00a0mars. La s\u00e9r\u00e9nit\u00e9 semble \u00eatre la cl\u00e9 de ce match.\u00a0Alors que le PSG vit une saison jonch\u00e9e par les blessures, une course au titre plus difficile en Ligue 1 et un parcours europ\u00e9en en dent de scie, ce match est l\u2019occasion de\u00a0d\u00e9finitivement se rassurer.<\/p>\n<p class=\"std-elt__inline\">\n        <strong>\u00c0 lire aussi :<\/strong><br \/>\n        <a href=\"\/2026\/02\/27\/le-psg-aura-sa-revanche-face-a-chelsea-choc-real-madrid-manchester-city-le-tirage-complet-des-8e-de-finale-de-ligue-des-champions-13247486.php\">Le PSG aura sa revanche face \u00e0 Chelsea, choc Real Madrid-Manchester City\u2026 Le tirage complet des 8e de finale de Ligue des champions<\/a>\n    <\/p>\n<p>De son c\u00f4t\u00e9, Chelsea est irr\u00e9gulier. Les Anglais ne pointent qu\u2019\u00e0 la cinqui\u00e8me place de Premier League et ont\u00a0failli \u00eatre \u00e9limin\u00e9s en FA Cup face \u00e0 un club de deuxi\u00e8me division, le week-end dernier. En revanche, ils ont \u00e9t\u00e9 capables de r\u00e9aliser de belles performances, \u00e0 l\u2019image de la victoire 3-0 face au FC Barcelone, en Ligue des Champions, lors de la phase de poule. Les partenaires de D\u00e9sir\u00e9 Dou\u00e9 sont pr\u00e9venus.<\/p>\n<\/p><\/div>\n<p><a href=\"https:\/\/www.ladepeche.fr\/2026\/03\/11\/psg-chelsea-a-quelle-heure-et-sur-quelle-chaine-suivre-lun-des-chocs-des-huitiemes-de-finale-aller-de-ligue-des-champions-13264482.php\">source<\/a><\/p>\n","protected":false},"excerpt":{"rendered":"<p>l&#8217;essentiel Le Paris Saint-Germain retrouve Chelsea au Parc des Princes pour son huiti\u00e8me de finale aller de Ligue des champions ce mercredi soir.\u00a0D\u00e9couvrez \u00e0 quelle heure et sur quelle cha\u00eene\u00a0suivre le nouveau d\u00e9fi qui attend les hommes de Luis Enrique. Jour de vengeance pour le Paris Saint-Germain\u00a0? Le club de la capitale s\u2019appr\u00eate \u00e0 accueillir [&hellip;]<\/p>\n","protected":false},"author":1,"featured_media":124286,"comment_status":"open","ping_status":"open","sticky":false,"template":"","format":"standard","meta":{"_monsterinsights_skip_tracking":false,"_monsterinsights_sitenote_active":false,"_monsterinsights_sitenote_note":"","_monsterinsights_sitenote_category":0,"footnotes":""},"categories":[71],"tags":[],"coauthors":[77],"class_list":["post-124285","post","type-post","status-publish","format-standard","has-post-thumbnail","hentry","category-sport"],"aioseo_notices":[],"_links":{"self":[{"href":"https:\/\/pressactu.com\/index.php?rest_route=\/wp\/v2\/posts\/124285","targetHints":{"allow":["GET"]}}],"collection":[{"href":"https:\/\/pressactu.com\/index.php?rest_route=\/wp\/v2\/posts"}],"about":[{"href":"https:\/\/pressactu.com\/index.php?rest_route=\/wp\/v2\/types\/post"}],"author":[{"embeddable":true,"href":"https:\/\/pressactu.com\/index.php?rest_route=\/wp\/v2\/users\/1"}],"replies":[{"embeddable":true,"href":"https:\/\/pressactu.com\/index.php?rest_route=%2Fwp%2Fv2%2Fcomments&post=124285"}],"version-history":[{"count":0,"href":"https:\/\/pressactu.com\/index.php?rest_route=\/wp\/v2\/posts\/124285\/revisions"}],"wp:featuredmedia":[{"embeddable":true,"href":"https:\/\/pressactu.com\/index.php?rest_route=\/wp\/v2\/media\/124286"}],"wp:attachment":[{"href":"https:\/\/pressactu.com\/index.php?rest_route=%2Fwp%2Fv2%2Fmedia&parent=124285"}],"wp:term":[{"taxonomy":"category","embeddable":true,"href":"https:\/\/pressactu.com\/index.php?rest_route=%2Fwp%2Fv2%2Fcategories&post=124285"},{"taxonomy":"post_tag","embeddable":true,"href":"https:\/\/pressactu.com\/index.php?rest_route=%2Fwp%2Fv2%2Ftags&post=124285"},{"taxonomy":"author","embeddable":true,"href":"https:\/\/pressactu.com\/index.php?rest_route=%2Fwp%2Fv2%2Fcoauthors&post=124285"}],"curies":[{"name":"wp","href":"https:\/\/api.w.org\/{rel}","templated":true}]}}