{"id":124280,"date":"2026-03-11T19:00:27","date_gmt":"2026-03-11T19:00:27","guid":{"rendered":"https:\/\/pressactu.com\/?p=124280"},"modified":"2026-03-11T19:00:27","modified_gmt":"2026-03-11T19:00:27","slug":"guerre-en-iran-le-nouveau-guide-supreme-mojtaba-khamenei-serait-blesse-mais-sain-et-sauf-selon-les-autorites-iraniennes","status":"publish","type":"post","link":"https:\/\/pressactu.com\/?p=124280","title":{"rendered":"Guerre en Iran\u00a0: le nouveau Guide supr\u00eame, Mojtaba Khamenei, serait bless\u00e9 mais &quot;sain et sauf&quot;, selon les autorit\u00e9s iraniennes"},"content":{"rendered":"<p>\n                                                                    <span class=\"article-full__chapo-label hide-on-small-only\">l&#8217;essentiel<\/span><br \/>\n                                                                Le nouveau guide supr\u00eame iranien, Mojtaba Khamenei, aurait \u00e9t\u00e9 bless\u00e9 lors du raid ayant tu\u00e9 son p\u00e8re le 28\u00a0f\u00e9vrier. N\u2019ayant pas pris la parole publiquement depuis l\u2019attaque et sa nomination, son \u00e9tat de sant\u00e9 r\u00e9el demeure incertain.\n                            <\/p>\n<div rel=\"js-article-content\">\n                                                                                                                                                            <!-- Pub DFP Position [outstream] --><\/p>\n<p>On ne l\u2019a pas vu depuis sa nomination \u00e0 la t\u00eate de l\u2019Iran. Le nouveau guide supr\u00eame iranien<a href=\"https:\/\/www.ladepeche.fr\/2026\/03\/09\/portrait-guerre-en-iran-le-courant-le-plus-dur-impose-sa-ligne-mojtaba-khamenei-fils-du-defunt-dirigeant-qui-ressuscite-la-dynastie-en-devant-guide-13262043.php\" target=\"_self\"> Mojtaba Khamenei<\/a>, serait\u00a0&#8220;sain et sauf&#8221; malgr\u00e9 des blessures, a affirm\u00e9 ce mercredi 11\u00a0mars le fils du<a href=\"https:\/\/www.ladepeche.fr\/2026\/03\/01\/decryptage-frappes-en-iran-qui-va-diriger-la-republique-islamique-apres-la-mort-de-layatollah-ali-khamenei-13250456.php\" target=\"_self\"> pr\u00e9sident iranien <\/a>sur son compte Telegram. Il aurait \u00e9t\u00e9 bless\u00e9\u00a0aux jambes, aux bras et \u00e0 la main, selon l\u2019ambassadeur iranien \u00e0 Chypre qui a r\u00e9pondu aux questions du<a href=\"https:\/\/www.theguardian.com\/world\/2026\/mar\/11\/mojtaba-khamenei-was-hurt-in-strike-that-killed-his-father-irans-cyprus-ambassador-confirms\" target=\"_blank\"> <em>Guardian<\/em>.<\/a><\/p>\n<p><!-- Pub DFP Position [article] --><\/p>\n<p>&#8220;J\u2019ai entendu les informations disant que Mojtaba Khamenei avait \u00e9t\u00e9 bless\u00e9. J\u2019ai demand\u00e9 \u00e0 des amis qui ont des connections. Ils m\u2019ont dit que, gr\u00e2ce \u00e0 Dieu, il \u00e9tait sain et sauf&#8221;, a \u00e9crit Yousef Pezeshkian, qui est aussi conseiller du gouvernement. La t\u00e9l\u00e9vision d\u2019\u00c9tat iranienne a pr\u00e9sent\u00e9 Mojtaba Khamenei comme un &#8220;<em>v\u00e9t\u00e9ran bless\u00e9 de la guerre du Ramadan&#8221;<\/em>\u00a0sans donner de d\u00e9tails, en faisant r\u00e9f\u00e9rence au conflit qui a \u00e9clat\u00e9 pendant le mois sacr\u00e9 du je\u00fbne musulman.<\/p>\n<h2 class=\"txt-int\">Il serait &#8220;conscient et \u00e0 l\u2019abri dans un endroit hautement s\u00e9curis\u00e9&#8221;<\/h2>\n<p>Mojtaba Khamenei, 56 ans, aurait \u00e9t\u00e9 bless\u00e9 durant le raid qui a tu\u00e9 son p\u00e8re, <a href=\"https:\/\/www.ladepeche.fr\/2026\/03\/01\/frappes-en-iran-mort-dali-khamenei-confirmee-nouvelle-riposte-de-teheran-menaces-de-trump-les-dernieres-informations-de-la-nuit-13249709.php\" target=\"_self\">Ali\u00a0Khamenei<\/a>, au premier jour de <a href=\"https:\/\/www.ladepeche.fr\/2026\/02\/28\/frappes-en-iran-au-moins-85-morts-condamnations-que-sait-on-sur-lattaque-qui-a-ete-menee-contre-une-ecole-iranienne-de-filles-13249427.php\" target=\"_self\">l\u2019offensive isra\u00e9lo-am\u00e9ricaine le 28\u00a0f\u00e9vrier <\/a>contre l\u2019Iran, mais les d\u00e9tails sur la gravit\u00e9 de ses blessures ne sont pas connus et il n\u2019est pas apparu en public depuis. Sa m\u00e8re, son \u00e9pouse et l\u2019un de ses fils sont \u00e9galement morts dans l\u2019attaque.<\/p>\n<p class=\"std-elt__inline\">\n        <strong>\u00c0 lire aussi :<\/strong><br \/>\n        <a href=\"\/2026\/03\/10\/guerre-en-iran-la-fortune-cachee-du-nouveau-guide-supreme-iranien-motjaba-khamenei-estimee-a-au-moins-115-milliards-deuros-13262267.php\">Guerre en Iran\u00a0: la fortune cach\u00e9e du nouveau Guide Supr\u00eame iranien Motjaba Khamenei, estim\u00e9e \u00e0 au moins 115\u00a0milliards d\u2019euros<\/a>\n    <\/p>\n<p>\u00c9galement selon le <a href=\"https:\/\/www.nytimes.com\/2026\/03\/11\/world\/middleeast\/khamenei-iran-leader-injured.html\" target=\"_blank\"><em>New York Times<\/em><\/a>, qui cite ce mercredi trois responsables iraniens, il &#8220;a \u00e9t\u00e9 bless\u00e9 notamment aux jambes, mais est conscient et \u00e0 l\u2019abri dans un endroit hautement s\u00e9curis\u00e9 avec des possibilit\u00e9s de communication limit\u00e9es&#8221;. Le journal cite aussi deux responsables militaires isra\u00e9liens confirmant ces blessures, des informations que les renseignements isra\u00e9liens auraient obtenues avant qu\u2019il ne soit d\u00e9sign\u00e9 nouveau guide supr\u00eame dimanche.<\/p>\n<\/p><\/div>\n<p><a href=\"https:\/\/www.ladepeche.fr\/2026\/03\/11\/guerre-en-iran-le-nouveau-guide-supreme-mojtaba-khamenei-serait-blesse-mais-sain-et-sauf-selon-les-autorites-iraniennes-13267186.php\">source<\/a><\/p>\n","protected":false},"excerpt":{"rendered":"<p>l&#8217;essentiel Le nouveau guide supr\u00eame iranien, Mojtaba Khamenei, aurait \u00e9t\u00e9 bless\u00e9 lors du raid ayant tu\u00e9 son p\u00e8re le 28\u00a0f\u00e9vrier. N\u2019ayant pas pris la parole publiquement depuis l\u2019attaque et sa nomination, son \u00e9tat de sant\u00e9 r\u00e9el demeure incertain. On ne l\u2019a pas vu depuis sa nomination \u00e0 la t\u00eate de l\u2019Iran. Le nouveau guide supr\u00eame [&hellip;]<\/p>\n","protected":false},"author":1,"featured_media":124281,"comment_status":"open","ping_status":"open","sticky":false,"template":"","format":"standard","meta":{"_monsterinsights_skip_tracking":false,"_monsterinsights_sitenote_active":false,"_monsterinsights_sitenote_note":"","_monsterinsights_sitenote_category":0,"footnotes":""},"categories":[1],"tags":[],"coauthors":[77],"class_list":["post-124280","post","type-post","status-publish","format-standard","has-post-thumbnail","hentry","category-a-la-une"],"aioseo_notices":[],"_links":{"self":[{"href":"https:\/\/pressactu.com\/index.php?rest_route=\/wp\/v2\/posts\/124280","targetHints":{"allow":["GET"]}}],"collection":[{"href":"https:\/\/pressactu.com\/index.php?rest_route=\/wp\/v2\/posts"}],"about":[{"href":"https:\/\/pressactu.com\/index.php?rest_route=\/wp\/v2\/types\/post"}],"author":[{"embeddable":true,"href":"https:\/\/pressactu.com\/index.php?rest_route=\/wp\/v2\/users\/1"}],"replies":[{"embeddable":true,"href":"https:\/\/pressactu.com\/index.php?rest_route=%2Fwp%2Fv2%2Fcomments&post=124280"}],"version-history":[{"count":0,"href":"https:\/\/pressactu.com\/index.php?rest_route=\/wp\/v2\/posts\/124280\/revisions"}],"wp:featuredmedia":[{"embeddable":true,"href":"https:\/\/pressactu.com\/index.php?rest_route=\/wp\/v2\/media\/124281"}],"wp:attachment":[{"href":"https:\/\/pressactu.com\/index.php?rest_route=%2Fwp%2Fv2%2Fmedia&parent=124280"}],"wp:term":[{"taxonomy":"category","embeddable":true,"href":"https:\/\/pressactu.com\/index.php?rest_route=%2Fwp%2Fv2%2Fcategories&post=124280"},{"taxonomy":"post_tag","embeddable":true,"href":"https:\/\/pressactu.com\/index.php?rest_route=%2Fwp%2Fv2%2Ftags&post=124280"},{"taxonomy":"author","embeddable":true,"href":"https:\/\/pressactu.com\/index.php?rest_route=%2Fwp%2Fv2%2Fcoauthors&post=124280"}],"curies":[{"name":"wp","href":"https:\/\/api.w.org\/{rel}","templated":true}]}}