{"id":124278,"date":"2026-03-11T18:44:04","date_gmt":"2026-03-11T18:44:04","guid":{"rendered":"https:\/\/pressactu.com\/?p=124278"},"modified":"2026-03-11T18:44:04","modified_gmt":"2026-03-11T18:44:04","slug":"je-ne-veux-plus-jamais-le-revoir-un-joueur-vire-de-lequipe-premiere-apres-un-tacle-assassin-sur-un-adversaire","status":"publish","type":"post","link":"https:\/\/pressactu.com\/?p=124278","title":{"rendered":"&quot;Je ne veux plus jamais le revoir&quot;\u00a0: un joueur vir\u00e9 de l\u2019\u00e9quipe premi\u00e8re apr\u00e8s un tacle assassin sur un adversaire"},"content":{"rendered":"<p>\n                                                                    <span class=\"article-full__chapo-label hide-on-small-only\">l&#8217;essentiel<\/span><br \/>\n                                                                Un tacle violent en football amateur choque les Pays-Bas. En cinqui\u00e8me division, un joueur de vv Doetinchem a \u00e9t\u00e9 exclu apr\u00e8s une attaque a\u00e9rienne sur un adversaire, provoquant la col\u00e8re imm\u00e9diate de son entra\u00eeneur.\n                            <\/p>\n<div rel=\"js-article-content\">\n                                                                                                                                                            <!-- Pub DFP Position [outstream] --><\/p>\n<p>Certains raccrochent les crampons, lui a accroch\u00e9 les siens sur l\u2019un de ses adversaires avant d\u2019\u00eatre renvoy\u00e9 de l\u2019\u00e9quipe par son propre entra\u00eeneur. Ces derni\u00e8res heures, la presse n\u00e9erlandaise fait l\u2019\u00e9cho d\u2019une incroyable sc\u00e8ne film\u00e9e le week-end dernier\u00a0sur les terrains amateur en cinqui\u00e8me division C.<\/p>\n<p><!-- Pub DFP Position [article] --><\/p>\n<p class=\"std-elt__inline\">\n        <strong>\u00c0 lire aussi :<\/strong><br \/>\n        <a href=\"\/2026\/03\/11\/on-envoie-des-jeunes-de-18-ans-a-la-mort-le-coup-de-gueule-deric-cantona-contre-donald-trump-et-les-dirigeants-qui-sengagent-dans-des-guerres-13266905.php\">&#8220;On envoie des jeunes de 18 ans \u00e0 la mort&#8221;\u00a0: le coup de gueule d\u2019Eric Cantona contre Donald Trump et les dirigeants qui s\u2019engagent dans des guerres<\/a>\n    <\/p>\n<p>Un joueur de vv Doetinchem, appel\u00e9 avec l\u2019\u00e9quipe A suite \u00e0 de nombreuses absences, a \u00e9t\u00e9 l\u2019auteur d\u2019un tacle aussi dangereux qu\u2019inconscient \u00e0 l\u2019encontre de l\u2019un de ses adversaires jouant pour le club d\u2019Harfsen. Le coupable s\u2019est jet\u00e9 les deux pieds d\u00e9coll\u00e9s. &#8220;Au d\u00e9but, je pensais que c\u2019\u00e9tait un tacle par-derri\u00e8re, mais quand j\u2019ai vu la vid\u00e9o, j\u2019ai \u00e9t\u00e9 horrifi\u00e9. C\u2019\u00e9tait encore pire. Je n\u2019accepte pas ce genre de choses&#8221; a regrett\u00e9 son entra\u00eeneur\u00a0Vincent Selhorst au m\u00e9dia <a href=\"https:\/\/www.gelderlander.nl\/amateurvoetbal\/amateurclub-weer-in-opspraak-met-op-de-man-gerichte-vliegende-tackle-toen-ik-het-filmpje-zag-schrok-ik-me-kapot~a259bec9\/\" target=\"_self\">De Gelderlander<\/a>.<\/p>\n<blockquote cite=\"https:\/\/www.tiktok.com\/@destentor\/video\/7615968627547753760\" data-video-id=\"7615968627547753760\" style=\"max-width: 605px;min-width: 325px;\" data-class=\"tiktok-embed\">\n<section> <a target=\"_blank\" title=\"@destentor\" href=\"https:\/\/www.tiktok.com\/@destentor?refer=embed\">@destentor<\/a> ? Een tackle zoals je die niet heel vaak ziet. Tijdens de wedstrijd tussen vv Doetinchem en Harfsen besloot een speler van de thuisploeg een vliegende tackle in te zetten op een tegenstander. Hij vloog er met twee gestrekte benen in en raakte zijn tegenstander hard. De ploeg uit Doetinchem verloor op eigen veld met ruime cijfers van Harfsen. Een van de concurrenten in de strijd om de titel in de vijfde klasse C zegevierde met 1-4 ? <a title=\"amateurvoetbal\" target=\"_blank\" href=\"https:\/\/www.tiktok.com\/tag\/amateurvoetbal?refer=embed\">#amateurvoetbal<\/a> <a title=\"kelderklasse\" target=\"_blank\" href=\"https:\/\/www.tiktok.com\/tag\/kelderklasse?refer=embed\">#kelderklasse<\/a> <a title=\"tackle\" target=\"_blank\" href=\"https:\/\/www.tiktok.com\/tag\/tackle?refer=embed\">#tackle<\/a> <a title=\"football\" target=\"_blank\" href=\"https:\/\/www.tiktok.com\/tag\/football?refer=embed\">#football<\/a> <a title=\"doetinchem\" target=\"_blank\" href=\"https:\/\/www.tiktok.com\/tag\/doetinchem?refer=embed\">#doetinchem<\/a> <a target=\"_blank\" title=\"\u266c origineel geluid - De Stentor\" href=\"https:\/\/www.tiktok.com\/music\/origineel-geluid-7615968652017404705?refer=embed\">\u266c origineel geluid &#8211; De Stentor<\/a> <\/section>\n<\/blockquote>\n<p>&#8220;Je lui ai imm\u00e9diatement dit que je n\u2019avais plus jamais besoin de le voir. Qu\u2019il parte\u00a0! Je suis tr\u00e8s clair l\u00e0-dessus&#8221; a ajout\u00e9 ce dernier, toujours tr\u00e8s furieux. &#8220;Ces derni\u00e8res semaines, \u00e7a d\u00e9rape, a-t-il \u00e9galement regrett\u00e9. J\u2019ai une \u00e9quipe tr\u00e8s agressive qui joue sur le fil. Les cartons li\u00e9s au jeu font partie du football. Mais nous ne devons pas recevoir de cartons pour violence ou pour avoir insult\u00e9 l\u2019arbitre.&#8221;<\/p>\n<\/p><\/div>\n<p><a href=\"https:\/\/www.ladepeche.fr\/2026\/03\/11\/je-ne-veux-plus-jamais-le-revoir-un-joueur-vire-de-lequipe-premiere-apres-un-tacle-assassin-sur-un-adversaire-13267214.php\">source<\/a><\/p>\n","protected":false},"excerpt":{"rendered":"<p>l&#8217;essentiel Un tacle violent en football amateur choque les Pays-Bas. En cinqui\u00e8me division, un joueur de vv Doetinchem a \u00e9t\u00e9 exclu apr\u00e8s une attaque a\u00e9rienne sur un adversaire, provoquant la col\u00e8re imm\u00e9diate de son entra\u00eeneur. Certains raccrochent les crampons, lui a accroch\u00e9 les siens sur l\u2019un de ses adversaires avant d\u2019\u00eatre renvoy\u00e9 de l\u2019\u00e9quipe par [&hellip;]<\/p>\n","protected":false},"author":1,"featured_media":124279,"comment_status":"open","ping_status":"open","sticky":false,"template":"","format":"standard","meta":{"_monsterinsights_skip_tracking":false,"_monsterinsights_sitenote_active":false,"_monsterinsights_sitenote_note":"","_monsterinsights_sitenote_category":0,"footnotes":""},"categories":[71],"tags":[],"coauthors":[77],"class_list":["post-124278","post","type-post","status-publish","format-standard","has-post-thumbnail","hentry","category-sport"],"aioseo_notices":[],"_links":{"self":[{"href":"https:\/\/pressactu.com\/index.php?rest_route=\/wp\/v2\/posts\/124278","targetHints":{"allow":["GET"]}}],"collection":[{"href":"https:\/\/pressactu.com\/index.php?rest_route=\/wp\/v2\/posts"}],"about":[{"href":"https:\/\/pressactu.com\/index.php?rest_route=\/wp\/v2\/types\/post"}],"author":[{"embeddable":true,"href":"https:\/\/pressactu.com\/index.php?rest_route=\/wp\/v2\/users\/1"}],"replies":[{"embeddable":true,"href":"https:\/\/pressactu.com\/index.php?rest_route=%2Fwp%2Fv2%2Fcomments&post=124278"}],"version-history":[{"count":0,"href":"https:\/\/pressactu.com\/index.php?rest_route=\/wp\/v2\/posts\/124278\/revisions"}],"wp:featuredmedia":[{"embeddable":true,"href":"https:\/\/pressactu.com\/index.php?rest_route=\/wp\/v2\/media\/124279"}],"wp:attachment":[{"href":"https:\/\/pressactu.com\/index.php?rest_route=%2Fwp%2Fv2%2Fmedia&parent=124278"}],"wp:term":[{"taxonomy":"category","embeddable":true,"href":"https:\/\/pressactu.com\/index.php?rest_route=%2Fwp%2Fv2%2Fcategories&post=124278"},{"taxonomy":"post_tag","embeddable":true,"href":"https:\/\/pressactu.com\/index.php?rest_route=%2Fwp%2Fv2%2Ftags&post=124278"},{"taxonomy":"author","embeddable":true,"href":"https:\/\/pressactu.com\/index.php?rest_route=%2Fwp%2Fv2%2Fcoauthors&post=124278"}],"curies":[{"name":"wp","href":"https:\/\/api.w.org\/{rel}","templated":true}]}}