{"id":124255,"date":"2026-03-11T12:18:29","date_gmt":"2026-03-11T12:18:29","guid":{"rendered":"https:\/\/pressactu.com\/?p=124255"},"modified":"2026-03-11T12:18:29","modified_gmt":"2026-03-11T12:18:29","slug":"replay-guerre-en-iran-teheran-accuse-lonu-de-fermer-les-yeux-apres-la-mort-de-diplomates-au-liban-israel-annonce-une-vague-de-frappes","status":"publish","type":"post","link":"https:\/\/pressactu.com\/?p=124255","title":{"rendered":"REPLAY. Guerre en Iran\u00a0: T\u00e9h\u00e9ran accuse l\u2019ONU de &quot;fermer les yeux&quot; apr\u00e8s la mort de diplomates au Liban, Isra\u00ebl annonce une &quot;vague de frappes&quot;"},"content":{"rendered":"<div id=\"live_post_EVMML5DN37K0HRZ\"><span class=\"live-post__date\">22h54.<\/span><\/p>\n<p><h2 class=\"live-post__title\">Ce direct est termin\u00e9, merci de l&#8217;avoir suivi avec nous<\/h2>\n<\/p>\n<\/div>\n<div id=\"live_post_EVMML4PZ95P7O27\"><span class=\"live-post__date\">22h35.<\/span><\/p>\n<div class=\"live-post__content\">\n<h2 class=\"live-post__title\">Isra\u00ebl annonce une &#8220;vague de frappes&#8221; sur l&#8217;Iran<\/h2>\n<p class=\"live-post__amorce\">L&#8217;arm\u00e9e isra\u00e9lienne a annonc\u00e9 mardi soir avoir lanc\u00e9 une &#8220;vague de frappes&#8221; sur T\u00e9h\u00e9ran, peu apr\u00e8s que de nouvelles d\u00e9flagrations ont \u00e9t\u00e9 entendues dans la capitale iranienne.<\/p>\n<p class=\"live-post__amorce\">&#8220;Les forces de d\u00e9fense isra\u00e9liennes ont entam\u00e9 une nouvelle vague de frappes contre des cibles du r\u00e9gime terroriste iranien \u00e0 T\u00e9h\u00e9ran&#8221;, a indiqu\u00e9 l&#8217;arm\u00e9e isra\u00e9lienne sur sa cha\u00eene Telegram officielle.<\/p>\n<\/div>\n<\/div>\n<div id=\"live_post_EVMML4LSDUJCHUW\"><span class=\"live-post__date\">22h32.<\/span><\/p>\n<p><h2 class=\"live-post__title\">Emmanuel Macron tiendra ce mercredi une r\u00e9union du G7 par visioconf\u00e9rence<\/h2>\n<\/p>\n<\/div>\n<div id=\"live_post_EVMML3TX276ZOK2\"><span class=\"live-post__date\">22h10.<\/span><\/p>\n<div class=\"live-post__content\">\n<h2 class=\"live-post__title\">L&#8217;Iran accuse l&#8217;ONU de &#8220;fermer les yeux&#8221; apr\u00e8s la mort de quatre de ses diplomates au Liban<\/h2>\n<p class=\"live-post__amorce\">L&#8217;ambassadeur iranien \u00e0 l&#8217;ONU Amir Saeid Iravani a reproch\u00e9 mardi au Conseil de s\u00e9curit\u00e9 de l&#8217;ONU de &#8220;fermer les yeux&#8221;, apr\u00e8s avoir accus\u00e9 Isra\u00ebl d&#8217;avoir tu\u00e9 quatre de ses diplomates au Liban lors d&#8217;une frappe.<\/p>\n<p class=\"live-post__amorce\">&#8220;L&#8217;assassinat cibl\u00e9 de diplomates sur le territoire d&#8217;un autre \u00c9tat souverain est une grave attaque terroriste, un crime de guerre et une violation flagrante du droit international&#8221;, a d\u00e9clar\u00e9 l&#8217;ambassadeur au cours d&#8217;un point de presse au si\u00e8ge de l&#8217;ONU.<\/p>\n<\/div>\n<\/div>\n<div id=\"live_post_EVMML2WUB1HS6TW\"><span class=\"live-post__date\">21h45.<\/span><\/p>\n<div class=\"live-post__content\">\n<h2 class=\"live-post__title\">Nouvelle s\u00e9rie d&#8217;explosions entendues \u00e0 T\u00e9h\u00e9ran<\/h2>\n<p class=\"live-post__amorce\">De nouvelles explosions ont \u00e9t\u00e9 entendues mardi soir par des journalistes de l&#8217;AFP \u00e0 T\u00e9h\u00e9ran, au onzi\u00e8me jour de frappes d&#8217;Isra\u00ebl et des Etats-Unis sur l&#8217;Iran. Ces d\u00e9tonations ont retenti dans le nord et l&#8217;ouest de la capitale iranienne, d\u00e9j\u00e0 secou\u00e9e par des explosions plus t\u00f4t dans la journ\u00e9e. Les cibles vis\u00e9es n&#8217;\u00e9taient pas connues dans l&#8217;imm\u00e9diat.<\/p>\n<\/div>\n<\/div>\n<div id=\"live_post_EVMML1SB4T5RG8O\"><span class=\"live-post__date\">21h13.<\/span><\/p>\n<div class=\"live-post__content\">\n<h2 class=\"live-post__title\">Donald Trump pr\u00e9vient qu&#8217;il y aura d&#8217;importantes cons\u00e9quences militaires si l&#8217;Iran mine le d\u00e9troit d&#8217;Ormuz<\/h2>\n<p class=\"live-post__amorce\">Donald Trump a pr\u00e9venu mardi qu&#8217;il y aurait d&#8217;importantes cons\u00e9quences militaires si l&#8217;Iran se d\u00e9cidait \u00e0 miner le d\u00e9troit d&#8217;Ormuz, par lequel 20% de la production mondiale de p\u00e9trole et de gaz naturel liqu\u00e9fi\u00e9 (GNL) transite en temps normal.<\/p>\n<p class=\"live-post__amorce\">&#8220;Si pour une raison quelconque des mines ont \u00e9t\u00e9 pos\u00e9es et qu&#8217;elles ne sont pas retir\u00e9es imm\u00e9diatement, les cons\u00e9quences militaires pour l&#8217;Iran seront sans pr\u00e9c\u00e9dent&#8221;, a mis en garde le pr\u00e9sident am\u00e9ricain dans un message publi\u00e9 sur sa plateforme Truth Social.<\/p>\n<\/div>\n<\/div>\n<div id=\"live_post_EVMML0MFRLV29J3\"><span class=\"live-post__date\">20h40.<\/span><\/p>\n<p><h2 class=\"live-post__title\">L&#8217;Iran appelle l&#8217;ONU \u00e0 &#8220;condamner explicitement l&#8217;agression&#8221; d&#8217;Isra\u00ebl et des Etats-Unis<\/h2>\n<\/p>\n<\/div>\n<div id=\"live_post_EVMMKZCTHU4PU2Q\"><span class=\"live-post__date\">20h05.<\/span><\/p>\n<div class=\"live-post__content\">\n<h2 class=\"live-post__title\">L&#8217;Iran &#8220;ne recherche pas un cessez-le-feu&#8221;, d\u00e9clare le pr\u00e9sident du Parlement iranien\u00a0<\/h2>\n<p class=\"live-post__amorce\">Le pr\u00e9sident du Parlement iranien, l&#8217;influent Mohammad Bagher Ghalibaf, a d\u00e9clar\u00e9 mardi que la R\u00e9publique islamique &#8220;ne recherchait pas un cessez-le-feu&#8221;, au onzi\u00e8me jour du conflit au Moyen-Orient.<\/p>\n<p class=\"live-post__amorce\">&#8220;Bien s\u00fbr que nous ne recherchons pas un cessez-le-feu. Nous pensons que l\u2019agresseur doit \u00eatre puni et recevoir une le\u00e7on qui le dissuadera d\u2019attaquer l\u2019Iran \u00e0 nouveau&#8221;, a-t-il affirm\u00e9 dans une publication sur X.<\/p>\n<\/div>\n<\/div>\n<div id=\"live_post_EVMMKZ1DFUO2RO1\"><span class=\"live-post__date\">19h56.<\/span><\/p>\n<div class=\"live-post__content\">\n<h2 class=\"live-post__title\">Environ 140 militaires am\u00e9ricains bless\u00e9s dans la guerre en Iran<\/h2>\n<p class=\"live-post__amorce\">Environ 140 militaires am\u00e9ricains ont \u00e9t\u00e9 bless\u00e9s depuis le d\u00e9but de la guerre en Iran, a annonc\u00e9 mardi le Pentagone. &#8220;La grande majorit\u00e9 de ces blessures \u00e9taient l\u00e9g\u00e8res, et 108 (militaires) ont d\u00e9j\u00e0 repris du service&#8221;, a d\u00e9clar\u00e9 le porte-parole du Pentagone, Sean Parnell, dans un communiqu\u00e9.<\/p>\n<p class=\"live-post__amorce\">&#8220;Huit militaires sont toujours consid\u00e9r\u00e9s comme gravement bless\u00e9s et re\u00e7oivent les meilleurs soins m\u00e9dicaux possibles&#8221;, a-t-il ajout\u00e9.<\/p>\n<\/div>\n<\/div>\n<div id=\"live_post_EVMMKY9KX9LVH43\"><span class=\"live-post__date\">19h34.<\/span><\/p>\n<div class=\"live-post__content\">\n<h2 class=\"live-post__title\">La marine am\u00e9ricaine n&#8217;a pas escort\u00e9 de p\u00e9troliers \u00e0 travers le d\u00e9troit d&#8217;Ormuz, d\u00e9clare la Maison Blanche<\/h2>\n<p class=\"live-post__amorce\">La Marine am\u00e9ricaine n&#8217;a escort\u00e9 aucun navire dans le d\u00e9troit d&#8217;Ormuz, a d\u00e9clar\u00e9 mardi la porte-parole de la Maison Blanche, contredisant une publication &#8211; depuis supprim\u00e9e &#8211; du ministre de l&#8217;Energie. &#8220;Je peux confirmer que la Marine am\u00e9ricaine n&#8217;a escort\u00e9 aucun p\u00e9trolier ni aucun navire \u00e0 l&#8217;heure actuelle&#8221; dans le d\u00e9troit d&#8217;Ormuz, passage strat\u00e9gique pour le commerce mondial de p\u00e9trole, a dit lors d&#8217;une conf\u00e9rence de presse Karoline Leavitt.<\/p>\n<p class=\"live-post__amorce\">Quelques minutes plus t\u00f4t, Chris Wright, ministre de l&#8217;Energie, avait publi\u00e9 puis supprim\u00e9 un message annon\u00e7ant une premi\u00e8re escorte. Les cours du p\u00e9trole s&#8217;\u00e9taient enfonc\u00e9s dans la foul\u00e9e.<\/p>\n<\/div>\n<\/div>\n<div id=\"live_post_EVMMKY8N1I9T15T\"><span class=\"live-post__date\">19h34.<\/span><\/p>\n<div class=\"live-post__content\">\n<h2 class=\"live-post__title\">Des explosions entendues \u00e0 Manama au\u00a0Bahre\u00efn<\/h2>\n<p class=\"live-post__amorce\">Des explosions ont \u00e9t\u00e9 entendues mardi soir dans la capitale de Bahre\u00efn, Manama, ont rapport\u00e9 deux journalistes de l\u2019AFP, alors que l\u2019Iran poursuit ses frappes de repr\u00e9sailles \u00e0 travers le Golfe. <\/p>\n<p class=\"live-post__amorce\">Depuis le d\u00e9but du conflit, qui a \u00e9clat\u00e9 le 28 f\u00e9vrier, Bahre\u00efn a \u00e9t\u00e9 la cible de vagues de drones et de missiles iraniens, qui ont jusqu\u2019\u00e0 pr\u00e9sent tu\u00e9 deux personnes dans le pays, selon les autorit\u00e9s. <\/p>\n<\/div>\n<\/div>\n<div id=\"live_post_EVMMKXFVSG9BQ3J\"><span class=\"live-post__date\">19h11.<\/span><\/p>\n<p><h2 class=\"live-post__title\">L&#8217;Iran affirme qu&#8217;aucun navire am\u00e9ricain &#8220;n&#8217;a os\u00e9&#8221; s&#8217;approcher du d\u00e9troit d&#8217;Ormuz<\/h2>\n<\/p>\n<\/div>\n<div id=\"live_post_EVMMKVDVER52P4J\"><span class=\"live-post__date\">18h14.<\/span><\/p>\n<div class=\"live-post__content\">\n<h2 class=\"live-post__title\">La Marine am\u00e9ricaine a escort\u00e9 un premier p\u00e9trolier \u00e0 travers le d\u00e9troit d&#8217;Ormuz<\/h2>\n<p class=\"live-post__amorce\">Un premier p\u00e9trolier a franchi le d\u00e9troit d&#8217;Ormuz escort\u00e9 par la Marine am\u00e9ricaine, a annonc\u00e9 mardi le ministre am\u00e9ricain de l&#8217;Energie, Chris Wright, selon qui Washington va &#8220;s&#8217;assurer que le p\u00e9trole continue d&#8217;affluer vers les march\u00e9s mondiaux&#8221;.<\/p>\n<p class=\"live-post__amorce\">&#8220;La Marine am\u00e9ricaine a escort\u00e9 avec succ\u00e8s un p\u00e9trolier traversant le d\u00e9troit d&#8217;Ormuz afin de nous assurer que le p\u00e9trole continue d&#8217;affluer vers les march\u00e9s mondiaux&#8221;, a d\u00e9clar\u00e9 M. Wright dans une vid\u00e9o publi\u00e9e sur son compte X.<\/p>\n<\/div>\n<\/div>\n<div id=\"live_post_EVMMKV09T6I07A8\"><span class=\"live-post__date\">18h03.<\/span><\/p>\n<p><h2 class=\"live-post__title\">Le Liban enregistre pr\u00e8s de 760 000 d\u00e9plac\u00e9s par la guerre<\/h2>\n<\/p>\n<\/div>\n<div id=\"live_post_EVMMKUZSY3B4U4N\"><span class=\"live-post__date\">18h03.<\/span><\/p>\n<div class=\"live-post__content\">\n<h2 class=\"live-post__title\">Les Bourses europ\u00e9ennes terminent en nette hausse<\/h2>\n<p class=\"live-post__amorce\">Les Bourses europ\u00e9ennes ont termin\u00e9 en nette hausse mardi, port\u00e9es par des d\u00e9clarations de Donald Trump la veille selon lesquelles la guerre avec l&#8217;Iran est &#8220;quasiment&#8221; finie, provoquant une chute des prix du p\u00e9trole.<\/p>\n<p class=\"live-post__amorce\">La Bourse de Paris a termin\u00e9 en hausse de 1,79%, Francfort a gagn\u00e9 2,39%, Londres 1,59% et Milan 2,67%.<\/p>\n<\/div>\n<\/div>\n<div id=\"live_post_EVMMKUZCB8W3MC9\"><span class=\"live-post__date\">18h03.<\/span><\/p>\n<div class=\"live-post__content\">\n<h2 class=\"live-post__title\">Le chef des droits de l&#8217;homme de l&#8217;ONU fustige une dynamique &#8220;du coup pour coup&#8221;<\/h2>\n<p class=\"live-post__amorce\">Le Haut-Commissaire de l&#8217;ONU aux droits de l&#8217;homme Volker T\u00fcrk a d\u00e9nonc\u00e9 mardi une &#8220;apparente dynamique du coup pour coup&#8221; entre bellig\u00e9rants au Moyen-Orient, qui met selon lui en p\u00e9ril civils et infrastructures dans la r\u00e9gion.<\/p>\n<p class=\"live-post__amorce\">&#8220;Cette apparente dynamique du coup pour coup, affectant des infrastructures essentielles et ayant des r\u00e9percussions civiles extr\u00eamement importantes, ne fera qu&#8217;accro\u00eetre les risques pour les populations civiles en g\u00e9n\u00e9ral, avec des cons\u00e9quences potentiellement d\u00e9sastreuses pour l&#8217;ensemble de la r\u00e9gion&#8221;, a d\u00e9clar\u00e9 le Haut-Commissaire, dans un communiqu\u00e9. <\/p>\n<\/div>\n<\/div>\n<div id=\"live_post_EVMMKUXC83MYDEV\"><span class=\"live-post__date\">18h01.<\/span><\/p>\n<div class=\"live-post__content\">\n<h2 class=\"live-post__title\">L&#8217;Iran dit avoir vis\u00e9 un centre militaire et de renseignement en Isra\u00ebl\u00a0<\/h2>\n<p class=\"live-post__amorce\">L&#8217;arm\u00e9e iranienne a affirm\u00e9 mardi avoir cibl\u00e9 en Isra\u00ebl un centre militaire et un autre d\u00e9di\u00e9 au renseignement, au onzi\u00e8me jour de guerre qui embrase le Moyen-Orient. Dans un communiqu\u00e9, l&#8217;arm\u00e9e a dit avoir &#8220;attaqu\u00e9, \u00e0 l&#8217;aide de drones destructeurs, un centre militaire \u00e0 Ha\u00effa et le centre de r\u00e9ception des renseignements des satellites espions&#8221;.\u00a0<\/p>\n<p class=\"live-post__amorce\">Le site militaire vis\u00e9 &#8220;joue un r\u00f4le cl\u00e9 pour la production d&#8217;armements et rev\u00eat une importance strat\u00e9gique majeure pour le renforcement des capacit\u00e9s de combat de l&#8217;ennemi&#8221;, ajoute le communiqu\u00e9 relay\u00e9 par l&#8217;agence Tasnim.<\/p>\n<\/div>\n<\/div>\n<div id=\"live_post_EVMMKUWLPVO30FJ\"><span class=\"live-post__date\">18h00.<\/span><\/p>\n<div class=\"live-post__content\">\n<h2 class=\"live-post__title\">Vladimir Poutine appelle \u00e0 une &#8220;d\u00e9sescalade rapide&#8221; lors d&#8217;une conversation avec le pr\u00e9sident iranien, dit le Kremlin<\/h2>\n<p class=\"live-post__amorce\">Le pr\u00e9sident russe Vladimir Poutine a appel\u00e9 \u00e0 une &#8220;d\u00e9sescalade rapide&#8221; du conflit au Moyen-Orient, lors d&#8217;un \u00e9change t\u00e9l\u00e9phonique mardi avec son homologue iranien Massoud Pezeshkian, au lendemain d&#8217;une conversation avec Donald Trump, a indiqu\u00e9 le Kremlin.<\/p>\n<p class=\"live-post__amorce\">&#8220;Le pr\u00e9sident russe a r\u00e9affirm\u00e9 sa position de principe en faveur d&#8217;une d\u00e9sescalade rapide du conflit et de sa r\u00e9solution par des moyens politiques&#8221;, a indiqu\u00e9 le Kremlin dans un communiqu\u00e9, ajoutant que M. Pezeshkian a de son c\u00f4t\u00e9 remerci\u00e9 la Russie &#8220;pour son soutien et en particulier pour l&#8217;aide humanitaire apport\u00e9e \u00e0 l&#8217;Iran&#8221;.<\/p>\n<\/div>\n<\/div>\n<div id=\"live_post_EVMMKURH0MI4FG6\"><span class=\"live-post__date\">17h56.<\/span><\/p>\n<div class=\"live-post__content\">\n<h2 class=\"live-post__title\">L&#8217;Iran r\u00e9pliquera &#8220;\u0153il pour \u0153il, dent pour dent&#8221; \u00e0 toute attaque contre ses infrastructures\u00a0<\/h2>\n<p class=\"live-post__amorce\">Le pr\u00e9sident du Parlement iranien, l&#8217;influent Mohammad Bagher Ghalibaf, a averti mardi que toute attaque contre les infrastructures de l&#8217;Iran entra\u00eenerait une r\u00e9plique de m\u00eame calibre au onzi\u00e8me jour de la guerre d\u00e9clench\u00e9e par des frappes isra\u00e9lo-am\u00e9ricaines.<\/p>\n<p class=\"live-post__amorce\">&#8220;Que l&#8217;ennemi sache que, quoi qu&#8217;il fasse, il y aura assur\u00e9ment une riposte proportionn\u00e9e et imm\u00e9diate&#8221;, a \u00e9crit sur X Mohammad Bagher Ghalibaf, un ancien militaire. &#8220;Aujourd&#8217;hui, nous nous battons oeil pour oeil, dent pour dent, sans compromis ni exception&#8221; et &#8220;s&#8217;ils s&#8217;en prennent aux infrastructures, nous les ciblerons&#8221; \u00e9galement en repr\u00e9sailles, a-t-il ajout\u00e9.<\/p>\n<\/div>\n<\/div>\n<div id=\"live_post_EVMMKUQKRBDPJG6\"><span class=\"live-post__date\">17h56.<\/span><\/p>\n<div class=\"live-post__content\">\n<h2 class=\"live-post__title\">Arrestation de 30 personnes dont un \u00e9tranger pour espionnage en Iran<\/h2>\n<p class=\"live-post__amorce\">Le minist\u00e8re iranien du Renseignement a annonc\u00e9 mardi l&#8217;arrestation pour espionnage pr\u00e9sum\u00e9 de 30 personnes, parmi lesquelles un \u00e9tranger, au onzi\u00e8me jour de la guerre opposant l&#8217;Iran \u00e0 Isra\u00ebl et aux Etats-Unis. Ce ressortissant, dont la nationalit\u00e9 n&#8217;a pas \u00e9t\u00e9 divulgu\u00e9e, &#8220;espionnait pour le compte de deux pays du Golfe au nom de l&#8217;ennemi am\u00e9ricano-sioniste&#8221;, a affirm\u00e9 le minist\u00e8re, dans un communiqu\u00e9 publi\u00e9 par Mizan, l&#8217;agence du pouvoir judiciaire.<\/p>\n<p class=\"live-post__amorce\">Cette personne a \u00e9t\u00e9 arr\u00eat\u00e9e dans le nord-est de l&#8217;Iran \u00e0 une date non pr\u00e9cis\u00e9e. Il lui est reproch\u00e9 d&#8217;avoir &#8220;transmis \u00e0 l&#8217;ennemi des informations sur la localisation et les mouvements des forces de police et de l&#8217;arm\u00e9e&#8221; ainsi que sur des installations militaires.<\/p>\n<\/div>\n<\/div>\n<div id=\"live_post_EVMMKUPMU7H0QIN\"><span class=\"live-post__date\">17h55.<\/span><\/p>\n<div class=\"live-post__content\">\n<h2 class=\"live-post__title\">R\u00e9union exceptionnelle de l&#8217;Agence internationale de l&#8217;Energie (AIE)<\/h2>\n<p class=\"live-post__amorce\">L&#8217;Agence internationale de l&#8217;Energie (AIE) a convoqu\u00e9 mardi dans la journ\u00e9e &#8220;une r\u00e9union extraordinaire&#8221; de ses gouvernements membres afin d&#8217;\u00e9valuer une \u00e9ventuelle &#8220;d\u00e9cision&#8221; sur le recours aux stocks strat\u00e9giques, pour endiguer la flamb\u00e9e des cours de l&#8217;or noir, a annonc\u00e9 son directeur ex\u00e9cutif Fatih Birol.\u00a0<\/p>\n<p class=\"live-post__amorce\">Cette r\u00e9union qui fait suite \u00e0 une rencontre plus t\u00f4t des ministres de l&#8217;Energie du G7, \u00e0 l&#8217;initiative de la France, permettra &#8220;d\u2019\u00e9valuer l\u2019\u00e9tat actuel de la s\u00e9curit\u00e9 d\u2019approvisionnement et des conditions de march\u00e9, en vue d\u2019\u00e9clairer une d\u00e9cision ult\u00e9rieure sur la mise \u00e0 disposition \u00e9ventuelle des stocks d\u2019urgence des pays de l\u2019AIE sur le march\u00e9&#8221;, a indiqu\u00e9 Fatih Birol dans un communiqu\u00e9.<\/p>\n<\/div>\n<\/div>\n<div id=\"live_post_EVMMKM2HVVGO51W\"><span class=\"live-post__date\">13h51.<\/span><\/p>\n<div class=\"live-post__content\">\n<h2 class=\"live-post__title\">L&#8217;Union Europ\u00e9enne rejette tout assouplissement des sanctions contre le p\u00e9trole russe pour r\u00e9duire les prix<\/h2>\n<p class=\"live-post__amorce\">La Commission europ\u00e9enne rejette l&#8217;id\u00e9e d&#8217;assouplir les sanctions contre le p\u00e9trole russe pour tenter d&#8217;apaiser les tensions sur les march\u00e9s de l&#8217;\u00e9nergie, appelant au contraire \u00e0 maintenir &#8220;une pression maximale&#8221; sur Moscou. &#8220;Nous devons maintenir une pression maximale sur la Russie&#8221;, a d\u00e9clar\u00e9 \u00e0 la presse le commissaire europ\u00e9en \u00e0 l&#8217;Economie Valdis Dombrovskis, interrog\u00e9 sur des d\u00e9clarations du pr\u00e9sident Trump se disant pr\u00eat \u00e0 lever certaines sanctions &#8220;afin de r\u00e9duire les prix&#8221; du p\u00e9trole.\u00a0<\/p>\n<\/div>\n<\/div>\n<div id=\"live_post_EVMMKLK1DWVC7BK\"><span class=\"live-post__date\">13h33.<\/span><\/p>\n<div class=\"live-post__content\">\n<h2 class=\"live-post__title\">L&#8217;Irak cherche des voies alternatives pour ses exportations de p\u00e9trole<\/h2>\n<p class=\"live-post__amorce\">L&#8217;Irak recherche des voies alternatives pour exporter son p\u00e9trole apr\u00e8s la fermeture du d\u00e9troit d&#8217;Ormuz bloqu\u00e9 par les forces iraniennes en pleine guerre au Moyen-Orient, a indiqu\u00e9 ce mardi un porte-parole du minist\u00e8re du P\u00e9trole. &#8220;Comme pour de nombreux autres pays de la r\u00e9gion, la production et la commercialisation du p\u00e9trole ont \u00e9t\u00e9 s\u00e9v\u00e8rement impact\u00e9es, ne laissant pas d&#8217;autres choix au gouvernement que de chercher d&#8217;autres voies pour nos ventes&#8221;, a indiqu\u00e9 le porte-parole du minist\u00e8re du P\u00e9trole, Saheb Bazoun.<\/p>\n<\/div>\n<\/div>\n<div id=\"live_post_EVMMKLKQ9Z5EICZ\"><span class=\"live-post__date\">13h15.<\/span><\/p>\n<div class=\"live-post__content\">\n<h2 class=\"live-post__title\">Le ministre am\u00e9ricain de la D\u00e9fense affirme que ce mardi sera &#8220;le jour le plus intense de frappes&#8221; \u00e0 ce stade sur l&#8217;Iran<\/h2>\n<p class=\"live-post__amorce\">Le ministre am\u00e9ricain de la D\u00e9fense, Pete Hegseth, a affirm\u00e9 que ce mardi constituerait &#8220;le jour le plus intense de frappes&#8221; sur l&#8217;Iran depuis le d\u00e9but de la guerre le 28 f\u00e9vrier. &#8220;Le plus grand nombre d&#8217;avions de combat, de bombardiers, de frappes&#8221;, a \u00e9num\u00e9r\u00e9 le ministre lors d&#8217;une conf\u00e9rence de presse au Pentagone.<\/p>\n<\/div>\n<\/div>\n<div id=\"live_post_EVMMKJHNFFBR4K0\"><span class=\"live-post__date\">12h28.<\/span><\/p>\n<div class=\"live-post__content\">\n<h2 class=\"live-post__title\">Emirats : une attaque de drone provoque un incendie dans une zone industrielle\u00a0<\/h2>\n<p class=\"live-post__amorce\">Une attaque de drone aux Emirats arabes unis ce mardi a provoqu\u00e9 un incendie dans une zone industrielle de l&#8217;\u00e9mirat d&#8217;Abou Dhabi abritant des infrastructures \u00e9nerg\u00e9tiques, ont annonc\u00e9 les autorit\u00e9s dans un communiqu\u00e9.\u00a0&#8220;Aucun bless\u00e9 n&#8217;a \u00e9t\u00e9 signal\u00e9 jusque-l\u00e0&#8221;, ont ajout\u00e9 les autorit\u00e9s, sans pr\u00e9ciser si des installations \u00e9nerg\u00e9tiques avaient \u00e9t\u00e9 touch\u00e9es. \u00a0<\/p>\n<\/div>\n<\/div>\n<div id=\"live_post_EVMMKIL97DS076K\"><span class=\"live-post__date\">12h16.<\/span><\/p>\n<div class=\"live-post__content\">\n<h2 class=\"live-post__title\">Les attaques contre les installations \u00e9nerg\u00e9tiques au Moyen-Orient auront des &#8220;r\u00e9percussions \u00e0 travers le monde&#8221;<\/h2>\n<p class=\"live-post__amorce\">Le Qatar met en garde ce mardi contre les cons\u00e9quences \u00e9conomiques mondiales des attaques contre les infrastructures \u00e9nerg\u00e9tiques, au onzi\u00e8me jour de la guerre au Moyen-Orient. &#8220;Les attaques contre les installations \u00e9nerg\u00e9tiques qui ont eu lieu, des deux c\u00f4t\u00e9s, constituent un pr\u00e9c\u00e9dent dangereux (&#8230;) elles auront des r\u00e9percussions \u00e0 travers le monde&#8221;, a affirm\u00e9 le porte-parole du minist\u00e8re qatari des Affaires \u00e9trang\u00e8res, Majed al-Ansari, lors d&#8217;une conf\u00e9rence de presse \u00e0 Doha.<\/p>\n<\/div>\n<\/div>\n<div id=\"live_post_EVMMKIK50YRR1K4\"><span class=\"live-post__date\">12h14.<\/span><\/p>\n<div class=\"live-post__content\">\n<h2 class=\"live-post__title\">Plusieurs fortes explosions entendues \u00e0 Doha, au Qatar\u00a0<\/h2>\n<p class=\"live-post__amorce\">Plusieurs fortes explosions ont \u00e9t\u00e9 entendues ce mardi \u00e0 Doha, capitale du Qatar. L&#8217;Iran poursuit ses attaques de repr\u00e9sailles contre ses voisins du Golfe abritant des bases militaires am\u00e9ricaines.\u00a0Dans un communiqu\u00e9 publi\u00e9 sur X, le minist\u00e8re de la D\u00e9fense a dit\u00a0avoir &#8220;intercept\u00e9 une attaque de missile&#8221;. Le minist\u00e8re de l&#8217;Int\u00e9rieur a de son c\u00f4t\u00e9 fait \u00e9tat d&#8217;un &#8220;niveau de menace s\u00e9curitaire \u00e9lev\u00e9&#8221;, appelant les habitants \u00e0 rester chez eux et \u00e0 s&#8217;\u00e9loigner des fen\u00eatres.<\/p>\n<\/div>\n<\/div>\n<div id=\"live_post_EVMMKIRI5JP32H5\"><span class=\"live-post__date\">12h08.<\/span><\/p>\n<div class=\"live-post__content\">\n<h2 class=\"live-post__title\">Des explosions secouent T\u00e9h\u00e9ran<\/h2>\n<p class=\"live-post__amorce\">De puissantes explosions ont \u00e9t\u00e9 entendues ce mardi dans la capitale iranienne, au onzi\u00e8me jour de la guerre qui oppose les Etats-Unis et Isra\u00ebl \u00e0 l&#8217;Iran. Les d\u00e9tonations ont retenti dans le centre de T\u00e9h\u00e9ran, des m\u00e9dias iraniens faisant eux \u00e9tat d&#8217;explosions dans plusieurs quartiers de la capitale.<\/p>\n<\/div>\n<\/div>\n<div id=\"live_post_EVMMKIFW641DQ5W\"><span class=\"live-post__date\">12h05.<\/span><\/p>\n<div class=\"live-post__content\">\n<h2 class=\"live-post__title\">Isra\u00ebl annonce avoir lanc\u00e9 une &#8220;nouvelle vague&#8221; de frappes sur T\u00e9h\u00e9ran<\/h2>\n<p class=\"live-post__amorce\">L&#8217;arm\u00e9e isra\u00e9lienne a annonc\u00e9 ce mardi midi avoir lanc\u00e9 une nouvelle s\u00e9rie de frappes sur T\u00e9h\u00e9ran, apr\u00e8s avoir vis\u00e9 dans la nuit &#8220;un complexe souterrain&#8221; des Gardiens de la R\u00e9volution dans la capitale iranienne.\u00a0Les forces isra\u00e9liennes ont \u00e9galement d\u00e9clar\u00e9 avoir vis\u00e9 dans la nuit de lundi \u00e0 mardi &#8220;un complexe de recherche et de d\u00e9veloppement d&#8217;armes&#8221; utilis\u00e9 par les Gardiens de la R\u00e9volution, o\u00f9 \u00e9taient men\u00e9s des &#8220;essais li\u00e9s au d\u00e9veloppement et \u00e0 la production de missiles balistiques&#8221;.\u00a0<\/p>\n<\/div>\n<\/div>\n<div id=\"live_post_EVMMKIKOUIXNJE8\"><span class=\"live-post__date\">12h03.<\/span><\/p>\n<div class=\"live-post__content\">\n<h2 class=\"live-post__title\">L&#8217;Iran juge les menaces de Donald Trump &#8220;vides&#8221;<\/h2>\n<p class=\"live-post__amorce\">L&#8217;Iran n&#8217;a &#8220;pas peur&#8221; des &#8220;menaces vides&#8221; de Donald Trump, d\u00e9clare ce mardi le chef du Conseil supr\u00eame de s\u00e9curit\u00e9 nationale iranien, en r\u00e9ponse au pr\u00e9sident am\u00e9ricain qui a jur\u00e9 de frapper &#8220;plus fort&#8221; si T\u00e9h\u00e9ran bloquait l&#8217;acheminement de p\u00e9trole dans la r\u00e9gion. &#8220;L&#8217;Iran n&#8217;a pas peur de vos menaces vides. Des plus puissants que vous ont essay\u00e9 d&#8217;\u00e9liminer la nation iranienne et n&#8217;ont pas r\u00e9ussi. Faites attention \u00e0 ne pas \u00eatre \u00e9limin\u00e9 vous-m\u00eame!&#8221;, a \u00e9crit Ali Larijani sur X.<\/p>\n<\/div>\n<\/div>\n<div id=\"live_post_EVMMKG41KUTAH32\"><span class=\"live-post__date\">10h58.<\/span><\/p>\n<div class=\"live-post__content\">\n<h2 class=\"live-post__title\">Liban : frappe isra\u00e9lienne sur la r\u00e9gion de Tyr apr\u00e8s un avertissement<\/h2>\n<p class=\"live-post__amorce\">L&#8217;arm\u00e9e isra\u00e9lienne a men\u00e9 une frappe ce mardi pr\u00e8s de la ville c\u00f4ti\u00e8re de Tyr, dans le sud du Liban, apr\u00e8s avoir averti qu&#8217;elle allait y viser des infrastructures du Hezbollah et exhort\u00e9 \u00e0 la population d&#8217;\u00e9vacuer, selon un m\u00e9dia d&#8217;Etat. &#8220;L&#8217;ennemi isra\u00e9lien a men\u00e9 une frappe sur la zone menac\u00e9e&#8221; \u00e0 Abbassiy\u00e9, pr\u00e8s de la ville mill\u00e9naire de Tyr, a indiqu\u00e9 l&#8217;Agence nationale d&#8217;information (Ani).<\/p>\n<\/div>\n<\/div>\n<div id=\"live_post_EVMMKDXPKZM740I\"><span class=\"live-post__date\">10h05.<\/span><\/p>\n<div class=\"live-post__content\">\n<h2 class=\"live-post__title\">Emmanuel Macron convoque un Conseil de d\u00e9fense et de s\u00e9curit\u00e9 \u00e0 18h30<\/h2>\n<p class=\"live-post__amorce\">Le chef de l&#8217;Etat va convoquer un nouveau Conseil de d\u00e9fense et de s\u00e9curit\u00e9 nationale sur la situation en Iran et au Moyen-Orient, selon  <a href=\"https:\/\/www.bfmtv.com\/international\/moyen-orient\/direct-guerre-en-iran-et-au-moyen-orient-des-frappes-israeliennes-menees-au-liban-l-iran-assure-etre-pret-a-se-battre-aussi-longtemps-que-possible_LN-202603100092.html\" target=\"_blank\" rel=\"noopener noreferrer nofollow\" class=\"\">BFMTV<\/a> . Il se r\u00e9unira \u00e0 partir de 18h30.<\/p>\n<\/div>\n<\/div>\n<div id=\"live_post_EVMMKDARRRJDP0E\"><span class=\"live-post__date\">09h48.<\/span><\/p>\n<div class=\"live-post__content\">\n<h2 class=\"live-post__title\">6 % des stations-service contr\u00f4l\u00e9es vont \u00eatre sanctionn\u00e9es, annonce le gouvernement<\/h2>\n<p class=\"live-post__amorce\">Le ministre du Commerce Serge Papin a indiqu\u00e9 ce mardi qu&#8217;environ 6 % des stations-service contr\u00f4l\u00e9es \u00e0 date dans le cadre du plan mis en place par le gouvernement face \u00e0 la hausse des prix \u00e0 la pompe allaient \u00eatre sanctionn\u00e9es. &#8220;Le Premier ministre avait lanc\u00e9 500 contr\u00f4les. On est pratiquement \u00e0 la moiti\u00e9. (&#8230;) Sur 231 contr\u00f4les, il y a eu 6% de proc\u00e8s verbaux, donc de sanctions&#8221;, a indiqu\u00e9 Serge Papin sur TF1.\u00a0 La ministre d\u00e9l\u00e9gu\u00e9e \u00e0 l&#8217;Energie et porte-parole du gouvernement, Maud Bregeon, a de son c\u00f4t\u00e9 fait \u00e9tat d'&#8221;environ 16% d&#8217;anomalies, dont certaines, \u00e9videmment, ont \u00e9t\u00e9 sanctionn\u00e9es par des amendes&#8221;, interrog\u00e9e sur France 2.\u00a0\u00a0 <a href=\"https:\/\/www.ladepeche.fr\/2026\/03\/10\/prix-de-lessence-6-des-stations-service-controlees-vont-etre-sanctionnees-et-devront-payer-des-amendes-13264184.php\" target=\"_blank\" rel=\"noopener noreferrer nofollow\" class=\"\">Cliquez ici <\/a> pour lire notre article.<\/p>\n<blockquote data-media-max-width=\"560\" data-class=\"twitter-tweet\">\n<p lang=\"fr\" dir=\"ltr\">? Prix des carburants<\/p>\n<p>&#8220;Le premier ministre avait lanc\u00e9 500 contr\u00f4les (de stations-service). Hier soir on \u00e9tait pratiquement \u00e0 la moiti\u00e9, 231 pr\u00e9cis\u00e9ment, et il y a eu 6% de proc\u00e8s verbaux, de sanctions\/amendes&#8221;, annonce <a href=\"https:\/\/twitter.com\/SergePapin_rf?ref_src=twsrc%5Etfw\">@SergePapin_rf<\/a> pr\u00e9cisant qu&#8217;un bilan sera r\u00e9alis\u00e9 mercredi <a href=\"https:\/\/t.co\/ur2NKk2YjF\">pic.twitter.com\/ur2NKk2YjF<\/a><\/p>\n<p>\u2014 TF1Info (@TF1Info) <a href=\"https:\/\/twitter.com\/TF1Info\/status\/2031261028789473602?ref_src=twsrc%5Etfw\">March 10, 2026<\/a><\/p><\/blockquote>\n<\/div>\n<\/div>\n<div id=\"live_post_EVMMKCTPRW1K9TY\"><span class=\"live-post__date\">09h18.<\/span><\/p>\n<div class=\"live-post__content\">\n<h2 class=\"live-post__title\">Des sir\u00e8nes entendues \u00e0 J\u00e9rusalem apr\u00e8s une alerte aux missiles iraniens<\/h2>\n<p class=\"live-post__amorce\">Des sir\u00e8nes ont \u00e9t\u00e9 entendues ce mardi \u00e0 J\u00e9rusalem apr\u00e8s une alerte aux missiles iraniens de l&#8217;arm\u00e9e isra\u00e9lienne. Les alertes sont r\u00e9guli\u00e8res depuis le d\u00e9but de la guerre au Moyen-Orient, d\u00e9clench\u00e9e le 28 f\u00e9vrier par l&#8217;attaque des Etats-Unis et Isra\u00ebl sur l&#8217;Iran.<\/p>\n<\/div>\n<\/div>\n<div id=\"live_post_EVMMKBLIMU80DZD\"><span class=\"live-post__date\">08h48.<\/span><\/p>\n<div class=\"live-post__content\">\n<h2 class=\"live-post__title\">Benjamin Netanyahu affirme qu&#8217;Isra\u00ebl n&#8217;en &#8220;a pas encore fini&#8221; avec le pouvoir iranien<\/h2>\n<p class=\"live-post__amorce\">Le Premier ministre isra\u00e9lien Benjamin Netanyahu a affirm\u00e9 ce mardi qu&#8217;Isra\u00ebl &#8220;brisait les os&#8221; du pouvoir iranien depuis le d\u00e9but de l&#8217;offensive men\u00e9e conjointement avec les Etats-Unis depuis le 28 f\u00e9vrier, mais n&#8217;en avait &#8220;pas encore fini&#8221;. &#8220;Nous aspirons \u00e0 amener le peuple iranien \u00e0 briser le joug de la tyrannie, en fin de compte, cela d\u00e9pend d&#8217;eux&#8221; a d\u00e9clar\u00e9 Benjamin Netanyahu lors d&#8217;une visite dans un centre d&#8217;urgence du minist\u00e8re de la Sant\u00e9 isra\u00e9lien. &#8220;Il ne fait aucun doute qu&#8217;avec les actions men\u00e9es jusqu&#8217;\u00e0 pr\u00e9sent, nous sommes en train de leur briser les os \u2014 et nous n&#8217;en avons pas encore fini&#8221;, a-t-il ajout\u00e9.<\/p>\n<\/div>\n<\/div>\n<div id=\"live_post_EVMMKAQ9Y5UC6F9\"><span class=\"live-post__date\">08h34.<\/span><\/p>\n<div class=\"live-post__content\">\n<h2 class=\"live-post__title\">Isra\u00ebl pr\u00e9vient qu&#8217;il va mener des frappes imminentes sur Tyr et Sa\u00efda, dans le sud du Liban<\/h2>\n<p class=\"live-post__amorce\">L&#8217;arm\u00e9e isra\u00e9lienne pr\u00e9vient ce mardi qu&#8217;elle va mener des frappes imminentes sur Tyr et Sa\u00efda, dans le sud du Liban, contre le mouvement pro-iranien Hezbollah, et appel\u00e9 les habitants de plusieurs immeubles \u00e0 \u00e9vacuer leur logement.<\/p>\n<\/div>\n<\/div>\n<div id=\"live_post_EVMMKAQPEBOLZSB\"><span class=\"live-post__date\">08h25.<\/span><\/p>\n<div class=\"live-post__content\">\n<h2 class=\"live-post__title\">Le prix du gaz europ\u00e9en chute de 15% apr\u00e8s les propos de Trump sur l&#8217;Iran<\/h2>\n<p class=\"live-post__amorce\">Le prix du gaz europ\u00e9en a recul\u00e9 d&#8217;environ 15 % ce mardi, dans la foul\u00e9e de ceux du p\u00e9trole, apr\u00e8s des propos de Donald Trump assurant que la guerre avec l&#8217;Iran est &#8220;quasiment&#8221; finie. Peu apr\u00e8s le d\u00e9but de la cotation \u00e0 7h, le contrat \u00e0 terme du TTF n\u00e9erlandais, consid\u00e9r\u00e9 comme la r\u00e9f\u00e9rence europ\u00e9enne, s&#8217;affichait en baisse de 14,61 %, \u00e0 48,21 euros le m\u00e9gawattheure.<\/p>\n<\/div>\n<\/div>\n<div id=\"live_post_EVMMKAFH2FS77N3\"><span class=\"live-post__date\">08h25.<\/span><\/p>\n<div class=\"live-post__content\">\n<h2 class=\"live-post__title\">L&#8217;Egypte augmente les prix des carburants jusqu&#8217;\u00e0 30 %<\/h2>\n<p class=\"live-post__amorce\">L&#8217;Egypte a annonc\u00e9 ce mardi une hausse des prix des carburants allant jusqu&#8217;\u00e0 30 % \u00e0 cause des pressions &#8220;exceptionnelles&#8221; sur les march\u00e9s mondiaux de l&#8217;\u00e9nergie caus\u00e9es par la guerre au Moyen-Orient. Sont concern\u00e9s les prix de l&#8217;essence, du gazole, et du gaz naturel utilis\u00e9s par les voitures, ainsi que le prix du butane<\/p>\n<\/div>\n<\/div>\n<div id=\"live_post_EVMMKA9T4NWA3RD\"><span class=\"live-post__date\">08h23.<\/span><\/p>\n<div class=\"live-post__content\">\n<h2 class=\"live-post__title\">Des batteries anti-a\u00e9riennes Patriot d\u00e9ploy\u00e9es dans le centre de la Turquie<\/h2>\n<p class=\"live-post__amorce\">La Turquie a indiqu\u00e9 ce mardi qu&#8217;un syst\u00e8me de d\u00e9fense antia\u00e9rien Patriot \u00e9tait d\u00e9ploy\u00e9 dans le centre du pays, un jour apr\u00e8s l&#8217;interception par l&#8217;Otan d&#8217;un deuxi\u00e8me missile tir\u00e9 depuis l&#8217;Iran dans l&#8217;espace a\u00e9rien turc. La r\u00e9gion h\u00e9berge la base a\u00e9rienne de Kurecik, qui abrite un radar du syst\u00e8me d&#8217;alerte pr\u00e9coce capable de d\u00e9tecter le lancement de missiles iraniens.<\/p>\n<\/div>\n<\/div>\n<div id=\"live_post_EVMMKABTJJFWFVN\"><span class=\"live-post__date\">07h51.<\/span><\/p>\n<div class=\"live-post__content\">\n<h2 class=\"live-post__title\">Flamb\u00e9e du p\u00e9trole : comment Vladimir Poutine et la Russie et son \u00e9conomie vont en profiter<\/h2>\n<p class=\"live-post__amorce\">La paralysie du d\u00e9troit d\u2019Ormuz provoqu\u00e9e par le conflit au Moyen-Orient offre \u00e0 Moscou une occasion inesp\u00e9r\u00e9e. En devenant le fournisseur de substitution des march\u00e9s asiatiques, la Russie brise son isolement \u00e9conomique et renfloue son budget de guerre gr\u00e2ce \u00e0 l\u2019envol\u00e9e mondiale des prix du baril.  <a href=\"https:\/\/www.ladepeche.fr\/2026\/03\/10\/guerre-en-ukraine-avec-la-flambee-du-petrole-poutine-peut-se-frotter-les-mains-comment-la-russie-et-son-economie-vont-en-profiter-13262669.php\" target=\"_blank\" rel=\"noopener noreferrer nofollow\" class=\"\">Cliquez ici<\/a>  pour lire notre article.<\/p>\n<\/div>\n<\/div>\n<div id=\"live_post_EVMMKAALBR5A44P\"><span class=\"live-post__date\">07h39.<\/span><\/p>\n<div class=\"live-post__content\">\n<h2 class=\"live-post__title\">Un p\u00e8re toulousain d\u00e9nonce l\u2019inaction pour rapatrier ses enfants bloqu\u00e9s \u00e0 Duba\u00ef<\/h2>\n<p class=\"live-post__amorce\">Depuis l\u2019escalade militaire autour de l\u2019Iran, des voyageurs restent bloqu\u00e9s dans le Golfe. \u00c0 Toulouse, Fr\u00e9d\u00e9ric vit dans l\u2019angoisse\u00a0: ses deux enfants, partis en vacances \u00e0 Duba\u00ef fin f\u00e9vrier, ne peuvent toujours pas rentrer en France. Il doit organiser seul leur retour.  <a href=\"https:\/\/www.ladepeche.fr\/2026\/03\/09\/guerre-en-iran-toute-ma-famille-vit-dans-langoisse-un-pere-toulousain-denonce-linaction-pour-rapatrier-ses-enfants-bloques-a-dubai-13262759.php\" target=\"_blank\" rel=\"noopener noreferrer nofollow\" class=\"\">Cliquez ici<\/a>  pour lire notre article.<\/p>\n<\/div>\n<\/div>\n<div id=\"live_post_EVMMK8RMNAXI8PN\"><span class=\"live-post__date\">07h20.<\/span><\/p>\n<div class=\"live-post__content\">\n<h2 class=\"live-post__title\">Les Etats-Unis ont frapp\u00e9 plus de 5000 cibles en dix jours de guerre avec l&#8217;Iran<\/h2>\n<p class=\"live-post__amorce\">L&#8217;arm\u00e9e am\u00e9ricaine a annonc\u00e9 avoir frapp\u00e9 plus de 5000 cibles au cours des dix premiers jours de guerre contre l&#8217;Iran, dont plus de cinquante navires, dans une note du commandement pour la r\u00e9gion. L&#8217;arm\u00e9e am\u00e9ricaine a \u00e9galement cibl\u00e9 les syst\u00e8mes de d\u00e9fense a\u00e9rienne de T\u00e9h\u00e9ran, ses installations de missiles balistiques, ses sites de production de missiles et de drones, ainsi que ses r\u00e9seaux militaires de communication, \u00e9num\u00e8re-t-elle.<\/p>\n<\/div>\n<\/div>\n<div id=\"live_post_EVMMK8QA0M4Q10K\"><span class=\"live-post__date\">07h08.<\/span><\/p>\n<div class=\"live-post__content\">\n<h2 class=\"live-post__title\">Bahre\u00efn\u00a0: un mort et des bless\u00e9s dans une attaque iranienne\u00a0<\/h2>\n<p class=\"live-post__amorce\">Le minist\u00e8re de l&#8217;Int\u00e9rieur du Bahre\u00efn a annonc\u00e9 t\u00f4t ce mardi matin qu&#8217;une attaque iranienne sur une zone r\u00e9sidentielle, dans la capitale Manama, avait fait un mort et plusieurs bless\u00e9s. &#8220;Les premi\u00e8res informations indiquent qu&#8217;une personne a \u00e9t\u00e9 tu\u00e9e et que d&#8217;autres ont \u00e9t\u00e9 bless\u00e9es lors d&#8217;une attaque flagrante de l&#8217;Iran visant un immeuble r\u00e9sidentiel dans la capitale&#8221;, a d\u00e9clar\u00e9 le minist\u00e8re sur le r\u00e9seau social X.<\/p>\n<\/div>\n<\/div>\n<div id=\"live_post_EVMMK8P6E0I6Y61\"><span class=\"live-post__date\">07h04.<\/span><\/p>\n<div class=\"live-post__content\">\n<h2 class=\"live-post__title\">Irak : quatre combattants d&#8217;une faction pro-Iran tu\u00e9s dans une frappe<\/h2>\n<p class=\"live-post__amorce\">Quatre combattants d&#8217;une faction arm\u00e9e pro-Iran en Irak ont \u00e9t\u00e9 tu\u00e9s ce mardi dans une frappe nocturne visant leur position dans le nord du pays, ont annonc\u00e9 les Brigades de l&#8217;Imam Ali, accusant dans un communiqu\u00e9 l&#8217;aviation am\u00e9ricaine d&#8217;\u00eatre responsable de ce bombardement<\/p>\n<\/div>\n<\/div>\n<div id=\"live_post_EVMMK7F0G11TS4U\"><span class=\"live-post__date\">07h00.<\/span><\/p>\n<div class=\"live-post__content\">\n<h2 class=\"live-post__title\">Le p\u00e9trole repasse sous les 100 dollars<\/h2>\n<p class=\"live-post__amorce\">A la suite des d\u00e9clarations de Donald Tump en conf\u00e9rence de presse \u00e0 Miami, les cours du p\u00e9trole repartent \u00e0 la hausse. Ils ont pass\u00e9s sous les 100 dollars. ils \u00e9taient mont\u00e9s \u00e0 plus de 115 dollars lundi. A 7h, le baril de p\u00e9trole Brent \u00e9tait \u00e0 92,79 dollars.<\/p>\n<\/div>\n<\/div>\n<div id=\"live_post_EVMMK7EBDUWGBF4\"><span class=\"live-post__date\">06h56.<\/span><\/p>\n<div class=\"live-post__content\">\n<h2 class=\"live-post__title\">Les Emirats arabes unis attaqu\u00e9s par des drones et missiles iraniens<\/h2>\n<p class=\"live-post__amorce\">Les Emirats arabes unis font face ce mardi \u00e0 une nouvelle attaque de drones et de missiles iraniens, a annonc\u00e9 leur minist\u00e8re de la D\u00e9fense au 11e jour de la guerre au Moyen-Orient. &#8220;Les d\u00e9fenses a\u00e9riennes des Emirats arabes unis r\u00e9pondent actuellement \u00e0 des menaces de missiles et de drones provenant d&#8217;Iran&#8221;, a \u00e9crit le minist\u00e8re sur X.<\/p>\n<\/div>\n<\/div>\n<div id=\"live_post_EVMMK7CYQGVWWSY\"><span class=\"live-post__date\">06h53.<\/span><\/p>\n<div class=\"live-post__content\">\n<h2 class=\"live-post__title\">Des frappes isra\u00e9liennes dans le sud et l&#8217;est du Liban\u00a0<\/h2>\n<p class=\"live-post__amorce\">L&#8217;arm\u00e9e isra\u00e9lienne a men\u00e9 dans la nuit de lundi \u00e0 ce mardi des frappes sur plusieurs localit\u00e9s du sud et de l&#8217;est du Liban, qui sont des fiefs du mouvement chiite pro-iranien Hezbollah.  L&#8217;aviation isra\u00e9lienne a bombard\u00e9 plusieurs villages.<\/p>\n<\/div>\n<\/div>\n<div id=\"live_post_EVMMK7BHUHDLE21\"><span class=\"live-post__date\">06h50.<\/span><\/p>\n<div class=\"live-post__content\">\n<h2 class=\"live-post__title\">L&#8217;Iran affirme que des n\u00e9gociations avec les Etats-Unis &#8220;ne sont plus \u00e0 l&#8217;ordre du jour&#8221;<\/h2>\n<p class=\"live-post__amorce\">Le ministre iranien des Affaires \u00e9trang\u00e8res, Abbas Araghchi, a d\u00e9clar\u00e9 que des n\u00e9gociations avec Washington &#8220;ne sont plus \u00e0 l&#8217;ordre du jour&#8221;.<\/p>\n<\/div>\n<\/div>\n<div id=\"live_post_EVMMK74DUPY4H4N\"><span class=\"live-post__date\">06h48.<\/span><\/p>\n<div class=\"live-post__content\">\n<h2 class=\"live-post__title\">L&#8217;Iran poursuivra ses attaques &#8220;aussi longtemps que n\u00e9cessaire&#8221;<\/h2>\n<p class=\"live-post__amorce\">L&#8217;Iran contredit les d\u00e9clarations du pr\u00e9sident am\u00e9ricain Donald Trump. Le ministre iranien des Affaires \u00e9trang\u00e8res Abbas Araghchi affirme qu&#8217;il est pr\u00eat \u00e0 se battre &#8220;aussi longtemps que n\u00e9cessaire&#8221; contre les Etats-Unis et Isra\u00ebl. &#8220;Nous sommes pr\u00eats \u00e0 poursuivre les frappes de missiles contre eux aussi longtemps que n\u00e9cessaire et chaque fois que cela sera n\u00e9cessaire&#8221;, a-t-il dit \u00e0 la cha\u00eene am\u00e9ricaine PBS News.<\/p>\n<\/div>\n<\/div>\n<div id=\"live_post_EVMMK726P470I7D\"><span class=\"live-post__date\">06h46.<\/span><\/p>\n<div class=\"live-post__content\">\n<h2 class=\"live-post__title\">Donald Trump : &#8220;La guerre avec l&#8217;Iran va se terminer bient\u00f4t&#8221;<\/h2>\n<p class=\"live-post__amorce\">Donald a d\u00e9clar\u00e9 lundi soir que la guerre en Iran allait &#8220;se terminer bient\u00f4t&#8221;, en parlant d&#8217;une op\u00e9ration &#8220;bien en avance sur le calendrier&#8221;. &#8220;Cela va se terminer bient\u00f4t, et si cela recommence, ils seront encore plus durement touch\u00e9s&#8221;, a affirm\u00e9 le pr\u00e9sident am\u00e9ricain lors d&#8217;une conf\u00e9rence de presse, sa premi\u00e8re depuis le d\u00e9but de la guerre au Moyen-Orient.<\/p>\n<\/div>\n<\/div>\n<div id=\"live_post_EVMMJN7LU4RRCAI\"><span class=\"live-post__date\">06h45.<\/span><\/p>\n<div class=\"live-post__content\">\n<h2 class=\"live-post__title\">Bienvenue dans notre direct<\/h2>\n<p class=\"live-post__amorce\">Suivez l&#8217;actualit\u00e9 de la guerre en Iran, ce mardi 10 mars 2026, en direct toute la journ\u00e9e.<\/p>\n<\/div>\n<\/div>\n<p><script async src=\"\/\/platform.twitter.com\/widgets.js\" charset=\"utf-8\"><\/script><br \/><a href=\"https:\/\/www.ladepeche.fr\/2026\/03\/10\/direct-guerre-en-iran-le-conflit-va-se-terminer-bientot-annonce-donald-trump-le-petrole-repasse-sous-les-90-dollars-13262564.php\">source<\/a><\/p>\n","protected":false},"excerpt":{"rendered":"<p>22h54. Ce direct est termin\u00e9, merci de l&#8217;avoir suivi avec nous 22h35. Isra\u00ebl annonce une &#8220;vague de frappes&#8221; sur l&#8217;Iran L&#8217;arm\u00e9e isra\u00e9lienne a annonc\u00e9 mardi soir avoir lanc\u00e9 une &#8220;vague de frappes&#8221; sur T\u00e9h\u00e9ran, peu apr\u00e8s que de nouvelles d\u00e9flagrations ont \u00e9t\u00e9 entendues dans la capitale iranienne. &#8220;Les forces de d\u00e9fense isra\u00e9liennes ont entam\u00e9 une [&hellip;]<\/p>\n","protected":false},"author":1,"featured_media":124256,"comment_status":"open","ping_status":"open","sticky":false,"template":"","format":"standard","meta":{"_monsterinsights_skip_tracking":false,"_monsterinsights_sitenote_active":false,"_monsterinsights_sitenote_note":"","_monsterinsights_sitenote_category":0,"footnotes":""},"categories":[1],"tags":[],"coauthors":[77],"class_list":["post-124255","post","type-post","status-publish","format-standard","has-post-thumbnail","hentry","category-a-la-une"],"aioseo_notices":[],"_links":{"self":[{"href":"https:\/\/pressactu.com\/index.php?rest_route=\/wp\/v2\/posts\/124255","targetHints":{"allow":["GET"]}}],"collection":[{"href":"https:\/\/pressactu.com\/index.php?rest_route=\/wp\/v2\/posts"}],"about":[{"href":"https:\/\/pressactu.com\/index.php?rest_route=\/wp\/v2\/types\/post"}],"author":[{"embeddable":true,"href":"https:\/\/pressactu.com\/index.php?rest_route=\/wp\/v2\/users\/1"}],"replies":[{"embeddable":true,"href":"https:\/\/pressactu.com\/index.php?rest_route=%2Fwp%2Fv2%2Fcomments&post=124255"}],"version-history":[{"count":0,"href":"https:\/\/pressactu.com\/index.php?rest_route=\/wp\/v2\/posts\/124255\/revisions"}],"wp:featuredmedia":[{"embeddable":true,"href":"https:\/\/pressactu.com\/index.php?rest_route=\/wp\/v2\/media\/124256"}],"wp:attachment":[{"href":"https:\/\/pressactu.com\/index.php?rest_route=%2Fwp%2Fv2%2Fmedia&parent=124255"}],"wp:term":[{"taxonomy":"category","embeddable":true,"href":"https:\/\/pressactu.com\/index.php?rest_route=%2Fwp%2Fv2%2Fcategories&post=124255"},{"taxonomy":"post_tag","embeddable":true,"href":"https:\/\/pressactu.com\/index.php?rest_route=%2Fwp%2Fv2%2Ftags&post=124255"},{"taxonomy":"author","embeddable":true,"href":"https:\/\/pressactu.com\/index.php?rest_route=%2Fwp%2Fv2%2Fcoauthors&post=124255"}],"curies":[{"name":"wp","href":"https:\/\/api.w.org\/{rel}","templated":true}]}}