{"id":124253,"date":"2026-03-11T11:59:35","date_gmt":"2026-03-11T11:59:35","guid":{"rendered":"https:\/\/pressactu.com\/?p=124253"},"modified":"2026-03-11T11:59:35","modified_gmt":"2026-03-11T11:59:35","slug":"sainte-eulalie-match-nul-pour-les-footballeurs-de-lessev-malgre-une-belle-remontee-de-lequipe-fanion","status":"publish","type":"post","link":"https:\/\/pressactu.com\/?p=124253","title":{"rendered":"Sainte-Eulalie &#8211; Match nul pour les footballeurs de l\u2019Essev  malgr\u00e9 une belle remont\u00e9e de l\u2019\u00e9quipe fanion"},"content":{"rendered":"<div rel=\"js-article-content\" data-state=\"fixed-height\" data-selection=\"disabled\">\n                                                                                                                                                            <!-- Pub DFP Position [outstream] --><\/p>\n<p>Ce dimanche 8 mars, les seniors de la r\u00e9serve de l\u2019Entente sportive Sainte-Eulalie\/Villes\u00e8quelande affrontaient \u00e0 domicile le Haut Minervois OL 3 \u00e0 11 h 30. Les visiteurs ont entam\u00e9 la rencontre de mani\u00e8re combative et se sont montr\u00e9s imm\u00e9diatement offensifs. En deuxi\u00e8me partie de la premi\u00e8re mi-temps, les locaux ont repris le dessus mais cela n\u2019est pas suffisant : \u00e0 la pause, aucune \u00e9quipe n\u2019a marqu\u00e9. La seconde p\u00e9riode, semblable \u00e0 la premi\u00e8re, d\u00e9bouche sur un match nul.<\/p>\n<p><!-- Pub DFP Position [article] --><\/p>\n<p>Pour l\u2019\u00e9quipe fanion, le match s\u2019est tenu \u00e0 15 heures contre le Corbi\u00e8res FC, \u00e0 domicile. Avant le coup d\u2019envoi, la pr\u00e9sence de plusieurs patrouilles de gendarmerie a suscit\u00e9 des interrogations.<i> &#8220;Rien \u00e0 voir avec l\u2019\u00e9quipe ou les supporters de l\u2019Essev&#8221;,<\/i> pr\u00e9cise l\u2019adjoint au maire, tout en ajoutant :<i> &#8220;C\u2019est du c\u00f4t\u00e9 des visiteurs qu\u2019il faut se tourner pour justifier cette pr\u00e9sence de pas moins de quatre patrouilles de gendarmerie&#8221;. <\/i>Pas de quoi troubler le d\u00e9roulement du match, m\u00eame si la deuxi\u00e8me mi-temps a \u00e9t\u00e9 plus tendue.<\/p>\n<p>D\u2019entr\u00e9e, \u00e0 la 9e minute, les visiteurs b\u00e9n\u00e9ficient d\u2019un penalty, transform\u00e9 : Corbi\u00e8res ouvre la marque. Dix minutes plus tard, les Verts loupent l\u2019occasion d\u2019\u00e9galiser sur penalty \u00e9galement. Il faut attendre la deuxi\u00e8me mi-temps pour un deuxi\u00e8me but des visiteurs \u00e0 la 57e minute. Le score semble alors fig\u00e9.<\/p>\n<p>C\u2019est \u00e0 la 77e minute que Mohamud Abdifetah, l\u2019une des nouvelles recrues de la saison, va r\u00e9duire le score en marquant le premier but des Verts. Quatre minutes plus tard, l\u2019Essev b\u00e9n\u00e9ficie d\u2019un nouveau penalty et c\u2019est Maxime Lopez qui se pr\u00e9sente dans la surface. Malheureusement, la frappe est arr\u00eat\u00e9e par le gardien, qui commet une faute : l\u2019arbitre redemande le tir de ce penalty. La deuxi\u00e8me tentative est la bonne et les deux \u00e9quipes se quittent sur un score de 2-2. Une belle remont\u00e9e pour l\u2019Essev, qui \u00e9choue de peu \u00e0 d\u00e9crocher la victoire \u00e0 domicile.<\/p>\n<p>Prochains matchs de championnat : \u00e0 nouveau \u00e0 domicile, les matchs se d\u00e9rouleront au stade de Sainte-Eulalie ce<b> dimanche 15 mars.<\/b> La r\u00e9serve en D4 jouera \u00e0 11 h 30 contre le voisin de Caux-et-Sauzens ; l\u2019\u00e9quipe fanion en D2 jouera \u00e0 15 heures contre Cuxac-d\u2019Aude O2.<\/p>\n<p>Le club, les dirigeants, les joueurs et les supporters adressent un prompt r\u00e9tablissement au coach de l\u2019\u00e9quipe fanion Harry Mbida actuellement en convalescence qui l\u2019\u00e9carte des terrains de sport.<\/p>\n<\/p><\/div>\n<p><a href=\"https:\/\/www.ladepeche.fr\/2026\/03\/11\/sainte-eulalie-match-nul-pour-les-footballeurs-de-lessev-malgre-une-belle-remontee-de-lequipe-fanion-13266019.php\">source<\/a><\/p>\n","protected":false},"excerpt":{"rendered":"<p>Ce dimanche 8 mars, les seniors de la r\u00e9serve de l\u2019Entente sportive Sainte-Eulalie\/Villes\u00e8quelande affrontaient \u00e0 domicile le Haut Minervois OL 3 \u00e0 11 h 30. Les visiteurs ont entam\u00e9 la rencontre de mani\u00e8re combative et se sont montr\u00e9s imm\u00e9diatement offensifs. En deuxi\u00e8me partie de la premi\u00e8re mi-temps, les locaux ont repris le dessus mais cela [&hellip;]<\/p>\n","protected":false},"author":1,"featured_media":124254,"comment_status":"open","ping_status":"open","sticky":false,"template":"","format":"standard","meta":{"_monsterinsights_skip_tracking":false,"_monsterinsights_sitenote_active":false,"_monsterinsights_sitenote_note":"","_monsterinsights_sitenote_category":0,"footnotes":""},"categories":[71],"tags":[],"coauthors":[77],"class_list":["post-124253","post","type-post","status-publish","format-standard","has-post-thumbnail","hentry","category-sport"],"aioseo_notices":[],"_links":{"self":[{"href":"https:\/\/pressactu.com\/index.php?rest_route=\/wp\/v2\/posts\/124253","targetHints":{"allow":["GET"]}}],"collection":[{"href":"https:\/\/pressactu.com\/index.php?rest_route=\/wp\/v2\/posts"}],"about":[{"href":"https:\/\/pressactu.com\/index.php?rest_route=\/wp\/v2\/types\/post"}],"author":[{"embeddable":true,"href":"https:\/\/pressactu.com\/index.php?rest_route=\/wp\/v2\/users\/1"}],"replies":[{"embeddable":true,"href":"https:\/\/pressactu.com\/index.php?rest_route=%2Fwp%2Fv2%2Fcomments&post=124253"}],"version-history":[{"count":0,"href":"https:\/\/pressactu.com\/index.php?rest_route=\/wp\/v2\/posts\/124253\/revisions"}],"wp:featuredmedia":[{"embeddable":true,"href":"https:\/\/pressactu.com\/index.php?rest_route=\/wp\/v2\/media\/124254"}],"wp:attachment":[{"href":"https:\/\/pressactu.com\/index.php?rest_route=%2Fwp%2Fv2%2Fmedia&parent=124253"}],"wp:term":[{"taxonomy":"category","embeddable":true,"href":"https:\/\/pressactu.com\/index.php?rest_route=%2Fwp%2Fv2%2Fcategories&post=124253"},{"taxonomy":"post_tag","embeddable":true,"href":"https:\/\/pressactu.com\/index.php?rest_route=%2Fwp%2Fv2%2Ftags&post=124253"},{"taxonomy":"author","embeddable":true,"href":"https:\/\/pressactu.com\/index.php?rest_route=%2Fwp%2Fv2%2Fcoauthors&post=124253"}],"curies":[{"name":"wp","href":"https:\/\/api.w.org\/{rel}","templated":true}]}}