{"id":124251,"date":"2026-03-11T11:56:13","date_gmt":"2026-03-11T11:56:13","guid":{"rendered":"https:\/\/pressactu.com\/?p=124251"},"modified":"2026-03-11T11:56:13","modified_gmt":"2026-03-11T11:56:13","slug":"le-gdsa-46-en-lutte-contre-le-varroa-et-le-frelon-asiatique","status":"publish","type":"post","link":"https:\/\/pressactu.com\/?p=124251","title":{"rendered":"Le GDSA 46 en lutte contre le varroa et le frelon asiatique"},"content":{"rendered":"<div rel=\"js-article-content\">\n                                                                                                                                                            <!-- Pub DFP Position [outstream] --><\/p>\n<p>Dimanche 1er mars, une soixantaine de personnes assistaient \u00e0 la r\u00e9union de printemps du groupement de d\u00e9fense sanitaire des abeilles du Lot dans la salle du conseil de Lacapelle-Marival.<\/p>\n<p><!-- Pub DFP Position [article] --><\/p>\n<p>De 9 h 30 \u00e0 10 h 30, les adh\u00e9rents au GDSA46 retiraient leurs commandes de m\u00e9dicaments pour combattre le varroa, un acarien qui d\u00e9cime les ruches. <\/p>\n<p>\u00c0 partir de 10 h 30, la pr\u00e9sidente du GDSA 46 Patricia Caussanel informait les apiculteurs lotois d\u2019un nouveau danger pour nos abeilles. Un acarien : le Tropilaelaps est pr\u00e9sent dans certains pays de l\u2019est et est bien plus difficile \u00e0 combattre que le varroa. Pour le moment, aucun traitement avec autorisation de mise sur le march\u00e9 n\u2019est propos\u00e9 pour l\u2019\u00e9radiquer. La seule solution passe par un blocage des importations d\u2019abeilles des pays infest\u00e9s. <\/p>\n<p>Dans un second temps, sur un visuel r\u00e9alis\u00e9 par Fran\u00e7ois Depardon du rucher Apibio de Flaujac-Poujols, la pr\u00e9sidente d\u00e9veloppait un expos\u00e9 sur le frelon \u00e0 patte jaune (dit asiatique). La biologie et le cycle de reproduction du Vespa velutina nigrithorax furent pr\u00e9sent\u00e9s. Ensuite venaient les moyens de lutte contre cet envahisseur. De la destruction des nids au pi\u00e9geage en passant par les diff\u00e9rentes protections des colonies d\u2019abeilles (museli\u00e8res, harpes, tentes\u2026), toutes les solutions furent pr\u00e9sent\u00e9es. La cr\u00e9ativit\u00e9 des apiculteurs lotois pour prot\u00e9ger les ruches \u00e9tait mise \u00e0 l\u2019honneur. <\/p>\n<p>Le GDSA d\u00e9veloppait son projet de mettre en place un comit\u00e9 de pilotage contre le frelon asiatique. Un appel \u00e9tait lanc\u00e9 \u00e0 tous les apiculteurs et les tenants de la biodiversit\u00e9 pour devenir r\u00e9f\u00e9rents frelon sur leur secteur g\u00e9ographique. Ces volontaires seront dot\u00e9s par le GDSA de pi\u00e8ges et d\u2019app\u00e2ts ; ils s\u2019engagent \u00e0 suivre les pi\u00e8ges et \u00e0 faire remonter le nombre de prises de frelon asiatique aupr\u00e8s du GDSA, qui travaillera avec le FRGDS Occitanie et les organismes nationaux qui f\u00e9d\u00e8rent la lutte. <\/p>\n<p> Pour clore cette matin\u00e9e sur un moment convivial, un ap\u00e9ritif \u00e9tait propos\u00e9 \u00e0 tous les participants. <\/p>\n<\/p><\/div>\n<p><a href=\"https:\/\/www.ladepeche.fr\/2026\/03\/11\/le-gdsa-46-en-lutte-contre-le-varroa-et-le-frelon-asiatique-13265859.php\">source<\/a><\/p>\n","protected":false},"excerpt":{"rendered":"<p>Dimanche 1er mars, une soixantaine de personnes assistaient \u00e0 la r\u00e9union de printemps du groupement de d\u00e9fense sanitaire des abeilles du Lot dans la salle du conseil de Lacapelle-Marival. De 9 h 30 \u00e0 10 h 30, les adh\u00e9rents au GDSA46 retiraient leurs commandes de m\u00e9dicaments pour combattre le varroa, un acarien qui d\u00e9cime les [&hellip;]<\/p>\n","protected":false},"author":1,"featured_media":124252,"comment_status":"open","ping_status":"open","sticky":false,"template":"","format":"standard","meta":{"_monsterinsights_skip_tracking":false,"_monsterinsights_sitenote_active":false,"_monsterinsights_sitenote_note":"","_monsterinsights_sitenote_category":0,"footnotes":""},"categories":[74],"tags":[],"coauthors":[77],"class_list":["post-124251","post","type-post","status-publish","format-standard","has-post-thumbnail","hentry","category-economie"],"aioseo_notices":[],"_links":{"self":[{"href":"https:\/\/pressactu.com\/index.php?rest_route=\/wp\/v2\/posts\/124251","targetHints":{"allow":["GET"]}}],"collection":[{"href":"https:\/\/pressactu.com\/index.php?rest_route=\/wp\/v2\/posts"}],"about":[{"href":"https:\/\/pressactu.com\/index.php?rest_route=\/wp\/v2\/types\/post"}],"author":[{"embeddable":true,"href":"https:\/\/pressactu.com\/index.php?rest_route=\/wp\/v2\/users\/1"}],"replies":[{"embeddable":true,"href":"https:\/\/pressactu.com\/index.php?rest_route=%2Fwp%2Fv2%2Fcomments&post=124251"}],"version-history":[{"count":0,"href":"https:\/\/pressactu.com\/index.php?rest_route=\/wp\/v2\/posts\/124251\/revisions"}],"wp:featuredmedia":[{"embeddable":true,"href":"https:\/\/pressactu.com\/index.php?rest_route=\/wp\/v2\/media\/124252"}],"wp:attachment":[{"href":"https:\/\/pressactu.com\/index.php?rest_route=%2Fwp%2Fv2%2Fmedia&parent=124251"}],"wp:term":[{"taxonomy":"category","embeddable":true,"href":"https:\/\/pressactu.com\/index.php?rest_route=%2Fwp%2Fv2%2Fcategories&post=124251"},{"taxonomy":"post_tag","embeddable":true,"href":"https:\/\/pressactu.com\/index.php?rest_route=%2Fwp%2Fv2%2Ftags&post=124251"},{"taxonomy":"author","embeddable":true,"href":"https:\/\/pressactu.com\/index.php?rest_route=%2Fwp%2Fv2%2Fcoauthors&post=124251"}],"curies":[{"name":"wp","href":"https:\/\/api.w.org\/{rel}","templated":true}]}}