{"id":124249,"date":"2026-03-11T10:38:26","date_gmt":"2026-03-11T10:38:26","guid":{"rendered":"https:\/\/pressactu.com\/?p=124249"},"modified":"2026-03-11T10:38:26","modified_gmt":"2026-03-11T10:38:26","slug":"incendie-en-suisse-un-car-prend-feu-avec-des-passagers-a-son-bord-plusieurs-morts-et-blesses-a-deplorer","status":"publish","type":"post","link":"https:\/\/pressactu.com\/?p=124249","title":{"rendered":"Incendie en Suisse\u00a0: un car prend feu avec des passagers \u00e0 son bord, plusieurs morts et bless\u00e9s \u00e0 d\u00e9plorer"},"content":{"rendered":"<p>\n                                                                    <span class=\"article-full__chapo-label hide-on-small-only\">l&#8217;essentiel<\/span><br \/>\n                                                                Plusieurs morts et bless\u00e9s sont \u00e0 d\u00e9plorer en Suisse apr\u00e8s l\u2019incendie d\u2019un autocar rempli de passagers \u00e0 son bord.\n                            <\/p>\n<div rel=\"js-article-content\">\n                                                                                                                                                            <!-- Pub DFP Position [outstream] --><\/p>\n<p>Un autocar avec des passagers \u00e0 son bord a pris feu ce mardi 10\u00a0mars dans la soir\u00e9e dans une petite ville du canton de Fribourg, dans l\u2019ouest de la Suisse, faisant plusieurs morts et bless\u00e9s, a annonc\u00e9 la police cantonale, confirmant une information de <a href=\"https:\/\/www.rts.ch\/info\/regions\/fribourg\/2026\/article\/incendie-d-un-car-postal-a-chietres-plusieurs-blesses-un-helitreuille-29178388.html\" target=\"_blank\">RTS<\/a>.\u00a0Au moins six morts et cinq bless\u00e9s seraient \u00e0 d\u00e9plorer, selon un premier bilan.<\/p>\n<p><!-- Pub DFP Position [article] --><\/p>\n<p><iframe width=\"500\" height=\"305\" style=\"border:none;overflow:hidden\" scrolling=\"no\" frameborder=\"0\" allowfullscreen=\"true\" allow=\"autoplay; clipboard-write; encrypted-media; picture-in-picture; web-share\" data-src=\"https:\/\/www.facebook.com\/plugins\/post.php?href=https%3A%2F%2Fwww.facebook.com%2Fpolice.fribourg.freiburg%2Fposts%2Fpfbid0RkeDhN6QZfHEcJ6CiJiLSt6gUpuNLtAYK9bYCjtWzcLF4UDbxFzPCt1XrDmgzD2Al&amp;show_text=true&amp;width=500\"><\/iframe><\/p>\n<p>&#8220;Un incendie s\u2019est d\u00e9clar\u00e9 dans un car [\u2026] \u00e0 Kerzers&#8221; (Chi\u00e8tres en fran\u00e7ais), a annonc\u00e9 la police du canton de Fribourg sur son compte Facebook. &#8220;Plusieurs personnes ont \u00e9t\u00e9 bless\u00e9es et plusieurs personnes sont d\u00e9c\u00e9d\u00e9es. L\u2019intervention des secours est en cours. Les causes ne sont pour l\u2019heure pas connues.&#8221;<\/p>\n<h2 class=\"txt-int\">Le public doit\u00a0rester \u00e0 l\u2019\u00e9cart du secteur<\/h2>\n<p>La police a indiqu\u00e9 que l\u2019incendie de cet autocar de transport r\u00e9gional s\u2019est produit vers 18h25 (17h25 GMT) sur la Murtenstrasse, la rue principale de cette petite ville situ\u00e9e \u00e0 l\u2019ouest de Berne.\u00a0La police a demand\u00e9 au public de rester \u00e0 l\u2019\u00e9cart du secteur et de suivre les instructions des secours.<\/p>\n<p>Les autorit\u00e9s locales devaient tenir une conf\u00e9rence de presse plus tard dans la soir\u00e9e<\/p>\n<\/p><\/div>\n<p><a href=\"https:\/\/www.ladepeche.fr\/2026\/03\/10\/incendie-mortel-en-suisse-un-car-prend-feu-avec-des-passagers-a-son-bord-plusieurs-morts-et-blesses-a-deplorer-13265329.php\">source<\/a><\/p>\n","protected":false},"excerpt":{"rendered":"<p>l&#8217;essentiel Plusieurs morts et bless\u00e9s sont \u00e0 d\u00e9plorer en Suisse apr\u00e8s l\u2019incendie d\u2019un autocar rempli de passagers \u00e0 son bord. Un autocar avec des passagers \u00e0 son bord a pris feu ce mardi 10\u00a0mars dans la soir\u00e9e dans une petite ville du canton de Fribourg, dans l\u2019ouest de la Suisse, faisant plusieurs morts et bless\u00e9s, [&hellip;]<\/p>\n","protected":false},"author":1,"featured_media":124250,"comment_status":"open","ping_status":"open","sticky":false,"template":"","format":"standard","meta":{"_monsterinsights_skip_tracking":false,"_monsterinsights_sitenote_active":false,"_monsterinsights_sitenote_note":"","_monsterinsights_sitenote_category":0,"footnotes":""},"categories":[1],"tags":[],"coauthors":[77],"class_list":["post-124249","post","type-post","status-publish","format-standard","has-post-thumbnail","hentry","category-a-la-une"],"aioseo_notices":[],"_links":{"self":[{"href":"https:\/\/pressactu.com\/index.php?rest_route=\/wp\/v2\/posts\/124249","targetHints":{"allow":["GET"]}}],"collection":[{"href":"https:\/\/pressactu.com\/index.php?rest_route=\/wp\/v2\/posts"}],"about":[{"href":"https:\/\/pressactu.com\/index.php?rest_route=\/wp\/v2\/types\/post"}],"author":[{"embeddable":true,"href":"https:\/\/pressactu.com\/index.php?rest_route=\/wp\/v2\/users\/1"}],"replies":[{"embeddable":true,"href":"https:\/\/pressactu.com\/index.php?rest_route=%2Fwp%2Fv2%2Fcomments&post=124249"}],"version-history":[{"count":0,"href":"https:\/\/pressactu.com\/index.php?rest_route=\/wp\/v2\/posts\/124249\/revisions"}],"wp:featuredmedia":[{"embeddable":true,"href":"https:\/\/pressactu.com\/index.php?rest_route=\/wp\/v2\/media\/124250"}],"wp:attachment":[{"href":"https:\/\/pressactu.com\/index.php?rest_route=%2Fwp%2Fv2%2Fmedia&parent=124249"}],"wp:term":[{"taxonomy":"category","embeddable":true,"href":"https:\/\/pressactu.com\/index.php?rest_route=%2Fwp%2Fv2%2Fcategories&post=124249"},{"taxonomy":"post_tag","embeddable":true,"href":"https:\/\/pressactu.com\/index.php?rest_route=%2Fwp%2Fv2%2Ftags&post=124249"},{"taxonomy":"author","embeddable":true,"href":"https:\/\/pressactu.com\/index.php?rest_route=%2Fwp%2Fv2%2Fcoauthors&post=124249"}],"curies":[{"name":"wp","href":"https:\/\/api.w.org\/{rel}","templated":true}]}}