{"id":124247,"date":"2026-03-11T10:19:20","date_gmt":"2026-03-11T10:19:20","guid":{"rendered":"https:\/\/pressactu.com\/?p=124247"},"modified":"2026-03-11T10:19:20","modified_gmt":"2026-03-11T10:19:20","slug":"carcassonne-lusc-et-le-groupe-depeche-signent-un-partenariat","status":"publish","type":"post","link":"https:\/\/pressactu.com\/?p=124247","title":{"rendered":"Carcassonne. L\u2019USC et le groupe D\u00e9p\u00eache signent un partenariat"},"content":{"rendered":"<p>\n                                                                    <span class=\"article-full__chapo-label hide-on-small-only\">l&#8217;essentiel<\/span><br \/>\n                                                                Hier, le restaurant le Bureau situ\u00e9 \u00e0 Rocadest \u00e0 Carcassonne accueillait le groupe D\u00e9p\u00eache, L\u2019Ind\u00e9pendant et l\u2019US Carcassonne.\n                            <\/p>\n<div rel=\"js-article-content\">\n                                                                                                                                                            <!-- Pub DFP Position [outstream] --><\/p>\n<p>Ce mardi 10 mars, au Bureau \u00e0 Rocadest \u00e0 Carcassonne l\u2019USC Entreprises accueillait un rendez-vous particulier lors de sa r\u00e9union mensuelle. Le groupe D\u00e9p\u00eache, <i>L\u2019Ind\u00e9pendant<\/i>, l\u2019agence de communication Evelyne et l\u2019US Carcassonne s\u2019y sont retrouv\u00e9s pour signer une convention de partenariat.<\/p>\n<p><!-- Pub DFP Position [article] --><\/p>\n<p><i>&#8220;L\u2019une des missions du groupe est de faire rayonner nos territoires et les acteurs qui les font vivre&#8221;<\/i>, a rappel\u00e9 \u00c9ric Laffont-Baylet, administrateur du groupe D\u00e9p\u00eache. <i>&#8220;Nous sommes sans cesse \u00e0 vos c\u00f4t\u00e9s, sept jours par semaine&#8221;<\/i>, a ajout\u00e9 Serge Gelis, directeur d\u00e9l\u00e9gu\u00e9 de <i>L\u2019Ind\u00e9pendant<\/i>.<\/p>\n<p>Vice-pr\u00e9sident de l\u2019USC, Nicolas Regnier a \u00e9galement \u00e9voqu\u00e9 la saison sportive :<i> &#8220;L\u2019objectif du dernier bloc est atteint, m\u00eame si on aurait aim\u00e9 avoir le bonus d\u00e9fensif. Ce partenariat est important pour nous, c\u2019est une fiert\u00e9 de vous avoir \u00e0 nos c\u00f4t\u00e9s, quels que soient les r\u00e9sultats.&#8221;<\/i><\/p>\n<\/p><\/div>\n<p><a href=\"https:\/\/www.ladepeche.fr\/2026\/03\/11\/lusc-et-le-groupe-depeche-signent-un-partenariat-13266029.php\">source<\/a><\/p>\n","protected":false},"excerpt":{"rendered":"<p>l&#8217;essentiel Hier, le restaurant le Bureau situ\u00e9 \u00e0 Rocadest \u00e0 Carcassonne accueillait le groupe D\u00e9p\u00eache, L\u2019Ind\u00e9pendant et l\u2019US Carcassonne. Ce mardi 10 mars, au Bureau \u00e0 Rocadest \u00e0 Carcassonne l\u2019USC Entreprises accueillait un rendez-vous particulier lors de sa r\u00e9union mensuelle. Le groupe D\u00e9p\u00eache, L\u2019Ind\u00e9pendant, l\u2019agence de communication Evelyne et l\u2019US Carcassonne s\u2019y sont retrouv\u00e9s pour [&hellip;]<\/p>\n","protected":false},"author":1,"featured_media":124248,"comment_status":"open","ping_status":"open","sticky":false,"template":"","format":"standard","meta":{"_monsterinsights_skip_tracking":false,"_monsterinsights_sitenote_active":false,"_monsterinsights_sitenote_note":"","_monsterinsights_sitenote_category":0,"footnotes":""},"categories":[71],"tags":[],"coauthors":[77],"class_list":["post-124247","post","type-post","status-publish","format-standard","has-post-thumbnail","hentry","category-sport"],"aioseo_notices":[],"_links":{"self":[{"href":"https:\/\/pressactu.com\/index.php?rest_route=\/wp\/v2\/posts\/124247","targetHints":{"allow":["GET"]}}],"collection":[{"href":"https:\/\/pressactu.com\/index.php?rest_route=\/wp\/v2\/posts"}],"about":[{"href":"https:\/\/pressactu.com\/index.php?rest_route=\/wp\/v2\/types\/post"}],"author":[{"embeddable":true,"href":"https:\/\/pressactu.com\/index.php?rest_route=\/wp\/v2\/users\/1"}],"replies":[{"embeddable":true,"href":"https:\/\/pressactu.com\/index.php?rest_route=%2Fwp%2Fv2%2Fcomments&post=124247"}],"version-history":[{"count":0,"href":"https:\/\/pressactu.com\/index.php?rest_route=\/wp\/v2\/posts\/124247\/revisions"}],"wp:featuredmedia":[{"embeddable":true,"href":"https:\/\/pressactu.com\/index.php?rest_route=\/wp\/v2\/media\/124248"}],"wp:attachment":[{"href":"https:\/\/pressactu.com\/index.php?rest_route=%2Fwp%2Fv2%2Fmedia&parent=124247"}],"wp:term":[{"taxonomy":"category","embeddable":true,"href":"https:\/\/pressactu.com\/index.php?rest_route=%2Fwp%2Fv2%2Fcategories&post=124247"},{"taxonomy":"post_tag","embeddable":true,"href":"https:\/\/pressactu.com\/index.php?rest_route=%2Fwp%2Fv2%2Ftags&post=124247"},{"taxonomy":"author","embeddable":true,"href":"https:\/\/pressactu.com\/index.php?rest_route=%2Fwp%2Fv2%2Fcoauthors&post=124247"}],"curies":[{"name":"wp","href":"https:\/\/api.w.org\/{rel}","templated":true}]}}