{"id":124245,"date":"2026-03-11T10:15:47","date_gmt":"2026-03-11T10:15:47","guid":{"rendered":"https:\/\/pressactu.com\/?p=124245"},"modified":"2026-03-11T10:15:47","modified_gmt":"2026-03-11T10:15:47","slug":"le-chateau-arton-a-lectoure-recoit-le-prix-du-president-de-la-republique-pour-lun-de-ses-armagnacs","status":"publish","type":"post","link":"https:\/\/pressactu.com\/?p=124245","title":{"rendered":"Le ch\u00e2teau Arton \u00e0 Lectoure re\u00e7oit le prix du Pr\u00e9sident de la R\u00e9publique pour l\u2019un de ses armagnacs"},"content":{"rendered":"<p>\n                                                                    <span class=\"article-full__chapo-label hide-on-small-only\">l&#8217;essentiel<\/span><br \/>\n                                                                Le domaine de Jean de Montal a \u00e9t\u00e9 honor\u00e9 au plus haut niveau pour son mill\u00e9sime &#8220;La Flamme 2015&#8221;.\n                            <\/p>\n<div rel=\"js-article-content\" data-state=\"fixed-height\" data-selection=\"disabled\">\n                                                                                                                                                            <!-- Pub DFP Position [outstream] --><\/p>\n<p>Le mill\u00e9sime &#8220;La Flamme 2015&#8221; du ch\u00e2teau Arton a d\u00e9croch\u00e9 le prix du Pr\u00e9sident de la R\u00e9publique, distinction remise aux meilleurs armagnacs fran\u00e7ais. Carole Delga, pr\u00e9sidente de la r\u00e9gion Occitanie, s\u2019est rendue sur place pour f\u00e9liciter Jean de Montal, propri\u00e9taire du domaine, et r\u00e9affirmer l\u2019engagement de la r\u00e9gion en faveur de la fili\u00e8re.<\/p>\n<p><!-- Pub DFP Position [article] --><\/p>\n<p>Jean de Montal se plaisait \u00e0 d\u00e9mentir un pr\u00e9jug\u00e9 : &#8220;En g\u00e9n\u00e9ral, on pense que l\u2019armagnac est meilleur quand il est vieux mais quand il exprime \u00e0 la fois la jeunesse et la tradition, et bien, il est prim\u00e9&#8221;.<\/p>\n<p>&#8220;La Flamme 2015&#8221; a en effet d\u00e9croch\u00e9 le Grand Or dans la cat\u00e9gorie des armagnacs de 10 \u00e0 20 ans, avant d\u2019\u00eatre couronn\u00e9 le meilleur d\u2019entre eux. Une cons\u00e9cration nationale pour ce domaine. Le p\u00e8re de Jean de Montal fut le premier \u00e0 commercialiser une eau-de-vie appel\u00e9e blanche armagnac, sous la marque &#8220;Fine Blanche&#8221;, un produit pionnier que l\u2019Institut national de l\u2019origine et de la qualit\u00e9 (Inao) avait consacr\u00e9.<\/p>\n<p>Aujourd\u2019hui, Jean et Lili de Montal travaillent avec l\u2019\u0153nologue Fabrice Saramon. Ils ont engag\u00e9 une s\u00e9rie d\u2019investissements, en partie cofinanc\u00e9s par la r\u00e9gion Occitanie, dont la construction d\u2019un caveau de d\u00e9gustation et de vente.<\/p>\n<h2 class=\"txt-int\">&#8220;Spiritourisme&#8221; et cocktails<\/h2>\n<p>Forts de cette reconnaissance, l\u2019\u00e9quipe du domaine Arton dessine les contours de son d\u00e9veloppement : le &#8220;spiritourisme&#8221; et l\u2019univers des cocktails. &#8220;Nos visiteurs sont conquis par l\u2019environnement, par les produits, il y a une esp\u00e8ce de fid\u00e9lisation. Cette gamme nous permettra d\u2019\u00eatre aussi implant\u00e9s dans le secteur des cocktails&#8221;, explique Jean de Montal.<\/p>\n<p>Lors de la visite avec David Taupiac, Philippe Dupouy et les conseillers d\u00e9partementaux Patricia Marrocq et Dominique Gonella, la pr\u00e9sidente de r\u00e9gion a soulign\u00e9 &#8220;l\u2019exemplarit\u00e9 du domaine. Obtenir le prix du Pr\u00e9sident de la R\u00e9publique d\u00e9montre le caract\u00e8re exceptionnel de la qualit\u00e9&#8221;, a-t-elle d\u00e9clar\u00e9, pr\u00e9cisant que la r\u00e9gion accompagne le domaine depuis plusieurs ann\u00e9es dans sa structuration et la valorisation de ses produits.<\/p>\n<\/p><\/div>\n<p><a href=\"https:\/\/www.ladepeche.fr\/2026\/03\/11\/le-chateau-arton-a-lectoure-recoit-le-prix-du-president-de-la-republique-pour-lun-de-ses-armagnacs-13265934.php\">source<\/a><\/p>\n","protected":false},"excerpt":{"rendered":"<p>l&#8217;essentiel Le domaine de Jean de Montal a \u00e9t\u00e9 honor\u00e9 au plus haut niveau pour son mill\u00e9sime &#8220;La Flamme 2015&#8221;. Le mill\u00e9sime &#8220;La Flamme 2015&#8221; du ch\u00e2teau Arton a d\u00e9croch\u00e9 le prix du Pr\u00e9sident de la R\u00e9publique, distinction remise aux meilleurs armagnacs fran\u00e7ais. Carole Delga, pr\u00e9sidente de la r\u00e9gion Occitanie, s\u2019est rendue sur place pour [&hellip;]<\/p>\n","protected":false},"author":1,"featured_media":124246,"comment_status":"open","ping_status":"open","sticky":false,"template":"","format":"standard","meta":{"_monsterinsights_skip_tracking":false,"_monsterinsights_sitenote_active":false,"_monsterinsights_sitenote_note":"","_monsterinsights_sitenote_category":0,"footnotes":""},"categories":[74],"tags":[],"coauthors":[77],"class_list":["post-124245","post","type-post","status-publish","format-standard","has-post-thumbnail","hentry","category-economie"],"aioseo_notices":[],"_links":{"self":[{"href":"https:\/\/pressactu.com\/index.php?rest_route=\/wp\/v2\/posts\/124245","targetHints":{"allow":["GET"]}}],"collection":[{"href":"https:\/\/pressactu.com\/index.php?rest_route=\/wp\/v2\/posts"}],"about":[{"href":"https:\/\/pressactu.com\/index.php?rest_route=\/wp\/v2\/types\/post"}],"author":[{"embeddable":true,"href":"https:\/\/pressactu.com\/index.php?rest_route=\/wp\/v2\/users\/1"}],"replies":[{"embeddable":true,"href":"https:\/\/pressactu.com\/index.php?rest_route=%2Fwp%2Fv2%2Fcomments&post=124245"}],"version-history":[{"count":0,"href":"https:\/\/pressactu.com\/index.php?rest_route=\/wp\/v2\/posts\/124245\/revisions"}],"wp:featuredmedia":[{"embeddable":true,"href":"https:\/\/pressactu.com\/index.php?rest_route=\/wp\/v2\/media\/124246"}],"wp:attachment":[{"href":"https:\/\/pressactu.com\/index.php?rest_route=%2Fwp%2Fv2%2Fmedia&parent=124245"}],"wp:term":[{"taxonomy":"category","embeddable":true,"href":"https:\/\/pressactu.com\/index.php?rest_route=%2Fwp%2Fv2%2Fcategories&post=124245"},{"taxonomy":"post_tag","embeddable":true,"href":"https:\/\/pressactu.com\/index.php?rest_route=%2Fwp%2Fv2%2Ftags&post=124245"},{"taxonomy":"author","embeddable":true,"href":"https:\/\/pressactu.com\/index.php?rest_route=%2Fwp%2Fv2%2Fcoauthors&post=124245"}],"curies":[{"name":"wp","href":"https:\/\/api.w.org\/{rel}","templated":true}]}}