{"id":124188,"date":"2026-03-10T22:32:26","date_gmt":"2026-03-10T22:32:26","guid":{"rendered":"https:\/\/pressactu.com\/?p=124188"},"modified":"2026-03-10T22:32:26","modified_gmt":"2026-03-10T22:32:26","slug":"decryptage-pourquoi-des-digues-ont-elles-lache-en-lot-et-garonne-durant-les-crues-de-fevrier-on-vous-explique","status":"publish","type":"post","link":"https:\/\/pressactu.com\/?p=124188","title":{"rendered":"D\u00c9CRYPTAGE. Pourquoi des digues ont-elles l\u00e2ch\u00e9 en Lot-et-Garonne durant les crues de f\u00e9vrier\u00a0? On vous explique"},"content":{"rendered":"<p>\n                                                                    <span class=\"article-full__chapo-label hide-on-small-only\">l&#8217;essentiel<\/span><br \/>\n                                                                Sur le territoire de Val de Garonne, neuf br\u00e8ches ont \u00e9t\u00e9 recens\u00e9es lors des \u00e9v\u00e9nements climatiques de f\u00e9vrier\u00a02026, causant des d\u00e9g\u00e2ts estim\u00e9s \u00e0 13,5\u00a0millions d\u2019euros. Pourquoi ces structures ont-elles c\u00e9d\u00e9\u00a0?\n                            <\/p>\n<div rel=\"js-article-content\" data-state=\"fixed-height\" data-selection=\"disabled\">\n                                                                                                                                                            <!-- Pub DFP Position [outstream] --><\/p>\n<p>L\u2019action, la r\u00e9paration et maintenant les questions. Apr\u00e8s le passage d\u00e9vastateur des temp\u00eates Nils et Pedro et les ph\u00e9nom\u00e8nes importants de crues et d\u2019inondations qui ont marqu\u00e9 le mois de f\u00e9vrier\u00a02026 en Lot-et-Garonne, une interrogation taraude les sinistr\u00e9s et les observateurs\u00a0: pourquoi plusieurs digues ont-elles l\u00e2ch\u00e9\u00a0? Les cons\u00e9quences d\u2019une faille dans un tel syst\u00e8me de protection peuvent \u00eatre dramatiques. &#8220;\u00c0 Aiguillon, illustre le colonel Pierre Hierholtz, patron des pompiers du 47, une vague de 2\u00a0m a envahi le casier (un sas de d\u00e9compression, NDLR) en seulement\u00a0deux heures apr\u00e8s la rupture de la digue&#8221;.<\/p>\n<p><!-- Pub DFP Position [article] --><\/p>\n<p>Le Val de Garonne, communaut\u00e9 d\u2019agglom\u00e9ration de pr\u00e8s de 62\u00a0000 habitants regroupant 43 communes autour de Marmande, a \u00e9t\u00e9 particuli\u00e8rement touch\u00e9 par cette probl\u00e9matique. Au 27\u00a0f\u00e9vrier 2026, neuf br\u00e8ches ont \u00e9t\u00e9 recens\u00e9es\u00a0sur les villages de Villeton, S\u00e9nestis, Taillebourg, Caumont, Couthures et Jusix ainsi que des surverses g\u00e9n\u00e9ralis\u00e9es. Celles-ci augurent des \u00e9rosions importantes.<\/p>\n<p class=\"std-elt__inline\">\n        <strong>\u00c0 lire aussi :<\/strong><br \/>\n        <a href=\"\/2021\/02\/05\/digues-et-casiers-pourquoi-la-decrue-est-tout-aussi-risquee-que-la-crue-9354502.php\">Digues et casiers : pourquoi la d\u00e9crue est tout aussi risqu\u00e9e que la crue ?<\/a>\n    <\/p>\n<h2 class=\"txt-int\">&#8220;Les digues ne sont pas l\u00e0 pour emp\u00eacher les inondations majeures&#8221;<\/h2>\n<p>Au total, le lin\u00e9aire des digues endommag\u00e9es devrait repr\u00e9senter moins de 1\u00a0% des 90\u00a0km de celles g\u00e9r\u00e9es par l\u2019Agglom\u00e9ration. L\u2019\u00e9valuation financi\u00e8re des d\u00e9g\u00e2ts est en cours, mais Jacques Bilirit d\u00e9voile une premi\u00e8re estimation de 13,5\u00a0millions d\u2019euros\u00a0pour une r\u00e9paration \u00e0 l\u2019identique. Ce montant est sup\u00e9rieur aux 6\u00a0millions d\u2019euros\u00a0engag\u00e9s apr\u00e8s les inondations de f\u00e9vrier\u00a02021.<\/p>\n<p class=\"std-elt__inline\">\n        <strong>\u00c0 lire aussi :<\/strong><br \/>\n        <a href=\"\/2026\/02\/18\/inondations-et-crues-de-la-garonne-une-digue-fragilisee-par-un-trou-de-taupes-13232003.php\">Inondations et crues de la Garonne\u00a0: une digue fragilis\u00e9e par&#8230; un trou de taupes<\/a>\n    <\/p>\n<p>Pour le pr\u00e9sident de Val de Garonne, les raisons de la casse des digues sont multiples. Elles ont \u00e9t\u00e9 mises en place il y a plus de 80 ans par les agriculteurs pour prot\u00e9ger les r\u00e9coltes des col\u00e8res de Garonne. \u00c0 l\u2019\u00e9poque, elles ont \u00e9t\u00e9 \u00e9difi\u00e9es avec les moyens du bord, avec la terre poreuse juste \u00e0 c\u00f4t\u00e9. Elles n\u2019ont pas la m\u00eame r\u00e9sistance que celles d\u2019aujourd\u2019hui qui, par ailleurs, sont des constructions plus \u00e9vas\u00e9es. &#8220;Apr\u00e8s quarante jours de pluie, la digue, qui est une lev\u00e9e de terre, est d\u00e9tremp\u00e9e, moins solide&#8221;.<\/p>\n<p class=\"std-elt__inline\">\n        <strong>\u00c0 lire aussi :<\/strong><br \/>\n        <a href=\"\/2026\/02\/17\/tempete-nils-on-a-vu-sortir-une-espece-de-geyser-et-la-plaine-a-ete-engloutie-pour-les-agriculteurs-reparer-les-digues-est-la-priorite-13228783.php\">Temp\u00eate Nils\u00a0: &#8220;On a vu sortir une esp\u00e8ce de geyser et la plaine a \u00e9t\u00e9 engloutie&#8221;, pour les agriculteurs, r\u00e9parer les digues est la priorit\u00e9<\/a>\n    <\/p>\n<p>Il souligne \u00e9galement un \u00e9l\u00e9ment fondamental\u00a0: &#8220;Les digues ne sont pas l\u00e0 pour emp\u00eacher les inondations majeures, mais pour laisser le courant \u00e0 l\u2019int\u00e9rieur du lit mineur de Garonne. Quand la digue casse, le probl\u00e8me n\u2019est pas li\u00e9 \u00e0 l\u2019inondation, mais au courant&#8221;. Sur le dernier \u00e9pisode, le d\u00e9bit\u00a0a \u00e9t\u00e9 mesur\u00e9 \u00e0 6\u00a0300 m\u00b3 par seconde. Vertigineux.<\/p>\n<h2 class=\"txt-int\">&#8220;Quand il y a catastrophe naturelle, personne n\u2019est \u00e0 l\u2019abri du danger&#8221;<\/h2>\n<p>Il \u00e9voque enfin l\u2019histoire particuli\u00e8re de S\u00e9nestis. Le syst\u00e8me d\u2019endiguement a \u00e9t\u00e9 pouss\u00e9 par la nappe phr\u00e9atique. &#8220;Avec le ph\u00e9nom\u00e8ne de pluviom\u00e9trie \u00e9norme des mois pr\u00e9c\u00e9dents, la nappe gonfle. Avec tel le courant, elle n\u2019arrive plus \u00e0 se d\u00e9verser et continue \u00e0 gonfler jusqu\u2019\u00e0 soulever la digue et, l\u00e0, elle est emport\u00e9e&#8221;.<\/p>\n<p class=\"std-elt__inline\">\n        <strong>\u00c0 lire aussi :<\/strong><br \/>\n        <a href=\"\/2026\/03\/06\/crues-inondations-tempetes-nils-et-pedro-on-navait-jamais-vu-ca-auparavant-une-reponse-durgence-du-conseil-departemental-de-lot-et-garonne-dun-montant-13258541.php\">Crues, inondations, temp\u00eates Nils et Pedro\u00a0: &#8220;On n\u2019avait jamais vu \u00e7a auparavant&#8221;, une r\u00e9ponse d\u2019urgence du conseil d\u00e9partemental de Lot-et-Garonne d\u2019un montant de 5\u00a0M\u20ac<\/a>\n    <\/p>\n<p>\u00c0 Port-Sainte-Marie o\u00f9 les terres agricoles ont \u00e9t\u00e9 noy\u00e9es par la rupture de la digue, le maire Jacky Larroy n\u2019a pas suspect\u00e9 des blaireaux ou des ragondins comme c\u2019est parfois le cas, mais une taupe. &#8220;L\u2019eau entre dans le trou, \u00e7a siphonne, \u00e7a creuse et \u00e7a finit par s\u2019effondrer&#8221;. Les ph\u00e9nom\u00e8nes sont donc multiples. &#8220;Ce n\u2019est pas un d\u00e9faut d\u2019entretien, conclut Jacques Bilirit. Quand il y a catastrophe naturelle, personne n\u2019est \u00e0 l\u2019abri du danger&#8221;.<\/p>\n<p class=\"std-elt__inline\">\n        <strong>\u00c0 lire aussi :<\/strong><br \/>\n        <a href=\"\/2026\/02\/19\/decryptage-inondations-apres-le-passage-de-la-tempete-nils-la-crue-de-la-garonne-fait-des-degats-a-qui-la-faute-13230649.php\">DECRYPTAGE. Inondations\u00a0: apr\u00e8s le passage de la temp\u00eate Nils, la crue de la Garonne fait des d\u00e9g\u00e2ts\u2026 \u00e0 qui la faute\u00a0?<\/a>\n    <\/p>\n<p>Et d\u2019enfoncer le clou\u00a0: &#8220;Quand la Temp\u00eate Nils emporte une serre, la question ne se pose pas\u00a0de savoir si la serre \u00e9tait bien entretenue&#8221;. Une r\u00e9flexion qui ouvre le d\u00e9bat sur le financement \u00e9pineux des digues. Pour M. Bilirit, il est injuste qu\u2019il soit \u00e0 la charge des intercommunalit\u00e9s. Il plaide pour une solidarit\u00e9 \u00e0 l\u2019\u00e9chelle des bassins-versants ou \u00e0 celle de l\u2019\u00c9tat.<\/p>\n<p class=\"std-elt__inline\">\n        <strong>\u00c0 lire aussi :<\/strong><br \/>\n        <a href=\"\/2026\/02\/16\/tempete-nils-nous-ne-disposons-pas-des-cles-de-son-dispositif-de-protection-la-sncf-rejette-toute-responsabilite-dans-les-inondations-daiguillon-13228691.php\">Temp\u00eate Nils\u00a0: &#8220;Nous ne disposons pas des cl\u00e9s de son dispositif de protection&#8221;, la SNCF rejette toute responsabilit\u00e9 dans les inondations d\u2019Aiguillon<\/a>\n    <\/p>\n<p>\u00a0<\/p>\n<div class=\"std-frame\">\n<h2 class=\"encart_titre\">Des intercommunalit\u00e9s dans une impasse financi\u00e8re<\/h2>\n<div class=\"encart_texte\">\n<p>Jacques Bilirit, pr\u00e9sident de Val Garonne, n\u2019a pas oubli\u00e9 les propos de Monique Barbut lors des inondations de 2021. Venue constater les d\u00e9g\u00e2ts, la ministre de l\u2019environnement lui avait confi\u00e9\u00a0: &#8220;Vous n\u2019avez qu\u2019\u00e0 mobiliser la taxe GEMAPi&#8221;. Selon\u00a0lui, c\u2019est une aberration\u00a0de penser ainsi la protection intercommunale.\u00a0Depuis 2018, ann\u00e9e du transfert de la GEMAPi de l\u2019\u00c9tat aux intercommunalit\u00e9s (2015 en r\u00e9alit\u00e9 pour Val de Garonne Agglom\u00e9ration qui avait pris cette comp\u00e9tence par\u00a0anticipation), de nombreuses collectivit\u00e9s se retrouvent dans des impasses\u00a0financi\u00e8res pour l\u2019entretien et la gestion de leurs syst\u00e8mes d\u2019endiguement.<br \/>En Val de Garonne, zone d\u2019expansion de crue pour un bassin-versant de plus de quatre millions d\u2019habitants, les investissements, indiquent les services de Jacques Bilirit, sont cons\u00e9quents\u00a0: un entretien annuel de\u00a0plus de 600\u00a0000\u00a0\u20ac (+\u00a035\u00a0% en 2 ans), des reconstructions apr\u00e8s crues (6\u00a0millions d\u2019\u20ac\u00a0suite aux inondations de 2021) et des services de l\u2019\u00c9tat qui imposent de r\u00e9aliser 39\u00a0millions d\u2019euros d\u2019investissement d\u2019ici 2030 pour maintenir l\u2019autorisation du\u00a0syst\u00e8me d\u2019endiguement. Avec, aujourd\u2019hui, une premi\u00e8re estimation \u00e0 13,50\u00a0M\u20ac pour r\u00e9parer les digues qui ont c\u00e9d\u00e9, le pr\u00e9sident de Val de Garonne consid\u00e8re que sa capacit\u00e9 d\u2019investir est s\u00e9rieusement amput\u00e9e. Il voit une injustice dans l\u2019absence de solidarit\u00e9 financi\u00e8re.\u00a0Une proposition de loi transpartisane, port\u00e9e par les S\u00e9nateurs Gill\u00e9, Roux\u00a0et Pointereau sera examin\u00e9e en premi\u00e8re lecture au S\u00e9nat au d\u00e9but du mois d\u2019avril.\u00a0Elle reprend deux revendications fortes port\u00e9es par Val de Garonne Agglom\u00e9ration\u00a0: l\u2019instauration de m\u00e9canismes de solidarit\u00e9 amont \u2013 aval \u00e0 l\u2019\u00e9chelle\u00a0des bassins-versants et la garantie d\u2019un soutien \u00e0 80\u00a0% sur les ouvrages, via le fonds\u00a0Barnier, jusqu\u2019en 2035.<\/p>\n<p>\u00a0<\/p>\n<p>\u00a0<\/p>\n<\/div>\n<\/div><\/div>\n<p><a href=\"https:\/\/www.ladepeche.fr\/2026\/03\/10\/decryptage-pourquoi-des-digues-ont-elles-lache-en-lot-et-garonne-durant-les-crues-de-fevrier-on-vous-explique-13263399.php\">source<\/a><\/p>\n","protected":false},"excerpt":{"rendered":"<p>l&#8217;essentiel Sur le territoire de Val de Garonne, neuf br\u00e8ches ont \u00e9t\u00e9 recens\u00e9es lors des \u00e9v\u00e9nements climatiques de f\u00e9vrier\u00a02026, causant des d\u00e9g\u00e2ts estim\u00e9s \u00e0 13,5\u00a0millions d\u2019euros. Pourquoi ces structures ont-elles c\u00e9d\u00e9\u00a0? L\u2019action, la r\u00e9paration et maintenant les questions. Apr\u00e8s le passage d\u00e9vastateur des temp\u00eates Nils et Pedro et les ph\u00e9nom\u00e8nes importants de crues et d\u2019inondations [&hellip;]<\/p>\n","protected":false},"author":1,"featured_media":124189,"comment_status":"open","ping_status":"open","sticky":false,"template":"","format":"standard","meta":{"_monsterinsights_skip_tracking":false,"_monsterinsights_sitenote_active":false,"_monsterinsights_sitenote_note":"","_monsterinsights_sitenote_category":0,"footnotes":""},"categories":[74],"tags":[],"coauthors":[77],"class_list":["post-124188","post","type-post","status-publish","format-standard","has-post-thumbnail","hentry","category-economie"],"aioseo_notices":[],"_links":{"self":[{"href":"https:\/\/pressactu.com\/index.php?rest_route=\/wp\/v2\/posts\/124188","targetHints":{"allow":["GET"]}}],"collection":[{"href":"https:\/\/pressactu.com\/index.php?rest_route=\/wp\/v2\/posts"}],"about":[{"href":"https:\/\/pressactu.com\/index.php?rest_route=\/wp\/v2\/types\/post"}],"author":[{"embeddable":true,"href":"https:\/\/pressactu.com\/index.php?rest_route=\/wp\/v2\/users\/1"}],"replies":[{"embeddable":true,"href":"https:\/\/pressactu.com\/index.php?rest_route=%2Fwp%2Fv2%2Fcomments&post=124188"}],"version-history":[{"count":0,"href":"https:\/\/pressactu.com\/index.php?rest_route=\/wp\/v2\/posts\/124188\/revisions"}],"wp:featuredmedia":[{"embeddable":true,"href":"https:\/\/pressactu.com\/index.php?rest_route=\/wp\/v2\/media\/124189"}],"wp:attachment":[{"href":"https:\/\/pressactu.com\/index.php?rest_route=%2Fwp%2Fv2%2Fmedia&parent=124188"}],"wp:term":[{"taxonomy":"category","embeddable":true,"href":"https:\/\/pressactu.com\/index.php?rest_route=%2Fwp%2Fv2%2Fcategories&post=124188"},{"taxonomy":"post_tag","embeddable":true,"href":"https:\/\/pressactu.com\/index.php?rest_route=%2Fwp%2Fv2%2Ftags&post=124188"},{"taxonomy":"author","embeddable":true,"href":"https:\/\/pressactu.com\/index.php?rest_route=%2Fwp%2Fv2%2Fcoauthors&post=124188"}],"curies":[{"name":"wp","href":"https:\/\/api.w.org\/{rel}","templated":true}]}}