{"id":124156,"date":"2026-03-10T15:50:11","date_gmt":"2026-03-10T15:50:11","guid":{"rendered":"https:\/\/pressactu.com\/?p=124156"},"modified":"2026-03-10T15:50:11","modified_gmt":"2026-03-10T15:50:11","slug":"xv-de-france-audience-reportee-pour-oscar-jegou-qui-devra-attendre-pour-sexpliquer-de-son-mauvais-geste-en-ecosse","status":"publish","type":"post","link":"https:\/\/pressactu.com\/?p=124156","title":{"rendered":"XV de France\u00a0: audience report\u00e9e pour Oscar Jegou, qui devra attendre pour s\u2019expliquer de son mauvais geste en \u00c9cosse"},"content":{"rendered":"<p>\n                                                                    <span class=\"article-full__chapo-label hide-on-small-only\">l&#8217;essentiel<\/span><br \/>\n                                                                L\u2019avenir d\u2019Oscar Jegou dans le Tournoi des Six Nations est incertain. Son audience disciplinaire a \u00e9t\u00e9 report\u00e9e, laissant planer le doute sur sa participation face \u00e0 l\u2019Angleterre.\n                            <\/p>\n<div rel=\"js-article-content\">\n                                                                                                                                                            <!-- Pub DFP Position [outstream] --><\/p>\n<p>Oscar Jegou pourrait-il rev\u00eatir le maillot bleu samedi face \u00e0 l\u2019Angleterre\u00a0? La r\u00e9ponse reste en suspens, son audience devant la commission de discipline ayant \u00e9t\u00e9 report\u00e9e ce mardi 10\u00a0mars, annonce <a href=\"https:\/\/www.lequipe.fr\/Rugby\/Actualites\/L-audition-d-oscar-jegou-apres-son-mauvais-geste-contre-l-ecosse-reportee\/1658337\" target=\"_blank\">L\u2019\u00c9quipe<\/a>. Pr\u00e9vue ce matin, elle ne s\u2019est pas tenue comme annonc\u00e9e et pourrait \u00eatre report\u00e9e \u00e0 ce mercredi 11\u00a0mars selon le quotidien sportif.<\/p>\n<p><!-- Pub DFP Position [article] --><\/p>\n<p class=\"std-elt__inline\">\n        <strong>\u00c0 lire aussi :<\/strong><br \/>\n        <a href=\"\/2026\/03\/09\/xv-de-france-cite-pour-une-fourchette-presumee-face-a-lecosse-oscar-jegou-risque-tres-gros-13262066.php\">XV de France\u00a0: cit\u00e9 pour une fourchette pr\u00e9sum\u00e9e face \u00e0 l\u2019\u00c9cosse, Oscar Jegou risque tr\u00e8s gros<\/a>\n    <\/p>\n<h2 class=\"txt-int\">Suspension \u00e0 venir\u00a0?<\/h2>\n<p>La raison de ce report n\u2019a pas \u00e9t\u00e9 communiqu\u00e9e par le comit\u00e9 en charge de r\u00e9gler la question. Oscar Jegou a \u00e9t\u00e9 cit\u00e9 apr\u00e8s la rencontre du Tournoi des Six Nations <a href=\"https:\/\/www.ladepeche.fr\/2026\/03\/07\/ecosse-france-perdre-ici-une-possibilite-quon-avait-evoquee-lanalyse-de-fabien-galthie-apres-le-revers-des-tricolores-a-murrayfield-13260310.php\" target=\"_blank\">entre le XV de France et l\u2019\u00c9cosse<\/a>, samedi dernier. Le jeune troisi\u00e8me ligne est <a href=\"https:\/\/www.ladepeche.fr\/2026\/03\/09\/xv-de-france-cite-pour-une-fourchette-presumee-face-a-lecosse-oscar-jegou-risque-tres-gros-13262066.php\" target=\"_blank\">soup\u00e7onn\u00e9 d\u2019avoir eu un tr\u00e8s vilain geste sur un adversaire \u00e0 Murrayfield<\/a>. Sur les images, on peut apercevoir le Rochelais mettre ses mains sur le visage \u2013 voire dans les yeux \u2013 du talonneur \u00e9cossais rempla\u00e7ant, Ewan Ashman.<\/p>\n<p class=\"std-elt__inline\">\n        <strong>\u00c0 lire aussi :<\/strong><br \/>\n        <a href=\"\/2026\/03\/07\/video-ecosse-france-oscar-jegou-coupable-davoir-enfonce-ses-doigts-dans-les-yeux-de-son-adversaire-polemique-apres-le-match-de-vi-nations-13260242.php\">VIDEO. Ecosse-France\u00a0: Oscar Jegou coupable d\u2019avoir enfonc\u00e9 ses doigts dans les yeux de son adversaire\u00a0? Pol\u00e9mique apr\u00e8s le match des VI Nations<\/a>\n    <\/p>\n<p>La d\u00e9fense des Bleus devrait sans doute s\u2019articuler autour de la volont\u00e9 du Fran\u00e7ais de chercher \u00e0 mettre la main sur le ballon. Toutefois, le contact prolong\u00e9 dans la zone du visage pourrait desservir celui qui avait fini meilleur d\u00e9fenseur de la rencontre avec 25 plaquages \u00e0 son actif. Selon l\u2019intentionnalit\u00e9 et la gravit\u00e9 de la faute, Jegou risque une suspension pouvant aller de quatre \u00e0 208 semaines. Les explications du Tricolore attendront, alors que le Crunch approche \u00e0 grands pas.<\/p>\n<\/p><\/div>\n<p><a href=\"https:\/\/www.ladepeche.fr\/2026\/03\/10\/xv-de-france-audience-reportee-pour-oscar-jegou-qui-devra-attendre-pour-sexpliquer-de-son-mauvais-geste-en-ecosse-13264780.php\">source<\/a><\/p>\n","protected":false},"excerpt":{"rendered":"<p>l&#8217;essentiel L\u2019avenir d\u2019Oscar Jegou dans le Tournoi des Six Nations est incertain. Son audience disciplinaire a \u00e9t\u00e9 report\u00e9e, laissant planer le doute sur sa participation face \u00e0 l\u2019Angleterre. Oscar Jegou pourrait-il rev\u00eatir le maillot bleu samedi face \u00e0 l\u2019Angleterre\u00a0? La r\u00e9ponse reste en suspens, son audience devant la commission de discipline ayant \u00e9t\u00e9 report\u00e9e ce [&hellip;]<\/p>\n","protected":false},"author":1,"featured_media":124157,"comment_status":"open","ping_status":"open","sticky":false,"template":"","format":"standard","meta":{"_monsterinsights_skip_tracking":false,"_monsterinsights_sitenote_active":false,"_monsterinsights_sitenote_note":"","_monsterinsights_sitenote_category":0,"footnotes":""},"categories":[71],"tags":[],"coauthors":[77],"class_list":["post-124156","post","type-post","status-publish","format-standard","has-post-thumbnail","hentry","category-sport"],"aioseo_notices":[],"_links":{"self":[{"href":"https:\/\/pressactu.com\/index.php?rest_route=\/wp\/v2\/posts\/124156","targetHints":{"allow":["GET"]}}],"collection":[{"href":"https:\/\/pressactu.com\/index.php?rest_route=\/wp\/v2\/posts"}],"about":[{"href":"https:\/\/pressactu.com\/index.php?rest_route=\/wp\/v2\/types\/post"}],"author":[{"embeddable":true,"href":"https:\/\/pressactu.com\/index.php?rest_route=\/wp\/v2\/users\/1"}],"replies":[{"embeddable":true,"href":"https:\/\/pressactu.com\/index.php?rest_route=%2Fwp%2Fv2%2Fcomments&post=124156"}],"version-history":[{"count":0,"href":"https:\/\/pressactu.com\/index.php?rest_route=\/wp\/v2\/posts\/124156\/revisions"}],"wp:featuredmedia":[{"embeddable":true,"href":"https:\/\/pressactu.com\/index.php?rest_route=\/wp\/v2\/media\/124157"}],"wp:attachment":[{"href":"https:\/\/pressactu.com\/index.php?rest_route=%2Fwp%2Fv2%2Fmedia&parent=124156"}],"wp:term":[{"taxonomy":"category","embeddable":true,"href":"https:\/\/pressactu.com\/index.php?rest_route=%2Fwp%2Fv2%2Fcategories&post=124156"},{"taxonomy":"post_tag","embeddable":true,"href":"https:\/\/pressactu.com\/index.php?rest_route=%2Fwp%2Fv2%2Ftags&post=124156"},{"taxonomy":"author","embeddable":true,"href":"https:\/\/pressactu.com\/index.php?rest_route=%2Fwp%2Fv2%2Fcoauthors&post=124156"}],"curies":[{"name":"wp","href":"https:\/\/api.w.org\/{rel}","templated":true}]}}