{"id":124149,"date":"2026-03-10T14:32:54","date_gmt":"2026-03-10T14:32:54","guid":{"rendered":"https:\/\/pressactu.com\/?p=124149"},"modified":"2026-03-10T14:32:54","modified_gmt":"2026-03-10T14:32:54","slug":"florent-artisan-en-aveyron-quitte-les-ateliers-hermes-pour-sauver-lheritage-familial-de-ses-parents","status":"publish","type":"post","link":"https:\/\/pressactu.com\/?p=124149","title":{"rendered":"Florent, artisan en Aveyron, quitte les ateliers Herm\u00e8s pour sauver l\u2019h\u00e9ritage familial de ses parents"},"content":{"rendered":"<p>\n                                                                    <span class=\"article-full__chapo-label hide-on-small-only\">l&#8217;essentiel<\/span><br \/>\n                                                                Florent Capdebarthes prend la rel\u00e8ve de son p\u00e8re et poursuit le style de la marque Maxcapdebarthes.\u00a0Cr\u00e9\u00e9e en 1985, la marque aveyronnaise poursuit une tradition familiale tout en collant aux \u00e9volutions de la mode. Avec des cr\u00e9ations qui misent sur l\u2019\u00e9l\u00e9gance et la durabilit\u00e9.\n                            <\/p>\n<div rel=\"js-article-content\" data-state=\"fixed-height\" data-selection=\"disabled\">\n                                                                                                                                                            <!-- Pub DFP Position [outstream] --><\/p>\n<p>Class\u00e9e Entreprise du Patrimoine Vivant depuis 2009, la marque Max Capdebarthes s\u2019est impos\u00e9e par ses cr\u00e9ations comme une valeur s\u00fbre et f\u00eatera l\u2019ann\u00e9e prochaine ses 40 ans. Fid\u00e8le \u00e0 une tradition familiale, Max son fondateur a march\u00e9 sur les traces de ses parents, Denise et Georges, qui \u00e9taient eux-m\u00eames artisans maroquinier \u00e0 Sauveterre-de-Rouergue, en Aveyron. Et apr\u00e8s un petit tour de France pour se former, il est revenu au pays. En 1987, il a l\u2019id\u00e9e de se lancer dans la fabrication d\u2019\u00e9tuis pour couteaux, une autre tradition aveyronnaise. Il le fait sous son nom, lan\u00e7ant par la m\u00eame occasion sa marque, mais il le fait aussi en sous-traitant. Par sa formation, il ma\u00eetrise les gestes, il ma\u00eetrise le travail du cuir, et, hasard du calendrier, un peu plus au nord mais toujours en Aveyron, cette m\u00eame ann\u00e9e voit la naissance de la Forge de laguiole, coutelier qui va relancer et r\u00e9inventer le traditionnel compagnon. Il y a un engouement pour cette nouvelle g\u00e9n\u00e9ration du c\u00e9l\u00e8bre couteau, engouement qui touche aussi les \u00e9tuis. Ils sont personnalisables \u00e0 la demande, bien \u00e9videmment faits \u00e0 la main et dans des cuirs \u00e0 la qualit\u00e9 irr\u00e9prochables. Max Capdebarthes plante ainsi ce qui sera la fondation de sa d\u00e9marche, un style classique, une pointe de modernit\u00e9, des possibilit\u00e9s de variations pour personnaliser l\u2019\u00e9tui et une durabilit\u00e9 qui force le respect\u2026<\/p>\n<p><!-- Pub DFP Position [article] --><\/p>\n<div class=\"center-align\" rel=\"js-article-inline-img\" data-protec-aida=\"image\">\n<figure class=\"std-img\" data-src=\"https:\/\/images.ladepeche.fr\/api\/v1\/images\/view\/69aa91bca0daf0598302f672\/original\/image.jpg?v=1\">\n        <img decoding=\"async\" class=\"std-img__img responsive-img\" src=\"http:\/\/pressactu.com\/wp-content\/uploads\/2026\/03\/1773153172_264_image.jpg?v=1\" alt=\"Florent Capdebarthes s\u2019est form\u00e9 \u00e0 tous les m\u00e9tiers de la fili\u00e8re cuir\"\/><figcaption class=\"article-full__media-infos\">\n                <span class=\"article-full__media-legend\">Florent Capdebarthes s\u2019est form\u00e9 \u00e0 tous les m\u00e9tiers de la fili\u00e8re cuir<\/span><br \/>\n                            <\/figcaption><\/figure>\n<\/div>\n<p>\nDes ann\u00e9es plus tard, son fils Florent a rejoint l\u2019entreprise et s\u2019appr\u00eate \u00e0 lui succ\u00e9der. La marque est connue et reconnue pour ses cr\u00e9ations et ses collections. En 1998 Max avait lanc\u00e9 une seconde marque, \u00ab\u00a0Cuir d\u2019Aubrac\u00a0\u00bb qui propose, \u00ab\u00a0et c\u2019est unique\u00a0\u00bb souligne Florent Capdebarthes, \u00ab\u00a0la tra\u00e7abilit\u00e9 d\u2019une peau, de l\u2019\u00e9levage jusqu\u2019\u00e0 l\u2019abattoir\u00a0\u00bb.<br \/>\nDepuis, les projets s\u2019encha\u00eenent, la gamme s\u2019\u00e9toffe aux articles de bureau en passant par la petite maroquinerie pour hommes. Mais c\u2019est la gamme d\u00e9di\u00e9e aux femmes qui retient l\u2019attention, par ses lignes, ses d\u00e9tails, le soin apport\u00e9 aux finitions et la diversit\u00e9 des peaux propos\u00e9es.<\/p>\n<h2 class=\"txt-int\">\n<div class=\"center-align\" rel=\"js-article-inline-img\" data-protec-aida=\"image\">\n<figure class=\"std-img\" data-src=\"https:\/\/images.ladepeche.fr\/api\/v1\/images\/view\/69aa91efcc3695e7a3012292\/original\/image.jpg?v=1\">\n        <img decoding=\"async\" class=\"std-img__img responsive-img\" src=\"http:\/\/pressactu.com\/wp-content\/uploads\/2026\/03\/1773153172_350_image.jpg?v=1\" alt=\"Dans les ateliers de Sauveterre-de-Rouergue\"\/><figcaption class=\"article-full__media-infos\">\n                <span class=\"article-full__media-legend\">Dans les ateliers de Sauveterre-de-Rouergue<\/span><br \/>\n                            <\/figcaption><\/figure>\n<\/div>\n<p>Fabriqu\u00e9 \u00e0 la main<\/h2>\n<p>Dans l\u2019atelier baign\u00e9 de lumi\u00e8re, et qui se visite \u00e0 la demande, toute l\u2019\u00e9quipe est au travail. Le planning du jour est \u00e9tabli selon le carnet de commandes, et chacune est \u00e0 son poste avec des t\u00e2ches bien r\u00e9parties, bien pr\u00e9cises.<br \/>Tout commence par le choix de la peau. Florent Capdebarthes en pr\u00e9pare justement une qui va servir \u00e0 un mod\u00e8le qui sera vendu sous la marque \u00ab\u00a0Cuir d\u2019Aubrac\u00a0\u00bb\u00a0! Elle a \u00e9t\u00e9 tann\u00e9e dans le Cantal, le tanneur a choisi les vaches pour la qualit\u00e9 de leurs peaux. \u00ab\u00a0Ici, on voit des piq\u00fbres d\u2019insectes\u00a0; l\u00e0, elle s\u2019est accroch\u00e9e \u00e0 un fil de fer barbel\u00e9, cette une vache \u00e9tait en estive\u00a0\u00bb d\u00e9taille-t-il.<br \/>Une fois travaill\u00e9e la peau d\u2019un brun d\u00e9j\u00e0 un peu patin\u00e9 est remarquable au toucher. \u00ab\u00a0Et elle va durer dans le temps\u00a0\u00bb souligne encore Florent qui commente les diff\u00e9rences entre les deux productions, \u00ab\u00a0Cuir d\u2019Aubrac\u00a0\u00bb et \u00ab\u00a0Maxcapdebarthes\u00a0\u00bb\u00a0: \u00ab\u00a0pour la premi\u00e8re, les cuirs sont plus bruts, mais ensuite, on les montera avec de tr\u00e8s belles finitions\u00a0\u00bb. Cet aspect brut rappelle les racines, le pays, la tradition du sac de travail.<br \/>Florent Capdebarthes est passionn\u00e9, il a rejoint l\u2019entreprise depuis pr\u00e8s de deux ans mais avait tr\u00e8s jeune su qu\u2019il travaillerait dans cet univers, \u00e0 mi-chemin entre mode et artisanat. Pendant six ans, il s\u2019est sp\u00e9cialis\u00e9 dans la fili\u00e8re pour en ma\u00eetriser tous les rouages. Et en travaillant un an chez Herm\u00e8s, il s\u2019est en plus bien impr\u00e9gn\u00e9 des codes du luxe et des exigences du cr\u00e9neau haut de gamme.<br \/>C\u2019est \u00e0 lui qu\u2019on doit l\u2019apparition de la marque sur les r\u00e9seaux sociaux notamment, et il a d\u00e9j\u00e0 quelques id\u00e9es pour demain, pour d\u2019autres actions, d\u2019autres horizons.<\/p>\n<h2 class=\"txt-int\">\n<div class=\"center-align\" rel=\"js-article-inline-img\" data-protec-aida=\"image\">\n<figure class=\"std-img\" data-src=\"https:\/\/images.ladepeche.fr\/api\/v1\/images\/view\/69aa921ef1865b550803b7a2\/original\/image.jpg?v=1\">\n        <img decoding=\"async\" class=\"std-img__img responsive-img\" src=\"http:\/\/pressactu.com\/wp-content\/uploads\/2026\/03\/1773153173_268_image.jpg?v=1\" alt=\"Le sac iconique de la marque et une languette personnalis\u00e9e en cuir d\u2019autruche\"\/><figcaption class=\"article-full__media-infos\">\n                <span class=\"article-full__media-legend\">Le sac iconique de la marque et une languette personnalis\u00e9e en cuir d\u2019autruche<\/span><br \/>\n                            <\/figcaption><\/figure>\n<\/div>\n<p>Les valeurs<\/h2>\n<p>La ligne de conduite de l\u2019entreprise, pour les sacs, \u00ab\u00a0c\u2019est un style intemporel, des lignes simples, quelques d\u00e9tails originaux, des formats qu\u2019on ne voit pas partout et, je le r\u00e9p\u00e8te, cette durabilit\u00e9 qui est un peu notre ADN\u00a0\u00bb insiste-t-il.<br \/>En maroquinerie, on trouve 180 r\u00e9f\u00e9rences, sans compter les nombreuses combinaisons possibles avec les couleurs et les d\u00e9tails personnalisables comme le sac Huguette avec une languette en cuir d\u2019autruche (photo page pr\u00e9c\u00e9dente). \u00ab\u00a0Pour les \u00e9tuis \u00e0 couteau, on arrive \u00e0 100 mod\u00e8les diff\u00e9rents\u00a0\u00bb poursuit le cr\u00e9ateur, \u00ab\u00a0et l\u00e0, on ne compte pas le travail sur mesure qu\u2019on r\u00e9alise \u00e0 la demande et qui va int\u00e9grer des cuirs rares, des d\u00e9tails tr\u00e8s travaill\u00e9s.\u00a0\u00bb<\/p>\n<div class=\"center-align\" rel=\"js-article-inline-img\" data-protec-aida=\"image\">\n<figure class=\"std-img\" data-src=\"https:\/\/images.ladepeche.fr\/api\/v1\/images\/view\/69aef9386ac6b36e0c05aea5\/original\/image.jpg?v=1\">\n        <img decoding=\"async\" class=\"std-img__img responsive-img\" src=\"http:\/\/pressactu.com\/wp-content\/uploads\/2026\/03\/1773153173_406_image.jpg?v=1\" alt=\"Max Capdebarthes en 2014 dans son atelier.\"\/><figcaption class=\"article-full__media-infos\">\n                <span class=\"article-full__media-legend\">Max Capdebarthes en 2014 dans son atelier.<\/span><br \/>\n                                    <span class=\"article-full__media-author\">DDM &#8211; DDM   OCEANE LAPARADE<\/span><br \/>\n                            <\/figcaption><\/figure>\n<\/div>\n<p>\nEt en mati\u00e8re de cuir, l\u2019\u00e9ventail est impressionnant. On trouve bien s\u00fbr le cuir d\u2019Aubrac mais \u00e9galement du cuir d\u2019autruche, des cuirs de reptiles (l\u00e9zards, crocodiles, pythons) et des cuirs de poissons (du saumon ou du galuchat) \u00e0 la texture assez originale.<br \/>\nTout est Personnalisable<br \/>\nLe \u00ab\u00a0sur-mesure\u00a0\u00bb a fait la r\u00e9putation de la marque avec bien \u00e9videmment la pr\u00e9cision de la fabrication et ces d\u00e9tails qu\u2019on ne retrouve pas ailleurs\u00a0: \u00ab\u00a0un jour on a eu une demande pour faire un casque de rapaces en or avec des incrustations de galuchat\u00a0\u00bb se souvient Florent. Le bouche \u00e0 oreille a fonctionn\u00e9 \u00e0 plein, et les t\u00e9moins sont unanimes sur cette durabilit\u00e9 qui fait la diff\u00e9rence avec des productions industrielles ou semi-industrielles. Ici tout est fait main. Sans pr\u00e9cipitation, c\u2019est un peu l\u2019\u00e9loge de l\u2019artisanat, comme un \u00e9cho \u00e0 la tradition mill\u00e9naire du village.<br \/>\nRetour \u00e0 l\u2019atelier\u00a0: apr\u00e8s le choix de la peau et de sa couleur, qui va varier en fonction du mod\u00e8le \u00e0 faire, c\u2019est la coupe\u00a0! \u00ab\u00a0Mais d\u2019abord, on va lire la peau avant de la couper, \u00e0 la main ou \u00e0 l\u2019emporte-pi\u00e8ce\u00a0\u00bb souligne le sp\u00e9cialiste. Ensuite vient la pr\u00e9paration, pour en g\u00e9n\u00e9ral enlever de l\u2019\u00e9paisseur et avoir un morceau homog\u00e8ne \u00e0 travailler. \u00ab\u00a0Chez nous, on fait beaucoup de sacs \u00e0 l\u2019envers\u00a0\u00bb indique encore Florent qui d\u00e9taille le processus de fabrication. Une multiplication d\u2019\u00e9tapes et d\u2019op\u00e9rations (plus d\u2019une centaine pour un sac de taille normale). Viendra ensuite le temps du montage et du piquage, de l\u2018assemblage des diff\u00e9rents morceaux de cuir.<\/p>\n<h2 class=\"txt-int\">\n<div class=\"center-align\" rel=\"js-article-inline-img\" data-protec-aida=\"image\">\n<figure class=\"std-img\" data-src=\"https:\/\/images.ladepeche.fr\/api\/v1\/images\/view\/69aa924a78afc75fd4064980\/original\/image.jpg?v=1\">\n        <img decoding=\"async\" class=\"std-img__img responsive-img\" src=\"http:\/\/pressactu.com\/wp-content\/uploads\/2026\/03\/1773153173_124_image.jpg?v=1\" alt=\"Les outils pour travailler le cuir \u00e0 la main\"\/><figcaption class=\"article-full__media-infos\">\n                <span class=\"article-full__media-legend\">Les outils pour travailler le cuir \u00e0 la main<\/span><br \/>\n                            <\/figcaption><\/figure>\n<\/div>\n<p>Urbain et chic<\/h2>\n<p>Le best-seller de la marque, le sac Huguette est mont\u00e9 sur un moule qui a \u00e9t\u00e9 sp\u00e9cialement \u00e9tudi\u00e9, c\u2019est un la quintessence du savoir-faire de la maison. \u00ab\u00a0On compte de 3 \u00e0 6\u00a0heures pour faire un sac, mais certains peuvent demander plus de temps, jours selon le degr\u00e9 de finition\u00a0\u00bb souligne Florent Capdebarthes en expliquant le fonctionnement et les sp\u00e9cificit\u00e9s des diverses machines \u00e0 coudre en service dans l\u2019atelier.<\/p>\n<p>Dans un coin, la r\u00e9serve des cuirs attire l\u2019\u0153il par la profusion des couleurs, qui tire des bruns aux noirs, des tons cr\u00e8me au rose en passant par les bleus et les mauves.<br \/>Au poste montage des fermoirs, on voit que les finitions signent toute la d\u00e9marche de Sabrina, Maude, Lorielle et Florent qui travaillaient ce jour-l\u00e0. Les tranches sont teint\u00e9es, les cr\u00e9ations sont imperm\u00e9abilis\u00e9es et tous les sacs sont doubl\u00e9s d\u2019une toile de coton bleu \u00ab\u00a0pour rappeler la veste des artisans\u00a0\u00bb pointe Florent.<br \/>Et pour marquer cette appartenance \u00e0 cette cat\u00e9gorie de cr\u00e9ateurs qui aiment le travail bien fait, la belle ouvrage.<\/p>\n<div class=\"center-align\" rel=\"js-article-inline-img\" data-protec-aida=\"image\">\n<figure class=\"std-img\" data-src=\"https:\/\/images.ladepeche.fr\/api\/v1\/images\/view\/69aa926c18147e08bb007bf6\/original\/image.jpg?v=1\">\n        <img decoding=\"async\" class=\"std-img__img responsive-img\" src=\"http:\/\/pressactu.com\/wp-content\/uploads\/2026\/03\/1773153174_953_image.jpg?v=1\" alt=\"Plusieurs cuirs d\u2019exception sont propos\u00e9s\"\/><figcaption class=\"article-full__media-infos\">\n                <span class=\"article-full__media-legend\">Plusieurs cuirs d\u2019exception sont propos\u00e9s<\/span><br \/>\n                            <\/figcaption><\/figure>\n<\/div>\n<p>Ces produits urbains font appel aux racines, \u00e0 la m\u00e9moire collective des temps anciens o\u00f9 on fabriquait pour durer.<br \/>\n\u00ab\u00a0On aime faire des produits bien faits\u00a0\u00bb conclut-il, fid\u00e8le aux valeurs, aux gestes qui se transmettent de p\u00e8re en fils et en m\u00eame temps tourn\u00e9 vers l\u2019avenir.<\/p>\n<footer class=\"txt-note\">\n<p>Atelier Max Capdebarthes \u00e0 Sauveterre-de-Rouergue. Tel.\u00a0: 05\u00a065\u00a047\u00a006\u00a064.<br \/>Boutique \u00e0 Rodez, 3 rue Marie. T\u00e9l.\u00a0: 05.65.68.04.75.<br \/>www.max-capdebarthes.fr<\/p>\n<\/footer><\/div>\n<p><a href=\"https:\/\/www.ladepeche.fr\/2026\/03\/09\/florent-artisan-en-aveyron-quitte-les-ateliers-hermes-pour-sauver-lheritage-familial-de-ses-parents-13255346.php\">source<\/a><\/p>\n","protected":false},"excerpt":{"rendered":"<p>l&#8217;essentiel Florent Capdebarthes prend la rel\u00e8ve de son p\u00e8re et poursuit le style de la marque Maxcapdebarthes.\u00a0Cr\u00e9\u00e9e en 1985, la marque aveyronnaise poursuit une tradition familiale tout en collant aux \u00e9volutions de la mode. Avec des cr\u00e9ations qui misent sur l\u2019\u00e9l\u00e9gance et la durabilit\u00e9. Class\u00e9e Entreprise du Patrimoine Vivant depuis 2009, la marque Max Capdebarthes [&hellip;]<\/p>\n","protected":false},"author":1,"featured_media":124150,"comment_status":"open","ping_status":"open","sticky":false,"template":"","format":"standard","meta":{"_monsterinsights_skip_tracking":false,"_monsterinsights_sitenote_active":false,"_monsterinsights_sitenote_note":"","_monsterinsights_sitenote_category":0,"footnotes":""},"categories":[1],"tags":[],"coauthors":[77],"class_list":["post-124149","post","type-post","status-publish","format-standard","has-post-thumbnail","hentry","category-a-la-une"],"aioseo_notices":[],"_links":{"self":[{"href":"https:\/\/pressactu.com\/index.php?rest_route=\/wp\/v2\/posts\/124149","targetHints":{"allow":["GET"]}}],"collection":[{"href":"https:\/\/pressactu.com\/index.php?rest_route=\/wp\/v2\/posts"}],"about":[{"href":"https:\/\/pressactu.com\/index.php?rest_route=\/wp\/v2\/types\/post"}],"author":[{"embeddable":true,"href":"https:\/\/pressactu.com\/index.php?rest_route=\/wp\/v2\/users\/1"}],"replies":[{"embeddable":true,"href":"https:\/\/pressactu.com\/index.php?rest_route=%2Fwp%2Fv2%2Fcomments&post=124149"}],"version-history":[{"count":0,"href":"https:\/\/pressactu.com\/index.php?rest_route=\/wp\/v2\/posts\/124149\/revisions"}],"wp:featuredmedia":[{"embeddable":true,"href":"https:\/\/pressactu.com\/index.php?rest_route=\/wp\/v2\/media\/124150"}],"wp:attachment":[{"href":"https:\/\/pressactu.com\/index.php?rest_route=%2Fwp%2Fv2%2Fmedia&parent=124149"}],"wp:term":[{"taxonomy":"category","embeddable":true,"href":"https:\/\/pressactu.com\/index.php?rest_route=%2Fwp%2Fv2%2Fcategories&post=124149"},{"taxonomy":"post_tag","embeddable":true,"href":"https:\/\/pressactu.com\/index.php?rest_route=%2Fwp%2Fv2%2Ftags&post=124149"},{"taxonomy":"author","embeddable":true,"href":"https:\/\/pressactu.com\/index.php?rest_route=%2Fwp%2Fv2%2Fcoauthors&post=124149"}],"curies":[{"name":"wp","href":"https:\/\/api.w.org\/{rel}","templated":true}]}}