{"id":124095,"date":"2026-03-10T05:46:20","date_gmt":"2026-03-10T05:46:20","guid":{"rendered":"https:\/\/pressactu.com\/?p=124095"},"modified":"2026-03-10T05:46:20","modified_gmt":"2026-03-10T05:46:20","slug":"pas-de-raison-quil-reste-a-la-maison-paul-seixas-sur-le-tour-de-france-les-coureurs-du-peloton-ne-sont-pas-tous-daccord","status":"publish","type":"post","link":"https:\/\/pressactu.com\/?p=124095","title":{"rendered":"&quot;Pas de raison qu\u2019il reste \u00e0 la maison\u2026&quot; Paul Seixas sur le Tour de France\u00a0? Les coureurs du peloton ne sont pas tous d\u2019accord"},"content":{"rendered":"<p>\n                                                                    <span class=\"article-full__chapo-label hide-on-small-only\">l&#8217;essentiel<\/span><br \/>\n                                                                Le cyclisme fran\u00e7ais rena\u00eet avec l\u2019\u00e9mergence de Paul Seixas, 19 ans, consid\u00e9r\u00e9 comme un prodige. Alors que certains plaident pour sa participation au Tour de France, d\u2019autres pr\u00f4nent la prudence. Quelle sera la d\u00e9cision finale\u00a0?\n                            <\/p>\n<div rel=\"js-article-content\">\n                                                                                                                                                            <!-- Pub DFP Position [outstream] --><\/p>\n<p>\u00c0 seulement 19 ans, Paul Seixas s\u2019impose d\u00e9j\u00e0 comme l\u2019un des plus grands espoirs du cyclisme fran\u00e7ais. R\u00e9v\u00e9lation pr\u00e9coce et auteur de performances remarqu\u00e9es d\u00e8s ses d\u00e9buts professionnels, le coureur de l\u2019\u00e9quipe Decathlon-CMA CGM nourrit d\u00e9j\u00e0 les fantasmes d\u2019un retour tricolore au sommet du Tour de France, pr\u00e8s de quarante ans apr\u00e8s la derni\u00e8re victoire fran\u00e7aise en 1985.<\/p>\n<p><!-- Pub DFP Position [article] --><\/p>\n<p>Mais faut-il br\u00fbler les \u00e9tapes et l\u2019envoyer d\u00e8s cette ann\u00e9e sur la Grande Boucle\u00a0? C\u2019est la question pos\u00e9e par France TV au d\u00e9part \u00e0 plusieurs coureurs fran\u00e7ais qui prenaient le d\u00e9part du\u00a0Paris-Nice, dimanche.<\/p>\n<blockquote cite=\"https:\/\/www.tiktok.com\/@francetvsport\/video\/7615261998762282262\" data-video-id=\"7615261998762282262\" style=\"max-width: 605px;min-width: 325px;\" data-class=\"tiktok-embed\">\n<section> <a target=\"_blank\" title=\"@francetvsport\" href=\"https:\/\/www.tiktok.com\/@francetvsport?refer=embed\">@francetvsport<\/a> ?\u00a0<a title=\"tdf2026\" target=\"_blank\" href=\"https:\/\/www.tiktok.com\/tag\/tdf2026?refer=embed\">#TDF2026<\/a> <a target=\"_blank\" title=\"\u266c son original - France tv sport\" href=\"https:\/\/www.tiktok.com\/music\/son-original-7615262002663541526?refer=embed\">\u266c son original &#8211; France tv sport<\/a> <\/section>\n<\/blockquote>\n<p>\u00a0<\/p>\n<p class=\"std-elt__inline\">\n        <strong>\u00c0 lire aussi :<\/strong><br \/>\n        <a href=\"\/2026\/03\/07\/une-course-cycliste-est-actee-entre-le-cyclo-club-et-la-commune-13259694.php\">Une course cycliste est act\u00e9e  entre le Cyclo-club et la commune<\/a>\n    <\/p>\n<p>Pour Lenny Martinez, la d\u00e9cision doit venir de lui et lui seul\u00a0: &#8220;S\u2019il a envie oui, s\u2019il n\u2019a pas envie non. Mais je pense qu\u2019il a le niveau pour le faire.&#8221;\u00a0Un avis globalement partag\u00e9 par Julien Bernard, qui estime que le jeune coureur poss\u00e8de d\u00e9j\u00e0 les qualit\u00e9s n\u00e9cessaires\u00a0: &#8220;Il en a largement les capacit\u00e9s. Il a aussi le mental je pense. Je ne vois pas de raison qu\u2019il reste \u00e0 la maison.&#8221;<\/p>\n<p class=\"std-elt__inline\">\n        <strong>\u00c0 lire aussi :<\/strong><br \/>\n        <a href=\"\/2026\/03\/07\/il-donne-un-coup-de-poing-dans-la-tete-de-son-adversaire-en-pleine-course-images-choquantes-entre-deux-cyclistes-sur-la-ster-van-zwolle-13260207.php\">Il donne un coup de poing dans la t\u00eate de son adversaire en pleine course\u00a0: images choquantes entre deux cyclistes sur la Ster van Zwolle<\/a>\n    <\/p>\n<p>Certains se montrent toutefois plus prudents. Mathys Rondel tranche ainsi plus nettement\u00a0: &#8220;Non, pas cette ann\u00e9e.&#8221;\u00a0De son c\u00f4t\u00e9, David Gaudu laisse la porte ouverte tout en se projetant sur l\u2019avenir\u00a0: &#8220;S\u2019il a envie d\u2019y aller et qu\u2019il se sent pr\u00eat d\u2019aller au Tour, qu\u2019il aille au Tour. De toute fa\u00e7on je pense qu\u2019il y a la possibilit\u00e9 que ce soit notre futur vainqueur fran\u00e7ais du Tour, \u00e7a serait cool.&#8221;<\/p>\n<p class=\"std-elt__inline\">\n        <strong>\u00c0 lire aussi :<\/strong><br \/>\n        <a href=\"\/2026\/03\/01\/choquee-beaucoup-de-mal-a-dormir-la-compagne-de-tadej-pogacar-raconte-laccrochage-entre-le-cycliste-star-et-un-fan-13249712.php\">&#8220;Choqu\u00e9e&#8221;, &#8220;beaucoup de mal \u00e0 dormir&#8221;\u00a0: la compagne de Tadej Pogacar raconte l\u2019accrochage entre le cycliste star et un fan<\/a>\n    <\/p>\n<p>Le reste du peloton fran\u00e7ais se montre plut\u00f4t enthousiaste. Axel Zingle esp\u00e8re ainsi voir le jeune prodige sur la ligne de d\u00e9part\u00a0: &#8220;J\u2019esp\u00e8re, \u00e7a ferait du spectacle.&#8221;\u00a0M\u00eame enthousiasme chez Rudy Molard, qui r\u00e9pond simplement\u00a0: &#8220;\u00c9videmment.&#8221;\u00a0Paul Seixas et son \u00e9quipe ne devraient pas tarder \u00e0 prendre leurs d\u00e9cisions.<\/p>\n<\/p><\/div>\n<p><a href=\"https:\/\/www.ladepeche.fr\/2026\/03\/09\/pas-de-raison-quil-reste-a-la-maison-paul-seixas-sur-le-tour-de-france-les-coureurs-du-peloton-ne-sont-pas-tous-daccord-13262893.php\">source<\/a><\/p>\n","protected":false},"excerpt":{"rendered":"<p>l&#8217;essentiel Le cyclisme fran\u00e7ais rena\u00eet avec l\u2019\u00e9mergence de Paul Seixas, 19 ans, consid\u00e9r\u00e9 comme un prodige. Alors que certains plaident pour sa participation au Tour de France, d\u2019autres pr\u00f4nent la prudence. Quelle sera la d\u00e9cision finale\u00a0? \u00c0 seulement 19 ans, Paul Seixas s\u2019impose d\u00e9j\u00e0 comme l\u2019un des plus grands espoirs du cyclisme fran\u00e7ais. R\u00e9v\u00e9lation pr\u00e9coce [&hellip;]<\/p>\n","protected":false},"author":1,"featured_media":124096,"comment_status":"open","ping_status":"open","sticky":false,"template":"","format":"standard","meta":{"_monsterinsights_skip_tracking":false,"_monsterinsights_sitenote_active":false,"_monsterinsights_sitenote_note":"","_monsterinsights_sitenote_category":0,"footnotes":""},"categories":[71],"tags":[],"coauthors":[77],"class_list":["post-124095","post","type-post","status-publish","format-standard","has-post-thumbnail","hentry","category-sport"],"aioseo_notices":[],"_links":{"self":[{"href":"https:\/\/pressactu.com\/index.php?rest_route=\/wp\/v2\/posts\/124095","targetHints":{"allow":["GET"]}}],"collection":[{"href":"https:\/\/pressactu.com\/index.php?rest_route=\/wp\/v2\/posts"}],"about":[{"href":"https:\/\/pressactu.com\/index.php?rest_route=\/wp\/v2\/types\/post"}],"author":[{"embeddable":true,"href":"https:\/\/pressactu.com\/index.php?rest_route=\/wp\/v2\/users\/1"}],"replies":[{"embeddable":true,"href":"https:\/\/pressactu.com\/index.php?rest_route=%2Fwp%2Fv2%2Fcomments&post=124095"}],"version-history":[{"count":0,"href":"https:\/\/pressactu.com\/index.php?rest_route=\/wp\/v2\/posts\/124095\/revisions"}],"wp:featuredmedia":[{"embeddable":true,"href":"https:\/\/pressactu.com\/index.php?rest_route=\/wp\/v2\/media\/124096"}],"wp:attachment":[{"href":"https:\/\/pressactu.com\/index.php?rest_route=%2Fwp%2Fv2%2Fmedia&parent=124095"}],"wp:term":[{"taxonomy":"category","embeddable":true,"href":"https:\/\/pressactu.com\/index.php?rest_route=%2Fwp%2Fv2%2Fcategories&post=124095"},{"taxonomy":"post_tag","embeddable":true,"href":"https:\/\/pressactu.com\/index.php?rest_route=%2Fwp%2Fv2%2Ftags&post=124095"},{"taxonomy":"author","embeddable":true,"href":"https:\/\/pressactu.com\/index.php?rest_route=%2Fwp%2Fv2%2Fcoauthors&post=124095"}],"curies":[{"name":"wp","href":"https:\/\/api.w.org\/{rel}","templated":true}]}}