{"id":124093,"date":"2026-03-10T05:46:20","date_gmt":"2026-03-10T05:46:20","guid":{"rendered":"https:\/\/pressactu.com\/?p=124093"},"modified":"2026-03-10T05:46:20","modified_gmt":"2026-03-10T05:46:20","slug":"on-sera-amenes-a-le-revivre-plein-de-fois-face-a-la-flambee-des-prix-du-carburant-pourquoi-les-automobilistes-craignent-une-crise-sans-fin","status":"publish","type":"post","link":"https:\/\/pressactu.com\/?p=124093","title":{"rendered":"&quot;On sera amen\u00e9s \u00e0 le revivre plein de fois&quot;\u00a0: face \u00e0 la flamb\u00e9e des prix du carburant, pourquoi les automobilistes craignent une crise sans fin"},"content":{"rendered":"<p>\n                                                                    <span class=\"article-full__chapo-label hide-on-small-only\">l&#8217;essentiel<\/span><br \/>\n                                                                La flamb\u00e9e des prix du carburant inqui\u00e8te les automobilistes Cadurciens. En une semaine, le gazole a grimp\u00e9 de 15 \u00e0 20 centimes. Les tensions au Moyen-Orient exacerbent les craintes d\u2019une inflation g\u00e9n\u00e9ralis\u00e9e.\n                            <\/p>\n<div rel=\"js-article-content\" data-state=\"fixed-height\" data-selection=\"disabled\">\n                                                                                                                                                            <!-- Pub DFP Position [outstream] --><\/p>\n<p>&#8220;Quelle honte. Je n\u2019avais m\u00eame pas vu&#8221;, souffle Mohammed. Ce samedi 7\u00a0mars, dans une station-service cadurcienne, celui qui tient son entreprise de bricolage s\u2019est arr\u00eat\u00e9 anodinement pour rajouter quelques litres de carburant dans son v\u00e9hicule. Lorsqu\u2019il r\u00e9alise que le prix avoisine les deux euros, c\u2019est la douche froide. &#8220;Je l\u2019avais entendu \u00e0 la radio, mais je n\u2019ai m\u00eame pas vraiment r\u00e9alis\u00e9. Ils vont en gagner de l\u2019argent. Le jour o\u00f9 j\u2019en aurai marre, j\u2019irai vivre ailleurs, o\u00f9 le carburant est moins cher&#8221;, s\u2019indigne celui qui utilise sa voiture quotidiennement. Cette fois-ci, il ne mettra qu\u2019une dizaine de litres de gazole.<\/p>\n<p><!-- Pub DFP Position [article] --><\/p>\n<p><iframe width=\"600\" height=\"450\" style=\"border:0;\" allowfullscreen=\"\" loading=\"lazy\" referrerpolicy=\"no-referrer-when-downgrade\" data-src=\"https:\/\/www.google.com\/maps\/embed?pb=!1m18!1m12!1m3!1d91131.42335756462!2d1.3566081257492741!3d44.45660381240586!2m3!1f0!2f0!3f0!3m2!1i1024!2i768!4f13.1!3m3!1m2!1s0x12ac8957547d14fb%3A0x406f69c2f3fcea0!2s46000%20Cahors!5e0!3m2!1sfr!2sfr!4v1772907586918!5m2!1sfr!2sfr\"><\/iframe><\/p>\n<p>Depuis le d\u00e9but des tensions au Moyen-Orient et le d\u00e9clenchement de la guerre en Iran, le march\u00e9 du p\u00e9trole est sous surveillance. Ce vendredi 6\u00a0mars, le ministre de l\u2019\u00c9conomie, Roland Lescure, a \u00e9voqu\u00e9 une hausse des prix de &#8220;5 \u00e0 15 centimes d\u2019euros sur le SP95&#8221; et de &#8220;15 \u00e0 20 centimes sur le gazole&#8221;, en une semaine. Il a \u00e9galement affirm\u00e9 qu\u2019il n\u2019existait aucun &#8220;risque d\u2019approvisionnement \u00e0 court terme&#8221;. Pourtant, dans les stations-service cadurciennes, les craintes sont bien pr\u00e9sentes.<\/p>\n<p class=\"std-elt__inline\">\n        <strong>\u00c0 lire aussi :<\/strong><br \/>\n        <a href=\"\/2026\/01\/07\/on-en-a-tous-ras-le-bol-face-a-laugmentation-du-prix-des-carburants-les-cadurciens-tirent-la-sonnette-dalarme-13145151.php\">&#8220;On en a tous ras-le-bol&#8221;\u00a0: face \u00e0 l\u2019augmentation du prix des carburants, les Cadurciens tirent la sonnette d\u2019alarme<\/a>\n    <\/p>\n<h2 class=\"txt-int\">&#8220;On vit dans un monde de fous&#8221;<\/h2>\n<p>&#8220;Ils sont venus en nombre cette semaine alors que le prix avait d\u00e9j\u00e0 augment\u00e9&#8221;, note l\u2019employ\u00e9e de la station-service, install\u00e9e derri\u00e8re son comptoir. Et, \u00e0 l\u2019heure du week-end, m\u00eame constat. Stan s\u2019avance sur son scooter. Il est venu refaire le plein. Le quadrag\u00e9naire dresse un constat amer de la situation, bien au-del\u00e0 de son pouvoir d\u2019achat. &#8220;De 7,50\u00a0euros, je suis pass\u00e9 \u00e0 10. Mais on s\u2019en doutait. D\u00e8s qu\u2019il y a un conflit, les prix augmentent. \u00c7a va foutre la merde partout, au-del\u00e0 du carburant&#8221;, s\u2019agace-t-il. Et de conclure, en red\u00e9marrant son scooter\u00a0: &#8220;On est vraiment mal barr\u00e9s. On est spectateurs de cette d\u00e9ch\u00e9ance.&#8221;<\/p>\n<p class=\"std-elt__inline\">\n        <strong>\u00c0 lire aussi :<\/strong><br \/>\n        <a href=\"\/2026\/03\/06\/bientot-il-faudra-se-prostituer-pour-mettre-du-carburant-les-automobilistes-demunis-face-a-la-flambee-des-prix-a-la-pompe-13256674.php\">&#8220;Bient\u00f4t, il faudra se prostituer pour mettre du carburant\u2026&#8221;\u00a0: les automobilistes d\u00e9munis face \u00e0 la flamb\u00e9e des prix \u00e0 la pompe<\/a>\n    <\/p>\n<p>Derri\u00e8re lui, arrive Lucas. Coffre viss\u00e9 sur le toit, le trentenaire h\u00e9site en voyant le prix du carburant. &#8220;J\u2019avais vu \u00e7a \u00e0 la t\u00e9l\u00e9vision mais je ne m\u2019\u00e9tais pas rendu compte. On vit dans un monde de fous. Apr\u00e8s, on serait stupide de se plaindre quand on sait comment on vit&#8221;, soul\u00e8ve-t-il. Pour le Cadurcien, les risques pour les Fran\u00e7ais sont moins importants. &#8220;Je pr\u00e9f\u00e8re payer plus cher mon carburant mais pouvoir passer No\u00ebl avec ma m\u00e8re et ma s\u0153ur. Les probl\u00e8mes sont ailleurs. On est dans notre tour dor\u00e9e, on ne risque rien&#8221;, appuie-t-il.<\/p>\n<p class=\"std-elt__inline\">\n        <strong>\u00c0 lire aussi :<\/strong><br \/>\n        <a href=\"\/2026\/02\/25\/decryptage-iran-quelles-consequences-sur-les-prix-du-petrole-et-des-carburants-auraient-une-attaque-des-etats-unis-13242149.php\">DECRYPTAGE. Iran\u00a0: quelles cons\u00e9quences sur les prix du p\u00e9trole et des carburants\u00a0auraient une attaque des Etats-Unis\u00a0?<\/a>\n    <\/p>\n<h2 class=\"txt-int\">&#8220;On sera amen\u00e9s \u00e0 le revivre plein de fois&#8221;<\/h2>\n<p>Des constats que partagent beaucoup de Lotois venus remettre du carburant &#8220;mais pas le plein&#8221;. Mais pour Jean-Pierre et sa femme, la crainte, c\u2019est surtout de voir une inflation g\u00e9n\u00e9ralis\u00e9e. &#8220;Je suis agriculteur. Pour mon tracteur, j\u2019en ai eu pour 600\u00a0euros. Il y a les engrais, les marchandises\u2026&#8221;, soul\u00e8ve-t-il amer. Pour sa voiture personnelle, il est pass\u00e9 au gaz il y a plusieurs mois d\u00e9j\u00e0. &#8220;Je pensais que \u00e7a allait \u00eatre au-dessus de\u00a01\u00a0euro. Mais finalement, je vois que la hausse va concerner les habitants qui se chauffent au gaz&#8221;, note celui qui vit \u00e0 Saint-G\u00e9ry.<\/p>\n<p class=\"std-elt__inline\">\n        <strong>\u00c0 lire aussi :<\/strong><br \/>\n        <a href=\"\/2026\/03\/03\/essence-et-diesel-suivez-laugmentation-des-prix-des-carburants-et-trouvez-la-station-la-moins-chere-pres-de-chez-vous-13252876.php\">Essence et diesel\u00a0: suivez l\u2019augmentation des prix des carburants et trouvez la station la moins ch\u00e8re pr\u00e8s de chez vous<\/a>\n    <\/p>\n<div class=\"center-align\" rel=\"js-article-inline-img\" data-protec-aida=\"image\">\n<figure class=\"std-img\" data-src=\"https:\/\/images.ladepeche.fr\/api\/v1\/images\/view\/69ac6bda1d4f1da4a707f520\/original\/image.jpg?v=1\">\n        <img decoding=\"async\" class=\"std-img__img responsive-img\" src=\"http:\/\/pressactu.com\/wp-content\/uploads\/2026\/03\/1773121579_660_image.jpg?v=1\" alt=\"Jean-Pierre et sa femme craignent de voir l\u2019inflation sur d\u2019autres produits.\"\/><figcaption class=\"article-full__media-infos\">\n                <span class=\"article-full__media-legend\">Jean-Pierre et sa femme craignent de voir l\u2019inflation sur d\u2019autres produits.<\/span><br \/>\n                                    <span class=\"article-full__media-author\">DDM &#8211; Juliette Rigaud<\/span><br \/>\n                            <\/figcaption><\/figure>\n<\/div>\n<p>\u00c0 la pompe derri\u00e8re, Sandrine, \u00e2g\u00e9e de 50 ans, s\u2019arr\u00eate. L\u2019ancienne aide \u00e0 domicile s\u2019inqui\u00e8te pour ceux qui utilisent la voiture quotidiennement, pour travailler. &#8220;On n\u2019a pas de p\u00e9trole en France. \u00c0 chaque fois qu\u2019il y a une guerre, c\u2019est pareil. On est habitu\u00e9s. On sera amen\u00e9s \u00e0 le\u00a0revivre plein de fois. C\u2019est p\u00e9nible&#8221;, souffle-t-elle. Et de conclure, am\u00e8re\u00a0: &#8220;Je suis tr\u00e8s inqui\u00e8te pour la suite. \u00c7a va finir tr\u00e8s mal.&#8221;<\/p>\n<\/p><\/div>\n<p><a href=\"https:\/\/www.ladepeche.fr\/2026\/03\/09\/on-sera-amenes-a-le-revivre-plein-de-fois-face-a-la-flambee-des-prix-du-carburant-pourquoi-les-automobilistes-craignent-une-crise-sans-fin-13260345.php\">source<\/a><\/p>\n","protected":false},"excerpt":{"rendered":"<p>l&#8217;essentiel La flamb\u00e9e des prix du carburant inqui\u00e8te les automobilistes Cadurciens. En une semaine, le gazole a grimp\u00e9 de 15 \u00e0 20 centimes. Les tensions au Moyen-Orient exacerbent les craintes d\u2019une inflation g\u00e9n\u00e9ralis\u00e9e. &#8220;Quelle honte. Je n\u2019avais m\u00eame pas vu&#8221;, souffle Mohammed. Ce samedi 7\u00a0mars, dans une station-service cadurcienne, celui qui tient son entreprise de [&hellip;]<\/p>\n","protected":false},"author":1,"featured_media":124094,"comment_status":"open","ping_status":"open","sticky":false,"template":"","format":"standard","meta":{"_monsterinsights_skip_tracking":false,"_monsterinsights_sitenote_active":false,"_monsterinsights_sitenote_note":"","_monsterinsights_sitenote_category":0,"footnotes":""},"categories":[74],"tags":[],"coauthors":[77],"class_list":["post-124093","post","type-post","status-publish","format-standard","has-post-thumbnail","hentry","category-economie"],"aioseo_notices":[],"_links":{"self":[{"href":"https:\/\/pressactu.com\/index.php?rest_route=\/wp\/v2\/posts\/124093","targetHints":{"allow":["GET"]}}],"collection":[{"href":"https:\/\/pressactu.com\/index.php?rest_route=\/wp\/v2\/posts"}],"about":[{"href":"https:\/\/pressactu.com\/index.php?rest_route=\/wp\/v2\/types\/post"}],"author":[{"embeddable":true,"href":"https:\/\/pressactu.com\/index.php?rest_route=\/wp\/v2\/users\/1"}],"replies":[{"embeddable":true,"href":"https:\/\/pressactu.com\/index.php?rest_route=%2Fwp%2Fv2%2Fcomments&post=124093"}],"version-history":[{"count":0,"href":"https:\/\/pressactu.com\/index.php?rest_route=\/wp\/v2\/posts\/124093\/revisions"}],"wp:featuredmedia":[{"embeddable":true,"href":"https:\/\/pressactu.com\/index.php?rest_route=\/wp\/v2\/media\/124094"}],"wp:attachment":[{"href":"https:\/\/pressactu.com\/index.php?rest_route=%2Fwp%2Fv2%2Fmedia&parent=124093"}],"wp:term":[{"taxonomy":"category","embeddable":true,"href":"https:\/\/pressactu.com\/index.php?rest_route=%2Fwp%2Fv2%2Fcategories&post=124093"},{"taxonomy":"post_tag","embeddable":true,"href":"https:\/\/pressactu.com\/index.php?rest_route=%2Fwp%2Fv2%2Ftags&post=124093"},{"taxonomy":"author","embeddable":true,"href":"https:\/\/pressactu.com\/index.php?rest_route=%2Fwp%2Fv2%2Fcoauthors&post=124093"}],"curies":[{"name":"wp","href":"https:\/\/api.w.org\/{rel}","templated":true}]}}