{"id":118266,"date":"2026-01-19T07:06:07","date_gmt":"2026-01-19T07:06:07","guid":{"rendered":"https:\/\/pressactu.com\/?p=118266"},"modified":"2026-01-19T07:06:07","modified_gmt":"2026-01-19T07:06:07","slug":"pro-d2-lequipe-na-rien-lache-le-president-jean-francois-fonteneau-livre-son-analyse-sur-la-defaite-du-su-agen-a-grenoble","status":"publish","type":"post","link":"https:\/\/pressactu.com\/?p=118266","title":{"rendered":"Pro D2\u00a0: &quot;L\u2019\u00e9quipe n\u2019a rien l\u00e2ch\u00e9\u2026&quot; Le pr\u00e9sident Jean-Fran\u00e7ois Fonteneau livre son analyse sur la d\u00e9faite du SU Agen \u00e0 Grenoble"},"content":{"rendered":"<p>\n                                                                    <span class=\"article-full__chapo-label hide-on-small-only\">l&#8217;essentiel<\/span><br \/>\n                                                                Pr\u00e9sent vendredi au Stade des Alpes, le pr\u00e9sident du SU Agen Jean-Fran\u00e7ois Fonteneau se veut satisfait du visage montr\u00e9 par les joueurs agenais dans l\u2019Is\u00e8re, malgr\u00e9 la d\u00e9faite (45-36).\n                            <\/p>\n<div rel=\"js-article-content\" data-state=\"fixed-height\" data-selection=\"disabled\">\n                                                                                                                            <!-- Pub DFP Position [outstream] --><\/p>\n<p>On l\u2019a bri\u00e8vement aper\u00e7u au bord du terrain vendredi soir \u00e0 Grenoble. Chez Jean-Fran\u00e7ois Fonteneau, c\u2019est sa fa\u00e7on de montrer combien il est proche du staff, et des joueurs. Comme beaucoup de supporters, il a v\u00e9cu le match intens\u00e9ment, mais paradoxalement, c\u2019est aux supporters pr\u00e9sents dans les Alpes qu\u2019il s\u2019adresse en premier\u00a0: \u00ab\u00a0Gr\u00e2ce \u00e0 eux, je me suis senti un peu moins seul\u00a0\u00bb, dit-il dans un sourire.<\/p>\n<p><!-- Pub DFP Position [article] --><\/p>\n<p class=\"std-elt__inline\">\n        <strong>\u00c0 lire aussi :<\/strong><br \/>\n        <a href=\"\/2026\/01\/18\/decryptage-pro-d2-on-leur-a-donne-trois-essais-ces-erreurs-qui-ont-plombe-le-su-agen-dans-sa-quete-de-resultat-a-grenoble-13168210.php\">D\u00c9CRYPTAGE. Pro D2\u00a0: &#8220;On leur a donn\u00e9 trois essais\u2026&#8221; Ces erreurs qui ont plomb\u00e9 le SU Agen dans sa qu\u00eate de r\u00e9sultat \u00e0 Grenoble<\/a>\n    <\/p>\n<h2 class=\"txt-int\">\u00ab\u00a0La profondeur du banc est une vraie satisfaction\u2026\u00a0\u00bb<\/h2>\n<p>Le sourire se fige un peu lorsqu\u2019il parle de la rencontre\u00a0: \u00ab\u00a0Comme on peut l\u2019imaginer, la frustration et la d\u00e9ception se m\u00ealent\u00a0! Mais tout cela ne me fait pas oublier la satisfaction que j\u2019ai ressentie par rapport \u00e0 l\u2019\u00e9tat d\u2019esprit des joueurs. L\u2019\u00e9quipe a manqu\u00e9 de rep\u00e8res. On prend trois essais \u00e0 z\u00e9ro passe, alors qu\u2019on est en position de marquer, sur des actions bien men\u00e9es par les Grenoblois. C\u2019est tr\u00e8s dur \u00e0 encaisser moralement, et, de l\u00e0, vient la frustration. Mais m\u00eame dans ces moments difficiles, l\u2019\u00e9quipe n\u2019a rien l\u00e2ch\u00e9. Quand tu prends des points un peu contre le cours du jeu, tu peux facilement l\u00e2cher, et ce ne fut jamais le cas. Elle s\u2019est battue jusqu\u2019au bout, mais a encaiss\u00e9 des points trop facilement parce qu\u2019elle a parfois manqu\u00e9 de rep\u00e8res. On le paie face \u00e0 une belle \u00e9quipe de Grenoble, excellente en turn-over, et que, d\u2019une certaine fa\u00e7on, on a remis en selle. Ce genre de jeu va tr\u00e8s bien aux Alpins. Ils le ma\u00eetrisent parfaitement. Mais tout n\u2019est pas n\u00e9gatif. La profondeur du banc est une vraie satisfaction, et a permis \u00e0 l\u2019\u00e9quipe de bien figurer face aux meilleures \u00e9quipes, quelle que soit la composition de notre formation.\u00a0\u00bb<\/p>\n<p class=\"std-elt__inline\">\n        <strong>\u00c0 lire aussi :<\/strong><br \/>\n        <a href=\"\/2026\/01\/17\/pro-d2-il-a-apporte-un-vrai-plus-prete-par-le-stade-toulousain-lomig-jouanny-a-reussi-ses-debuts-avec-le-su-agen-a-grenoble-13167179.php\">Pro D2\u00a0: &#8220;Il a apport\u00e9 un vrai plus\u2026&#8221; Pr\u00eat\u00e9 par le Stade Toulousain, Lomig Jouanny a r\u00e9ussi ses d\u00e9buts avec le SU Agen \u00e0 Grenoble<\/a>\n    <\/p>\n<p>Le SUA reste sur deux d\u00e9faites \u00e0 Dax et \u00e0 Grenoble. \u00ab\u00a0Jeff\u00a0\u00bb, comme l\u2019appellent ses amis, se refuse \u00e0 dramatiser\u00a0: \u00ab\u00a0Cela veut dire tout simplement que nous ne sommes pas pr\u00eats. Il y a encore des scories, des choses qu\u2019il faut prendre en compte, en efficacit\u00e9 et en maturit\u00e9, notamment d\u00e9fensivement. Que ce soit \u00e0 Dax ou \u00e0 Grenoble, on pouvait gagner avec un peu plus d\u2019exp\u00e9rience. Je ne pense pas que ces deux matchs nous mettent en difficult\u00e9. On peut esp\u00e9rer mieux que ce qu\u2019on s\u2019\u00e9tait fix\u00e9, c\u2019est-\u00e0-dire faire une saison correcte pour se s\u00e9curiser, et pr\u00e9parer l\u2019apr\u00e8s. Quand on revient sur les d\u00e9faites \u00e0 Dax, \u00e0 Soyaux-Angoul\u00eame, et ce vendredi \u00e0 Grenoble, sans oublier Oyonnax \u00e0 la maison, on se rend compte qu\u2019avec un peu plus de maturit\u00e9 et de v\u00e9cu ensemble, elles pouvaient tourner de notre c\u00f4t\u00e9. Notre objectif \u00e9tait de faire une saison correcte. On va avoir deux r\u00e9ceptions compliqu\u00e9es. Il y a tout d\u2019abord celle de Colomiers, qui a montr\u00e9 face \u00e0 Oyonnax, qu\u2019elle \u00e9tait capable de renverser une situation, ce que nous n\u2019avons pas su faire contre le m\u00eame adversaire. Il va falloir \u00eatre tr\u00e8s vigilants.\u00a0\u00bb<\/p>\n<\/p><\/div>\n<p><a href=\"https:\/\/www.ladepeche.fr\/2026\/01\/19\/pro-d2-lequipe-na-rien-lache-le-president-jean-francois-fonteneau-livre-son-analyse-sur-la-defaite-du-su-agen-a-grenoble-13169300.php\">source<\/a><\/p>\n","protected":false},"excerpt":{"rendered":"<p>l&#8217;essentiel Pr\u00e9sent vendredi au Stade des Alpes, le pr\u00e9sident du SU Agen Jean-Fran\u00e7ois Fonteneau se veut satisfait du visage montr\u00e9 par les joueurs agenais dans l\u2019Is\u00e8re, malgr\u00e9 la d\u00e9faite (45-36). On l\u2019a bri\u00e8vement aper\u00e7u au bord du terrain vendredi soir \u00e0 Grenoble. Chez Jean-Fran\u00e7ois Fonteneau, c\u2019est sa fa\u00e7on de montrer combien il est proche du [&hellip;]<\/p>\n","protected":false},"author":1,"featured_media":118267,"comment_status":"open","ping_status":"open","sticky":false,"template":"","format":"standard","meta":{"_monsterinsights_skip_tracking":false,"_monsterinsights_sitenote_active":false,"_monsterinsights_sitenote_note":"","_monsterinsights_sitenote_category":0,"footnotes":""},"categories":[71],"tags":[],"coauthors":[77],"class_list":["post-118266","post","type-post","status-publish","format-standard","has-post-thumbnail","hentry","category-sport"],"aioseo_notices":[],"_links":{"self":[{"href":"https:\/\/pressactu.com\/index.php?rest_route=\/wp\/v2\/posts\/118266","targetHints":{"allow":["GET"]}}],"collection":[{"href":"https:\/\/pressactu.com\/index.php?rest_route=\/wp\/v2\/posts"}],"about":[{"href":"https:\/\/pressactu.com\/index.php?rest_route=\/wp\/v2\/types\/post"}],"author":[{"embeddable":true,"href":"https:\/\/pressactu.com\/index.php?rest_route=\/wp\/v2\/users\/1"}],"replies":[{"embeddable":true,"href":"https:\/\/pressactu.com\/index.php?rest_route=%2Fwp%2Fv2%2Fcomments&post=118266"}],"version-history":[{"count":0,"href":"https:\/\/pressactu.com\/index.php?rest_route=\/wp\/v2\/posts\/118266\/revisions"}],"wp:featuredmedia":[{"embeddable":true,"href":"https:\/\/pressactu.com\/index.php?rest_route=\/wp\/v2\/media\/118267"}],"wp:attachment":[{"href":"https:\/\/pressactu.com\/index.php?rest_route=%2Fwp%2Fv2%2Fmedia&parent=118266"}],"wp:term":[{"taxonomy":"category","embeddable":true,"href":"https:\/\/pressactu.com\/index.php?rest_route=%2Fwp%2Fv2%2Fcategories&post=118266"},{"taxonomy":"post_tag","embeddable":true,"href":"https:\/\/pressactu.com\/index.php?rest_route=%2Fwp%2Fv2%2Ftags&post=118266"},{"taxonomy":"author","embeddable":true,"href":"https:\/\/pressactu.com\/index.php?rest_route=%2Fwp%2Fv2%2Fcoauthors&post=118266"}],"curies":[{"name":"wp","href":"https:\/\/api.w.org\/{rel}","templated":true}]}}