{"id":118256,"date":"2026-01-19T05:25:56","date_gmt":"2026-01-19T05:25:56","guid":{"rendered":"https:\/\/pressactu.com\/?p=118256"},"modified":"2026-01-19T05:25:56","modified_gmt":"2026-01-19T05:25:56","slug":"video-stade-toulousain-certains-nont-pas-ete-cool-du-tout-cedric-heymans-denonce-lattitude-de-certains-coequipiers-a-ses-debuts","status":"publish","type":"post","link":"https:\/\/pressactu.com\/?p=118256","title":{"rendered":"VIDEO. Stade Toulousain\u00a0: &quot;Certains n\u2019ont pas \u00e9t\u00e9 cool du tout\u00a0!&quot; C\u00e9dric Heymans d\u00e9nonce l\u2019attitude de certains co\u00e9quipiers \u00e0 ses d\u00e9buts"},"content":{"rendered":"<p>\n                                                                    <span class=\"article-full__chapo-label hide-on-small-only\">l&#8217;essentiel<\/span><br \/>\n                                                                L\u2019ancien ailier ou arri\u00e8re de Toulouse s\u2019est confi\u00e9 ce dimanche 18\u00a0janvier au matin sur les ondes de la radio RMC, sur certains \u00e9pisodes douloureux survenus lors de ses nombreuses ann\u00e9es pass\u00e9es sur les bords de la Garonne. Selon lui, certains de ses a\u00een\u00e9s n\u2019auraient pas pleinement agi en faveur de son \u00e9panouissement professionnel lors de ses jeunes ann\u00e9es.\n                            <\/p>\n<div rel=\"js-article-content\">\n                                                                                                                            <!-- Pub DFP Position [outstream] --><\/p>\n<p>Trouver sa place au sein d\u2019une \u00e9quipe sportive professionnelle hyper-performante, la mission est de taille. \u00c7a a \u00e9t\u00e9 le lot de C\u00e9dric Heymans, ex-joueur pro de rugby, lors de son arriv\u00e9e au Stade Toulousain en 2001 en provenance d\u2019Agen. L\u2019ailier ou arri\u00e8re est alors \u00e2g\u00e9 de 23 ans, et \u00e0 l\u2019\u00e9couter ce dimanche 18\u00a0janvier, l\u2019adaptation n\u2019a pas toujours \u00e9t\u00e9 des plus simples.<\/p>\n<p><!-- Pub DFP Position [article] --><\/p>\n<p>Sur les ondes de la radio RMC, dans le cadre de l\u2019\u00e9mission &#8220;Les Grandes Gueules du Sport&#8221; dont il est un intervenant r\u00e9gulier, l\u2019ancien stadiste (2001-2011) a livr\u00e9 son t\u00e9moignage, expliquant sans cibler nomm\u00e9ment personne, que certains anciens n\u2019avaient manifestement pas eu la volont\u00e9 de le cornaquer. Il s\u2019exprimait dans le cadre d\u2019un d\u00e9bat sur la transmission.<\/p>\n<p class=\"std-elt__inline\">\n        <strong>\u00c0 lire aussi :<\/strong><br \/>\n        <a href=\"\/2025\/05\/04\/ubb-stade-toulousain-la-pression-sera-sur-les-epaules-de-jalibert-cedric-heymans-decrypte-les-grands-duels-de-la-demi-finale-de-champions-cup-12673948.php\">UBB-Stade Toulousain\u00a0: &#8220;La pression sera sur les \u00e9paules de Jalibert\u00a0!&#8221; C\u00e9dric Heymans d\u00e9crypte les grands duels de la demi-finale de Champions Cup<\/a>\n    <\/p>\n<p>&#8220;Certains n\u2019ont pas \u00e9t\u00e9 tr\u00e8s cool&#8221; entame C\u00e9dric Heymans. &#8220;M\u00eame pas cool\u00a0du tout. Le vestiaire est une jungle. Et si tu n\u2019es pas pr\u00eat \u00e0 mordre les autres, dans les r\u00e8gles, tu n\u2019y arriveras pas. Et par moments, c\u2019\u00e9tait un peu &#8216;moyenasse&#8217;.&#8221;<\/p>\n<p>Il poursuit\u00a0: &#8220;Quand tu es dans un vestiaire o\u00f9 les anciens font tout pour garder leur place m\u00eame s\u2019ils ne sont pas au niveau et usent de leur influence aupr\u00e8s des coachs, \u00e7a devient tr\u00e8s moyen.&#8221;<\/p>\n<div class=\"extemb-container\">\n<blockquote data-class=\"twitter-tweet\">\n<p lang=\"fr\" dir=\"ltr\">ud83cudf99ufe0f C\u00e9dric Heymans: &#8220;Le vestiaire est une jungle. Si tu n&#8217;es pas pr\u00eat \u00e0 mordre les autres dans les r\u00e8gles, tu n&#8217;y arriveras pas. Quand les anciens font tout pour garder leur place, m\u00eame s&#8217;ils ne sont pas au niveau, en usant de leur influence aupr\u00e8s des coachs, c&#8217;est tr\u00e8s moyen&#8221; <a href=\"https:\/\/t.co\/WY31biftSp\">pic.twitter.com\/WY31biftSp<\/a><\/p>\n<p>\u2014 Les Grandes Gueules du Sport &#8211; RMC (@GGsportRMC) <a href=\"https:\/\/twitter.com\/GGsportRMC\/status\/2012832594627281090?ref_src=twsrc%5Etfw\">January 18, 2026<\/a><\/p><\/blockquote><\/div>\n<p>Au moment de regarder dans le r\u00e9troviseur, C\u00e9dric Heymans (47 ans) peut largement se satisfaire d\u2019avoir r\u00e9ussi \u00e0 faire son trou partout o\u00f9 il est pass\u00e9, finissant avec un palmar\u00e8s bien garni\u00a0: quatre Coupes d\u2019Europe (Brive en 1997, Stade Toulousain en 2003, 2005 et 2010) et trois Tournois des 6 Nations en 59 s\u00e9lections avec le XV de France (2004, 2006 et 2007).<\/p>\n<p class=\"std-elt__inline\">\n        <strong>\u00c0 lire aussi :<\/strong><br \/>\n        <a href=\"\/article\/2011\/04\/29\/1070511-stade-toulousain-la-deuxieme-jeunesse-de-cedric-heymans.html\">Stade Toulousain\u00a0: la deuxi\u00e8me jeunesse de C\u00e9dric Heymans<\/a>\n    <\/p>\n<p>Et, cerise sur le g\u00e2teau, C\u00e9dric Heymans se dit satisfait d\u2019avoir, lui, pris sous son aile un jeune joueur plus que talentueux \u00e0 son arriv\u00e9e \u00e0 Toulouse\u00a0: Maxime M\u00e9dard (2004-2022). &#8220;Je n\u2019avais pas envie qu\u2019il souffre de \u00e7a&#8221; a conclu Heymans. &#8220;J\u2019avais envie de l\u2019encadrer, c\u2019est un vrai bon mec donc tu avais l\u2019envie de l\u2019aider.&#8221;<\/p>\n<\/p><\/div>\n<p><script async src=\"\/\/platform.twitter.com\/widgets.js\" charset=\"utf-8\"><\/script><br \/><a href=\"https:\/\/www.ladepeche.fr\/2026\/01\/18\/video-stade-toulousain-certains-nont-pas-ete-cool-du-tout-cedric-heymans-denonce-lattitude-de-certains-coequipiers-a-ses-debuts-13169321.php\">source<\/a><\/p>\n","protected":false},"excerpt":{"rendered":"<p>l&#8217;essentiel L\u2019ancien ailier ou arri\u00e8re de Toulouse s\u2019est confi\u00e9 ce dimanche 18\u00a0janvier au matin sur les ondes de la radio RMC, sur certains \u00e9pisodes douloureux survenus lors de ses nombreuses ann\u00e9es pass\u00e9es sur les bords de la Garonne. Selon lui, certains de ses a\u00een\u00e9s n\u2019auraient pas pleinement agi en faveur de son \u00e9panouissement professionnel lors [&hellip;]<\/p>\n","protected":false},"author":1,"featured_media":118257,"comment_status":"open","ping_status":"open","sticky":false,"template":"","format":"standard","meta":{"_monsterinsights_skip_tracking":false,"_monsterinsights_sitenote_active":false,"_monsterinsights_sitenote_note":"","_monsterinsights_sitenote_category":0,"footnotes":""},"categories":[71],"tags":[],"coauthors":[77],"class_list":["post-118256","post","type-post","status-publish","format-standard","has-post-thumbnail","hentry","category-sport"],"aioseo_notices":[],"_links":{"self":[{"href":"https:\/\/pressactu.com\/index.php?rest_route=\/wp\/v2\/posts\/118256","targetHints":{"allow":["GET"]}}],"collection":[{"href":"https:\/\/pressactu.com\/index.php?rest_route=\/wp\/v2\/posts"}],"about":[{"href":"https:\/\/pressactu.com\/index.php?rest_route=\/wp\/v2\/types\/post"}],"author":[{"embeddable":true,"href":"https:\/\/pressactu.com\/index.php?rest_route=\/wp\/v2\/users\/1"}],"replies":[{"embeddable":true,"href":"https:\/\/pressactu.com\/index.php?rest_route=%2Fwp%2Fv2%2Fcomments&post=118256"}],"version-history":[{"count":0,"href":"https:\/\/pressactu.com\/index.php?rest_route=\/wp\/v2\/posts\/118256\/revisions"}],"wp:featuredmedia":[{"embeddable":true,"href":"https:\/\/pressactu.com\/index.php?rest_route=\/wp\/v2\/media\/118257"}],"wp:attachment":[{"href":"https:\/\/pressactu.com\/index.php?rest_route=%2Fwp%2Fv2%2Fmedia&parent=118256"}],"wp:term":[{"taxonomy":"category","embeddable":true,"href":"https:\/\/pressactu.com\/index.php?rest_route=%2Fwp%2Fv2%2Fcategories&post=118256"},{"taxonomy":"post_tag","embeddable":true,"href":"https:\/\/pressactu.com\/index.php?rest_route=%2Fwp%2Fv2%2Ftags&post=118256"},{"taxonomy":"author","embeddable":true,"href":"https:\/\/pressactu.com\/index.php?rest_route=%2Fwp%2Fv2%2Fcoauthors&post=118256"}],"curies":[{"name":"wp","href":"https:\/\/api.w.org\/{rel}","templated":true}]}}