{"id":118200,"date":"2026-01-18T19:19:37","date_gmt":"2026-01-18T19:19:37","guid":{"rendered":"https:\/\/pressactu.com\/?p=118200"},"modified":"2026-01-18T19:19:37","modified_gmt":"2026-01-18T19:19:37","slug":"trump-menace-les-europeens-liran-retablit-partiellement-internet-le-dilemme-de-lecornu-les-cinq-infos-a-retenir-du-week-end","status":"publish","type":"post","link":"https:\/\/pressactu.com\/?p=118200","title":{"rendered":"Trump menace les Europ\u00e9ens, l\u2019Iran r\u00e9tablit partiellement Internet, le dilemme de Lecornu\u2026 Les cinq infos \u00e0 retenir du week-end"},"content":{"rendered":"<div auto_robot_readability=\"183.16781472684\">\n                          <!-- partials\/article\/hook_media--standard.volt --><\/p>\n<figure class=\"hook-media--standard \" auto_robot_readability=\"-23.5\">\n    <picture class=\"hook-media_picture pb-8\"><source media=\"(max-width: 768px)\" srcset=\"https:\/\/focus.nouvelobs.com\/2026\/01\/18\/133\/0\/3200\/2133\/375\/250\/75\/0\/23613c7_upload-1-ubleetq16dlm-000-934k4zq.jpg 1x,https:\/\/focus.nouvelobs.com\/2026\/01\/18\/133\/0\/3200\/2133\/750\/500\/50\/0\/23613c7_upload-1-ubleetq16dlm-000-934k4zq.jpg 2x\" width=\"375\" height=\"250\"><img fetchpriority=\"high\" decoding=\"async\" class=\"mx-auto\" src=\"data:image\/svg+xml,%3Csvg%20xmlns%3D%27http%3A%2F%2Fwww.w3.org%2F2000%2Fsvg%27%20fill%3D%22%23e4e4e4%22%20viewBox%3D%270%200%20510%20340%27%20width%3D%22510%22%20height%3D%22340%22%3E%3Cpath%20d%3D%27M0%200h510v340H0z%27%2F%3E%3C%2Fsvg%3E\" srcset=\"https:\/\/focus.nouvelobs.com\/2026\/01\/18\/133\/0\/3200\/2133\/510\/340\/75\/0\/23613c7_upload-1-ubleetq16dlm-000-934k4zq.jpg 1x,https:\/\/focus.nouvelobs.com\/2026\/01\/18\/133\/0\/3200\/2133\/1020\/680\/50\/0\/23613c7_upload-1-ubleetq16dlm-000-934k4zq.jpg 2x\" loading=\"eager\" width=\"510\" height=\"340\" data-oncrawl-image-size=\"510x340\" alt=\"Emmanuel Macron et Donald Trump (montage). \"\/>      <\/source><\/picture><figcaption class=\"hook-media_figcaption\" auto_robot_readability=\"-22\">\n<p class=\"latino-100m text-grey-600\">\n            Emmanuel Macron et Donald Trump (montage). \u00a0<span class=\"text-grey-600 ms-4\">THIBAULT CAMUS, ANDREW CABALLERO-REYNOLDS \/ AFP<\/span>        <\/p>\n<\/figcaption><\/figure>\n<p>            <!-- partials\/article\/actions\/toolbar --><\/p>\n<div class=\"article__share d-flex align-items-center py-24 border-bottom  mb-32\" style=\"--border-color:#D9D9D9;\">\n<div class=\"d-flex flex-wrap gap-16\" auto_robot_readability=\"5.4432989690722\">\n<p>          <!-- partials\/article\/actions\/gift.volt --><\/p>\n<p>          <!-- partials\/article\/actions\/comment.volt --><\/p>\n<p>  <button data-article-key=\"20260118.OBS111631\" aria-label=\"Lire\u00a0plus\u00a0tard\" data-section=\"Monde\" data-piano=\"Page_Article,Sous_date_publi,A_lire_plus_tard,1er_clic,action\" class=\"popover-trigger btn--tertiary btn--icon-only btn btn--small btn--secondary read-later\"><br \/>\n    <i class=\"icon  icon-read-after\" aria-hidden=\"true\"\/><br \/>\n          <span class=\"latino-300r mt-2 \"><br \/>\n        Lire\u00a0plus\u00a0tard      <\/span><br \/>\n      <\/button><\/p>\n<p><a aria-label=\"Nous suivre sur Google News\" href=\"https:\/\/news.google.com\/publications\/CAAqBwgKMJe4nQkw3dFs?hl=fr&amp;gl=FR&amp;ceid=FR%3Afr\" target=\"_blank\" data-piano=\"Page_Article,Sous_date_publi,Nous_suivre_sur_google_news,1er_clic,action\" class=\"btn btn--small btn--tertiary btn--icon-only\"><br \/>\n        <svg class=\"icon icon--google  \" style=\"--fill:#56668A\">\n              <use href=\"https:\/\/www.nouvelobs.com\/bucket\/resources\/web\/img\/374c38b2d4770fdf93b3.svg#google\"\/><\/p>\n<p>  <\/svg><br \/>\n      <span class=\"latino-300r mt-2 \">Google Actualit\u00e9s<\/span><br \/>\n  <\/a><\/p>\n<p>          <!-- partials\/article\/actions\/hook_action--share.volt --><br \/>\n<button id=\"share\" aria-label=\"Partager\" class=\"popover-trigger btn btn--small btn--tertiary btn--icon-only\" data-piano=\"Page_Article,Sous_date_publi,Partager,1er_clic,action\"><br \/>\n        <svg class=\"icon icon--share-alt  \" style=\"--fill:#171717\">\n              <use href=\"https:\/\/www.nouvelobs.com\/bucket\/resources\/web\/img\/374c38b2d4770fdf93b3.svg#share-alt\"\/><\/p>\n<p>  <\/svg><br \/>\n  <span class=\"latino-300r mt-2\">Partager<\/span><br \/>\n<\/button><\/p>\n<div id=\"popover-share\" data-url=\"https:\/\/www.nouvelobs.com\/monde\/20260118.OBS111631\/trump-menace-les-europeens-l-iran-retablit-partiellement-internet-le-dilemme-de-lecornu-les-cinq-infos-a-retenir-du-week-end.html\" data-id=\"20260118.OBS111631\" data-popover-for=\"share\" class=\"popover p-32\" role=\"tooltip\" style=\"width: 375px\" auto_robot_readability=\"7\">\n<p>\n          <button onclick=\"setToFacebook();\" class=\"btn btn--large btn--secondary\" aria-label=\"Facebook\" piano-context-origin=\"Page_Article,Sous_date_publi,Partager,Facebook,action\"><br \/>\n              <svg class=\"icon icon--facebook  \" style=\"--fill:#171717\">\n              <use href=\"https:\/\/www.nouvelobs.com\/bucket\/resources\/web\/img\/374c38b2d4770fdf93b3.svg#facebook\"\/><\/p>\n<p>  <\/svg><br \/>\n        <span class=\"latino-300r\">Facebook<\/span><br \/>\n      <\/button><br \/>\n      <button onclick=\"setToBsky();\" class=\"btn btn--large btn--secondary\" aria-label=\"Bluesky\" piano-context-origin=\"Page_Article,Sous_date_publi,Partager,Bluesky,action\"><br \/>\n              <svg class=\"icon icon--bluesky  \" style=\"--fill:#171717\">\n              <use href=\"https:\/\/www.nouvelobs.com\/bucket\/resources\/web\/img\/374c38b2d4770fdf93b3.svg#bluesky\"\/><\/p>\n<p>  <\/svg><br \/>\n        <span class=\"latino-300r\">Bluesky<\/span><br \/>\n      <\/button><br \/>\n      <button id=\"mail-button\" onclick=\"setToMail(true)\" class=\"btn btn--large btn--secondary\" aria-label=\"Mail\" piano-context-origin=\"Page_Article,Sous_date_publi,Partager,Email,action\"><br \/>\n              <svg class=\"icon icon--mail  \" style=\"--fill:#171717\">\n              <use href=\"https:\/\/www.nouvelobs.com\/bucket\/resources\/web\/img\/374c38b2d4770fdf93b3.svg#mail\"\/><\/p>\n<p>  <\/svg><br \/>\n        <span class=\"latino-300r\">E-mail<\/span><br \/>\n      <\/button><br \/>\n      <button onclick=\"setToClipboard();\" class=\"copy-button btn btn--large btn--secondary\" aria-label=\"copier le lien\" piano-context-origin=\"Page_Article,Sous_date_publi,Partager,Copier_lien,action\"><br \/>\n              <svg class=\"icon icon--link  \" style=\"--fill:#171717\">\n              <use href=\"https:\/\/www.nouvelobs.com\/bucket\/resources\/web\/img\/374c38b2d4770fdf93b3.svg#link\"\/><\/p>\n<p>  <\/svg><br \/>\n        <span class=\"latino-300r\">Copier le lien<\/span><br \/>\n      <\/button>\n      <\/p>\n<p>\n    <button id=\"share-mail-submit\" type=\"submit\" form=\"mail-form\" onclick=\"__forecast.collectShareMail()\" class=\"latino-300r btn btn--large btn--black btn--fit\"><br \/>\n      Envoyer<br \/>\n    <\/button>\n  <\/p>\n<\/div>\n<p>          <!-- app\/web\/views\/partials\/article\/actions\/subscribe.volt --><\/p>\n<p>              <span data-urlencode=\"aHR0cHM6Ly9hYm8ubm91dmVsb2JzLmNvbQ==\" data-piano=\"Page_Article,Sous_date_publi,S_abonner_Fetes2025,1er_clic,action\" data-batch=\"clic_s_abonner\" class=\"btn btn--small btn--conversion-secondary\" style=\"-btn-color:#171717;--btn-color-hover:#171717;--btn-bg:#FFD484;--btn-bg-hover:#FFD484;--btn-bg-focus:#FFD484;\"><br \/>\n      S\u2019abonner    <\/span><\/p><\/div>\n<\/div>\n<p>            <!-- partials\/article\/contextual_blocks.volt --><\/p>\n<p>    <!-- partials\/article\/node.volt --><br \/>\n<!-- partials\/article\/node_text.volt --><\/p>\n<p class=\"node__paragraphe antonia-750r text-grey-800 pb-24 pb-md-32\">\nVous avez d\u00e9croch\u00e9 de l\u2019actualit\u00e9\u00a0? Voici les principales informations \u00e0 retenir de ces samedi\u00a017\u00a0et dimanche 18\u00a0janvier.<\/p>\n<p>            <!-- partials\/article\/node.volt --><br \/>\n<!-- partials\/article\/node_text.volt --><\/p>\n<h2 class=\"node__heading latino-800m latino-lg-1400e text-grey-800 pb-8 pb-md-16\">\n\u2022 Trump menace les Europ\u00e9ens sur le Groenland<\/h2>\n<p>      <!-- partials\/article\/node.volt --><br \/>\n<!-- partials\/article\/node_text.volt --><\/p>\n<p class=\"node__paragraphe antonia-750r text-grey-800 pb-24 pb-md-32\">\nDans un message au ton agressif, Donald Trump a accus\u00e9 samedi huit pays europ\u00e9ens &#8211; dont la France &#8211; de jouer \u00e0 <em>\u00ab\u00a0un jeu tr\u00e8s dangereux\u00a0\u00bb<\/em> au Groenland, <a target=\"_blank\" href=\"https:\/\/www.nouvelobs.com\/monde\/20260115.OBS111518\/groenland-ce-que-l-on-sait-de-l-envoi-de-militaires-francais-et-europeens-sur-place.html\">apr\u00e8s l\u2019envoi de militaires sur place<\/a> en r\u00e9ponse aux vell\u00e9it\u00e9s am\u00e9ricaines de s\u2019emparer de l\u2019immense territoire autonome danois.<\/p>\n<p>      <!-- partials\/article\/node.volt --><br \/>\n<!-- partials\/article\/node_text.volt --><\/p>\n<p class=\"node__paragraphe antonia-750r text-grey-800 pb-24 pb-md-32\">\nLe pr\u00e9sident am\u00e9ricain a menac\u00e9 ces pays de leur imposer de nouveaux droits de douane jusqu\u2019\u00e0 ce qu\u2019<em>\u00ab\u00a0un accord soit conclu pour la vente compl\u00e8te et int\u00e9grale du Groenland\u00a0\u00bb<\/em>. Cette surtaxe, de 10\u00a0%, sera effective \u00e0 partir du 1\u1d49\u02b3 f\u00e9vrier et pourrait s\u2019envoler \u00e0 25\u00a0% au 1\u1d49\u02b3 juin, a affirm\u00e9 Donald Trump.<\/p>\n<p>            <!-- partials\/article\/node.volt --><br \/>\n<!-- partials\/article\/node_media.volt --><\/p>\n<p>      <!-- partials\/article\/node.volt --><br \/>\n<!-- partials\/article\/node_text.volt --><\/p>\n<p class=\"node__paragraphe antonia-750r text-grey-800 pb-24 pb-md-32\">\n<em>\u00ab\u00a0Les menaces de surtaxes douani\u00e8res sapent les relations transatlantiques et risquent de conduire nos pays dans un dangereux engrenage\u00a0\u00bb<\/em>, ont r\u00e9pondu<em> <\/em>le Danemark, la Finlande, la France, l\u2019Allemagne, les Pays-Bas, la Norv\u00e8ge, la Su\u00e8de et le Royaume-Uni, assurant qu\u2019ils \u00ab\u00a0continueront<em> \u00e0 rester unis\u00a0\u00bb <\/em>et <em>\u00ab\u00a0d\u00e9termin\u00e9s \u00e0 d\u00e9fendre [leur] souverainet\u00e9\u00a0\u00bb<\/em>.<\/p>\n<p>      <!-- partials\/article\/node.volt --><br \/>\n<!-- partials\/article\/node_text.volt --><\/p>\n<p class=\"node__paragraphe antonia-750r text-grey-800 pb-24 pb-md-32\">\nSi les menaces de Donald Trump venaient \u00e0 \u00eatre mises \u00e0 ex\u00e9cution, Emmanuel Macron a pr\u00e9venu qu\u2019il demanderait <em>\u00ab\u00a0l\u2019activation de l\u2019instrument anti-coercition\u00a0\u00bb<\/em> de l\u2019UE. Ce dispositif, cr\u00e9\u00e9 en 2023, vise \u00e0 r\u00e9pondre \u00e0 tout pays qui utiliserait des armes commerciales pour faire pression sur l\u2019un des 27\u00a0Etats membres mais <a target=\"_blank\" href=\"https:\/\/www.nouvelobs.com\/monde\/20260118.OBS111620\/qu-est-ce-que-l-instrument-anti-coercition-le-bazooka-de-l-ue-evoque-par-macron-pour-contrer-les-droits-de-douane-de-trump.html\">n\u2019a encore jamais \u00e9t\u00e9 utilis\u00e9<\/a>.<\/p>\n<p>      <!-- partials\/article\/node.volt --><br \/>\n<!-- partials\/article\/node_text.volt --><\/p>\n<h2 class=\"node__heading latino-800m latino-lg-1400e text-grey-800 pb-8 pb-md-16\">\n\u2022 L\u2019arm\u00e9e syrienne reprend des territoires aux Kurdes<\/h2>\n<p>      <!-- partials\/article\/node.volt --><br \/>\n<!-- partials\/article\/node_text.volt --><\/p>\n<p class=\"node__paragraphe antonia-750r text-grey-800 pb-24 pb-md-32\">\nPlus d\u2019un an apr\u00e8s la chute de Bachar al-Assad, l\u2019arm\u00e9e syrienne a repris dimanche aux forces kurdes le plus grand champ p\u00e9trolif\u00e8re de Syrie, poursuivant son offensive dans le nord et l\u2019est du pays o\u00f9 le <a target=\"_blank\" href=\"https:\/\/www.nouvelobs.com\/monde\/20251208.OBS110468\/syrie-al-charaa-beneficie-d-une-legitimite-revolutionnaire-mais-l-euphorie-de-la-victoire-devrait-s-attenuer-et-les-defis-apparaitre-clairement.html\">pr\u00e9sident islamiste syrien Ahmad al-Charaa<\/a>\u00a0veut \u00e9tendre son autorit\u00e9.<\/p>\n<p>      <!-- partials\/article\/node.volt --><br \/>\n<!-- partials\/article\/node_text.volt --><\/p>\n<p class=\"node__paragraphe antonia-750r text-grey-800 pb-24 pb-md-32\">\nApr\u00e8s avoir d\u00e9log\u00e9 les Kurdes d\u2019Alep la semaine derni\u00e8re, ses troupes se rapprochent d\u00e9sormais de Raqa, l\u2019ancienne capitale de facto de l\u2019Etat isIamique, dans la province du m\u00eame nom, o\u00f9 elles ont annonc\u00e9 dimanche avoir pris le contr\u00f4le de la ville de Tabqa. La minorit\u00e9 kurde avait profit\u00e9 du chaos de la guerre civile, qui a pris fin en 2024, pour s\u2019emparer de vastes territoires de la Syrie, incluant champs p\u00e9troliers et gaziers.<\/p>\n<p>            <!-- partials\/article\/node.volt --><br \/>\n<!-- partials\/article\/node_media.volt --><\/p>\n<p>      <!-- partials\/article\/node.volt --><br \/>\n<!-- partials\/article\/node_text.volt --><\/p>\n<p class=\"node__paragraphe antonia-750r text-grey-800 pb-24 pb-md-32\">\nFort de cette rapide progression des forces syriennes, le pr\u00e9sident syrien Ahmad al-Chareh a annonc\u00e9 dimanche avoir sign\u00e9 un accord de cessez-le-feu avec le chef des forces kurdes en Syrie, Mazloum Abdi.<\/p>\n<p>      <!-- partials\/article\/node.volt --><br \/>\n<!-- partials\/article\/node_text.volt --><\/p>\n<p class=\"node__paragraphe antonia-750r text-grey-800 pb-24 pb-md-32\">\nLa pr\u00e9sidence a publi\u00e9 le texte de l\u2019accord sign\u00e9 en 14 points, qui comprend l\u2019int\u00e9gration des Forces D\u00e9mocratiques Syriennes (FDS) et des forces de s\u00e9curit\u00e9 kurdes dans les minist\u00e8res de la D\u00e9fense et de l\u2019Int\u00e9rieur, la remise imm\u00e9diate au gouvernement des provinces sous contr\u00f4le kurde de Deir Ezzor et Raqa, et la prise en charge par Damas des prisonniers du groupe Etat islamique et de leurs familles d\u00e9tenus dans des prisons et des camps contr\u00f4l\u00e9s par les Kurdes.<\/p>\n<p>      <!-- partials\/article\/node.volt --><br \/>\n<!-- partials\/article\/node_text.volt --><\/p>\n<h2 class=\"node__heading latino-800m latino-lg-1400e text-grey-800 pb-8 pb-md-16\">\n\u2022 Budget\u00a0: le PS ne devrait pas censurer le gouvernement<\/h2>\n<p>      <!-- partials\/article\/node.volt --><br \/>\n<!-- partials\/article\/node_text.volt --><\/p>\n<p class=\"node__paragraphe antonia-750r text-grey-800 pb-24 pb-md-32\">\nLe d\u00e9nouement semble proche sur le budget 2026. Satisfait des <em>\u00ab\u00a0victoires obtenues\u00a0\u00bb<\/em> avec les derni\u00e8res annonces budg\u00e9taires de S\u00e9bastien Lecornu, le Parti socialiste s\u2019est engag\u00e9 samedi \u00e0 ne pas censurer le gouvernement pourvu que celui-ci ne finance pas ces nouvelles mesures <em>\u00ab\u00a0sur le dos des Fran\u00e7ais\u00a0\u00bb<\/em> mais bien en partie sur les grandes entreprises.<\/p>\n<p>      <!-- partials\/article\/node.volt --><br \/>\n<!-- partials\/article\/node_text.volt --><\/p>\n<p class=\"node__paragraphe antonia-750r text-grey-800 pb-24 pb-md-32\">\nInvit\u00e9 du JT de TF1, le Premier secr\u00e9taire du PS Olivier Faure a annonc\u00e9 qu\u2019il proposerait \u00e0 ses d\u00e9put\u00e9s <em>\u00ab\u00a0de ne pas censurer\u00a0\u00bb<\/em> le gouvernement \u00e0 deux conditions\u00a0: <em>\u00ab\u00a0la premi\u00e8re, c\u2019est d\u2019avoir la copie (budg\u00e9taire, ndlr) compl\u00e8te, qu\u2019il n\u2019y ait pas de flou\u00a0\u00bb<\/em>\u00a0; <em>\u00ab\u00a0La deuxi\u00e8me, c\u2019est que le financement de toutes ces victoires obtenues ne se fasse pas sur le dos des Fran\u00e7ais\u00a0\u00bb<\/em>.<\/p>\n<p>            <!-- partials\/article\/node.volt --><br \/>\n<!-- partials\/article\/node_media.volt --><\/p>\n<p>      <!-- partials\/article\/node.volt --><br \/>\n<!-- partials\/article\/node_text.volt --><\/p>\n<p class=\"node__paragraphe antonia-750r text-grey-800 pb-24 pb-md-32\">\nLe Premier ministre devrait d\u00e9tailler ces mesures <em>\u00ab\u00a0dans un courrier adress\u00e9 \u00e0 tous les parlementaires lundi pour que chacun puisse se positionner\u00a0\u00bb<\/em>, a pr\u00e9cis\u00e9 la ministre des Comptes publics Am\u00e9lie de Montchalin. Faute de majorit\u00e9 pour aller au vote, il va devoir choisir s\u2019il recourt \u00e0 l\u2019article 49.3 ou \u00e0 une ordonnance (article 47 de la Constitution).<\/p>\n<p>      <!-- partials\/article\/node.volt --><br \/>\n<!-- partials\/article\/node_text.volt --><\/p>\n<h2 class=\"node__heading latino-800m latino-lg-1400e text-grey-800 pb-8 pb-md-16\">\n\u2022 En Iran, un acc\u00e8s limit\u00e9 \u00e0 internet r\u00e9tabli<\/h2>\n<p>      <!-- partials\/article\/node.volt --><br \/>\n<!-- partials\/article\/node_text.volt --><\/p>\n<p class=\"node__paragraphe antonia-750r text-grey-800 pb-24 pb-md-32\">\nDix jours apr\u00e8s <a target=\"_blank\" href=\"https:\/\/www.nouvelobs.com\/monde\/20260114.OBS111503\/en-iran-le-reseau-internet-a-ete-reconfigure-pour-que-la-totalite-du-trafic-passe-par-un-point-de-sortie-unique-controle-par-les-gardiens-de-la-revolution.html\">une coupure totale des communications<\/a> destin\u00e9e \u00e0 masquer une violente r\u00e9pression, un acc\u00e8s limit\u00e9 \u00e0 internet a \u00e9t\u00e9 r\u00e9tabli dimanche en Iran, selon l\u2019ONG Netblocks. <em>\u00ab\u00a0Les donn\u00e9es de trafic indiquent un retour significatif de certains services en ligne, dont Google, ce qui laisse penser qu\u2019un acc\u00e8s fortement filtr\u00e9 a \u00e9t\u00e9 r\u00e9tabli, corroborant les t\u00e9moignages d\u2019utilisateurs faisant \u00e9tat d\u2019un r\u00e9tablissement partiel\u00a0\u00bb<\/em>, \u00e9crit l\u2019ONG de surveillance de la cybers\u00e9curit\u00e9 dans un message sur les r\u00e9seaux sociaux.<\/p>\n<p>      <!-- partials\/article\/node.volt --><br \/>\n<!-- partials\/article\/node_text.volt --><\/p>\n<p class=\"node__paragraphe antonia-750r text-grey-800 pb-24 pb-md-32\">\nSamedi soir,<em> \u00ab\u00a0les autorit\u00e9s comp\u00e9tentes ont annonc\u00e9 que l\u2019acc\u00e8s \u00e0 internet serait progressivement r\u00e9tabli\u00a0\u00bb<\/em>, a annonc\u00e9 l\u2019agence de presse Tasnim, sans donner plus de d\u00e9tails. Bloqu\u00e9s pendant des jours, les appels t\u00e9l\u00e9phoniques vers l\u2019\u00e9tranger ont \u00e9t\u00e9 r\u00e9tablis mardi et les \u00e9changes par SMS samedi.<\/p>\n<p>            <!-- partials\/article\/node.volt --><br \/>\n<!-- partials\/article\/node_media.volt --><\/p>\n<p>      <!-- partials\/article\/node.volt --><br \/>\n<!-- partials\/article\/node_text.volt --><\/p>\n<p class=\"node__paragraphe antonia-750r text-grey-800 pb-24 pb-md-32\">\nLes autorit\u00e9s, qui affirment avoir repris le contr\u00f4le de la situation, ont aussi rouvert dimanche les \u00e9coles, ferm\u00e9es depuis une semaine, et les universit\u00e9s, a annonc\u00e9 la t\u00e9l\u00e9vision d\u2019Etat.<\/p>\n<p>      <!-- partials\/article\/node.volt --><br \/>\n<!-- partials\/article\/node_text.volt --><\/p>\n<p class=\"node__paragraphe antonia-750r text-grey-800 pb-24 pb-md-32\">\nLe mouvement de col\u00e8re d\u00e9clench\u00e9 le 28 d\u00e9cembre \u00e0 T\u00e9h\u00e9ran par des commer\u00e7ants a \u00e9t\u00e9 \u00e9touff\u00e9 par une r\u00e9pression qualifi\u00e9e de <em>\u00ab\u00a0massacre\u00a0\u00bb<\/em> par des groupes de d\u00e9fense des droits humains, \u00e0 la faveur d\u2019un blackout des communications instaur\u00e9 il y a dix jours. Au moins 3\u00a0428 manifestants ont \u00e9t\u00e9 tu\u00e9s, selon le dernier bilan de Iran Human Rights (IHR), dont les chiffres sont cit\u00e9s par l\u2019ONU. D\u2019autres estimations font \u00e9tat de plus de 5\u00a0000 morts, voire jusqu\u2019\u00e0 20\u00a0000.<\/p>\n<p>      <!-- partials\/article\/node.volt --><br \/>\n<!-- partials\/article\/node_text.volt --><\/p>\n<p class=\"node__paragraphe antonia-750r text-grey-800 pb-24 pb-md-32\">\nLe pr\u00e9sident iranien Massoud Pezeshkian a affirm\u00e9 dimanche que toute attaque visant le guide supr\u00eame Ali Khamenei, d\u00e9tenteur du pouvoir en Iran, serait une d\u00e9claration de guerre, r\u00e9agissant \u00e0 Donald Trump qui a appel\u00e9 \u00e0 trouver un nouveau dirigeant.<\/p>\n<p>      <!-- partials\/article\/node.volt --><br \/>\n<!-- partials\/article\/node_text.volt --><\/p>\n<h2 class=\"node__heading latino-800m latino-lg-1400e text-grey-800 pb-8 pb-md-16\">\n\u2022 La famille d\u2019El Hacen Diarra d\u00e9nonce des violences polici\u00e8res<\/h2>\n<p>      <!-- partials\/article\/node.volt --><br \/>\n<!-- partials\/article\/node_text.volt --><\/p>\n<p class=\"node__paragraphe antonia-750r text-grey-800 pb-24 pb-md-32\">\nLa famille d\u2019El Hacen Diarra, un Mauritanien de 35 ans mort dans la nuit de mercredi \u00e0 jeudi pendant sa garde \u00e0 vue dans un commissariat parisien, porte plainte pour <em>\u00ab\u00a0violences volontaires ayant entra\u00een\u00e9 la mort\u00a0\u00bb.<\/em><\/p>\n<p>            <!-- partials\/article\/node.volt --><br \/>\n<!-- partials\/article\/node_media.volt --><\/p>\n<p>      <!-- partials\/article\/node.volt --><br \/>\n<!-- partials\/article\/node_text.volt --><\/p>\n<p class=\"node__paragraphe antonia-750r text-grey-800 pb-24 pb-md-32\">\nCette plainte <em>\u00ab\u00a0s\u2019impose face \u00e0 l\u2019absence de saisine d\u2019un juge d\u2019instruction par la procureure de la R\u00e9publique, alors que les circonstances de ce drame sont marqu\u00e9es par des preuves accablantes\u00a0\u00bb<\/em>, souligne leur avocat, Me Yassine Bouzrou. Il d\u00e9nonce, vid\u00e9o \u00e0 l\u2019appui, des violences polici\u00e8res et demande la d\u00e9signation d\u2019un juge d\u2019instruction.<\/p>\n<p>      <!-- partials\/article\/node.volt --><br \/>\n<!-- partials\/article\/node_text.volt --><\/p>\n<p class=\"node__paragraphe antonia-750r text-grey-800 pb-24 pb-md-32\">\nSur des images film\u00e9es de nuit par des voisins, on distingue deux policiers, dont l\u2019un, \u00e0 genoux, donne deux coups de poing en direction d\u2019un homme plaqu\u00e9 au sol, avant l\u2019arriv\u00e9e de leurs coll\u00e8gues en voiture, une minute plus tard.<\/p>\n<p>      <!-- partials\/article\/node.volt --><br \/>\n<!-- partials\/article\/node_media.volt --><\/p>\n<p>      <!-- partials\/article\/node.volt --><br \/>\n<!-- partials\/article\/node_text.volt --><\/p>\n<p class=\"node__paragraphe antonia-750r text-grey-800 pb-24 pb-md-32\">\nTrois \u00e0 quatre cents personnes se sont rassembl\u00e9es dimanche en hommage \u00e0 El Hacen Diarra. Les participants ont observ\u00e9 une minute de silence au pied du foyer de travailleurs migrants o\u00f9 il r\u00e9sidait, et devant lequel il a \u00e9t\u00e9 interpell\u00e9, \u00e0 deux pas du cimeti\u00e8re du P\u00e8re-Lachaise, dans le 20\u1d49 arrondissement.<\/p>\n<\/p><\/div>\n<p><a href=\"https:\/\/www.nouvelobs.com\/monde\/20260118.OBS111631\/trump-menace-les-europeens-l-iran-retablit-partiellement-internet-le-dilemme-de-lecornu-les-cinq-infos-a-retenir-du-week-end.html\">source<\/a><\/p>\n","protected":false},"excerpt":{"rendered":"<p>Emmanuel Macron et Donald Trump (montage). \u00a0THIBAULT CAMUS, ANDREW CABALLERO-REYNOLDS \/ AFP Lire\u00a0plus\u00a0tard Google Actualit\u00e9s Partager Facebook Bluesky E-mail Copier le lien Envoyer S\u2019abonner Vous avez d\u00e9croch\u00e9 de l\u2019actualit\u00e9\u00a0? Voici les principales informations \u00e0 retenir de ces samedi\u00a017\u00a0et dimanche 18\u00a0janvier. \u2022 Trump menace les Europ\u00e9ens sur le Groenland Dans un message au ton agressif, Donald [&hellip;]<\/p>\n","protected":false},"author":1,"featured_media":118201,"comment_status":"open","ping_status":"open","sticky":false,"template":"","format":"standard","meta":{"_monsterinsights_skip_tracking":false,"_monsterinsights_sitenote_active":false,"_monsterinsights_sitenote_note":"","_monsterinsights_sitenote_category":0,"footnotes":""},"categories":[75],"tags":[],"coauthors":[77],"class_list":["post-118200","post","type-post","status-publish","format-standard","has-post-thumbnail","hentry","category-monde"],"aioseo_notices":[],"_links":{"self":[{"href":"https:\/\/pressactu.com\/index.php?rest_route=\/wp\/v2\/posts\/118200","targetHints":{"allow":["GET"]}}],"collection":[{"href":"https:\/\/pressactu.com\/index.php?rest_route=\/wp\/v2\/posts"}],"about":[{"href":"https:\/\/pressactu.com\/index.php?rest_route=\/wp\/v2\/types\/post"}],"author":[{"embeddable":true,"href":"https:\/\/pressactu.com\/index.php?rest_route=\/wp\/v2\/users\/1"}],"replies":[{"embeddable":true,"href":"https:\/\/pressactu.com\/index.php?rest_route=%2Fwp%2Fv2%2Fcomments&post=118200"}],"version-history":[{"count":0,"href":"https:\/\/pressactu.com\/index.php?rest_route=\/wp\/v2\/posts\/118200\/revisions"}],"wp:featuredmedia":[{"embeddable":true,"href":"https:\/\/pressactu.com\/index.php?rest_route=\/wp\/v2\/media\/118201"}],"wp:attachment":[{"href":"https:\/\/pressactu.com\/index.php?rest_route=%2Fwp%2Fv2%2Fmedia&parent=118200"}],"wp:term":[{"taxonomy":"category","embeddable":true,"href":"https:\/\/pressactu.com\/index.php?rest_route=%2Fwp%2Fv2%2Fcategories&post=118200"},{"taxonomy":"post_tag","embeddable":true,"href":"https:\/\/pressactu.com\/index.php?rest_route=%2Fwp%2Fv2%2Ftags&post=118200"},{"taxonomy":"author","embeddable":true,"href":"https:\/\/pressactu.com\/index.php?rest_route=%2Fwp%2Fv2%2Fcoauthors&post=118200"}],"curies":[{"name":"wp","href":"https:\/\/api.w.org\/{rel}","templated":true}]}}