{"id":118052,"date":"2026-01-17T13:14:06","date_gmt":"2026-01-17T13:14:06","guid":{"rendered":"https:\/\/pressactu.com\/?p=118052"},"modified":"2026-01-17T13:14:06","modified_gmt":"2026-01-17T13:14:06","slug":"pilotes-cloues-au-sol-pourquoi-laerodrome-de-condom-est-il-ferme-depuis-le-1er-janvier","status":"publish","type":"post","link":"https:\/\/pressactu.com\/?p=118052","title":{"rendered":"Pilotes clou\u00e9s au sol\u00a0: pourquoi l\u2019a\u00e9rodrome de Condom est-il ferm\u00e9 depuis le 1er janvier\u00a0?"},"content":{"rendered":"<p>\n                                                                    <span class=\"article-full__chapo-label hide-on-small-only\">l&#8217;essentiel<\/span><br \/>\n                                                                Depuis le d\u00e9but de l\u2019ann\u00e9e 2026, l\u2019a\u00e9rodrome de Condom, l\u2019un des trois seuls du Gers avec Auch et Nogaro, est ferm\u00e9. Impossible de trouver une assurance pour la communaut\u00e9 de communes, responsable des lieux. Les pilotes rongent leur frein.\n                            <\/p>\n<div rel=\"js-article-content\" data-state=\"fixed-height\" data-selection=\"disabled\">\n                                                                                                                            <!-- Pub DFP Position [outstream] --><\/p>\n<p>Depuis le 1<sup>er<\/sup>\u00a0janvier, l\u2019a\u00e9rodrome de Condom-Valence-sur-Ba\u00efse, l\u2019un des trois du Gers, est ferm\u00e9 \u00e0 la circulation a\u00e9rienne. Il est devenu impossible de souscrire une assurance responsabilit\u00e9 civile a\u00e9ronautique.<\/p>\n<p><!-- Pub DFP Position [article] --><\/p>\n<div class=\"article-full-nl-promo\">\n<div class=\"article-full-nl-promo__content\">\n<p class=\"article-full-nl-promo__title\">Newsletter A\u00e9ronautique<\/p>\n<p class=\"article-full-nl-promo__text\">Votre RDV hebdomadaire pour d\u00e9couvrir des <strong>informations<br \/>\n                    exclusives<\/strong> sur le secteur de l\u2019a\u00e9ronautique : interviews, analyses approfondies, enqu\u00eates&#8230;<\/p>\n<\/p><\/div>\n<p>        <a class=\"btn btn-primary btn-pill\" href=\"https:\/\/profil.ladepeche.fr\/account\/newsletter?optinNL=NEWS_AERO\">S&#8217;inscrire<\/a>\n    <\/div>\n<p>La communaut\u00e9 de communes de la T\u00e9nar\u00e8ze, propri\u00e9taire du site, se bat pour trouver une solution, tandis que pilotes et associations attendent, impuissants.<\/p>\n<h2 class=\"txt-int\">Un arr\u00eat\u00e9 de fermeture, pas de vol possible<\/h2>\n<p>&#8220;Depuis le 1<sup>er<\/sup>\u00a0janvier, l\u2019a\u00e9rodrome est ferm\u00e9 temporairement&#8221;, annonce Maurice Boison, pr\u00e9sident de la communaut\u00e9 de communes. Malgr\u00e9 les d\u00e9marches, aucun assureur n\u2019accepte de couvrir la responsabilit\u00e9 civile du site.<\/p>\n<p>&#8220;Sans cette assurance, en cas d\u2019accident, c\u2019est le contribuable qui paierait, explique-t-il. Si on envoie quelqu\u2019un s\u2019occuper d\u2019un simple entretien, comme c\u2019est notre r\u00f4le, il n\u2019est tout simplement pas assur\u00e9\u00a0! C\u2019est impensable.&#8221; Une situation intenable, qui a conduit \u00e0 la fermeture, malgr\u00e9 l\u2019attachement des \u00e9lus \u00e0 ce &#8220;point d\u2019activit\u00e9 important&#8221; pour le territoire.<\/p>\n<p class=\"std-elt__inline\">\n        <strong>\u00c0 lire aussi :<\/strong><br \/>\n        <a href=\"\/2021\/07\/25\/au-championnat-junior-de-vol-a-voile-2021-9692283.php\">Sur l&#8217;a\u00e9rodrome de Condom-Valence, le championnat junior de vol \u00e0 voile 2021<\/a>\n    <\/p>\n<p>Le probl\u00e8me\u00a0? Un march\u00e9 assurantiel sous tension. &#8220;Les cotisations explosent, les assureurs se d\u00e9sengagent&#8221;, constate Maurice Boison. La communaut\u00e9 a bien r\u00e9ussi \u00e0 assurer les \u00e9quipements, mais la responsabilit\u00e9 civile reste un casse-t\u00eate. &#8220;On a un cabinet qui nous suit, mais partout, c\u2019est porte ferm\u00e9e.&#8221;<\/p>\n<h2 class=\"txt-int\">Des usagers dans l\u2019expectative<\/h2>\n<p>Pour les associations et pilotes priv\u00e9s, l\u2019attente est difficile. &#8220;On ne peut pas voler, c\u2019est d\u00e9rangeant&#8221;, t\u00e9moignent Michel et Jean-Yves, du club de planeurs. Soixante membres pour le planeur, une dizaine pour l\u2019a\u00e9romod\u00e9lisme, et plusieurs pilotes priv\u00e9s ou \u00e9coles de formation\u00a0: l\u2019a\u00e9rodrome est un lieu vivant. &#8220;C\u2019est toujours un peu compliqu\u00e9 en d\u00e9but d\u2019ann\u00e9e, mais l\u00e0, on aurait vraiment pu voler&#8221;, regrette l\u2019un d\u2019eux.<\/p>\n<p class=\"std-elt__inline\">\n        <strong>\u00c0 lire aussi :<\/strong><br \/>\n        <a href=\"\/2025\/09\/29\/lhistoire-ne-fait-que-commencer-des-milliers-de-visiteurs-et-un-show-spectaculaire-le-premier-meeting-aerien-dauch-a-fait-decoller-les-passions-12958686.php\">&#8220;L\u2019histoire ne fait que commencer&#8221;\u2026 Des milliers de visiteurs et un show spectaculaire\u00a0: le premier meeting a\u00e9rien d\u2019Auch a fait d\u00e9coller les passions<\/a>\n    <\/p>\n<p>David Bidou, le directeur de l\u2019a\u00e9roport d\u2019Auch, relativise\u00a0: &#8220;Cette fermeture ne pose aucun probl\u00e8me de s\u00e9curit\u00e9. S\u2019il y avait des appareils en difficult\u00e9, ils seraient redirig\u00e9s vers Auch ou Nogaro, un tel a\u00e9rodrome n\u2019est pas int\u00e9gr\u00e9 dans un quelconque plan de s\u00e9curit\u00e9 a\u00e9rienne.&#8221; Mais le responsable auscitain reconna\u00eet que les hausses des co\u00fbts de fonctionnement, assurances comprises, conjugu\u00e9es aux baisses des dotations, compliquent la vie de tels \u00e9tablissements. Et pour les planeurs et les clubs du Condomois, l\u2019activit\u00e9 est \u00e0 l\u2019arr\u00eat.<\/p>\n<h2 class=\"txt-int\">Solutions sine die<\/h2>\n<p>La communaut\u00e9 de communes a obtenu de la pr\u00e9fecture l\u2019autorisation de n\u00e9gocier de gr\u00e9 \u00e0 gr\u00e9 avec un assureur, sans passer par un appel d\u2019offres, bien plus long. &#8220;On esp\u00e8re une r\u00e9ouverture rapide, mais on ne peut pas donner de date&#8221;, pr\u00e9cise Maurice Boison. Le co\u00fbt reste lui aussi inconnu\u00a0: &#8220;On n\u2019a pas de proposition, donc pas de chiffre\u00a0!&#8221;<\/p>\n<p>Pour lui, l\u2019enjeu d\u00e9passe Condom\u00a0: &#8220;C\u2019est un sympt\u00f4me des difficult\u00e9s des petites infrastructures.&#8221; La priorit\u00e9 du pr\u00e9sident est \u00e0 pr\u00e9sent de r\u00e9soudre au plus vite cet impr\u00e9vu.<\/p>\n<\/p><\/div>\n<p><a href=\"https:\/\/www.ladepeche.fr\/2026\/01\/16\/pilotes-cloues-au-sol-pourquoi-laerodrome-de-condom-est-il-ferme-depuis-le-1er-janvier-13164274.php\">source<\/a><\/p>\n","protected":false},"excerpt":{"rendered":"<p>l&#8217;essentiel Depuis le d\u00e9but de l\u2019ann\u00e9e 2026, l\u2019a\u00e9rodrome de Condom, l\u2019un des trois seuls du Gers avec Auch et Nogaro, est ferm\u00e9. Impossible de trouver une assurance pour la communaut\u00e9 de communes, responsable des lieux. Les pilotes rongent leur frein. Depuis le 1er\u00a0janvier, l\u2019a\u00e9rodrome de Condom-Valence-sur-Ba\u00efse, l\u2019un des trois du Gers, est ferm\u00e9 \u00e0 la [&hellip;]<\/p>\n","protected":false},"author":1,"featured_media":118053,"comment_status":"open","ping_status":"open","sticky":false,"template":"","format":"standard","meta":{"_monsterinsights_skip_tracking":false,"_monsterinsights_sitenote_active":false,"_monsterinsights_sitenote_note":"","_monsterinsights_sitenote_category":0,"footnotes":""},"categories":[74],"tags":[],"coauthors":[77],"class_list":["post-118052","post","type-post","status-publish","format-standard","has-post-thumbnail","hentry","category-economie"],"aioseo_notices":[],"_links":{"self":[{"href":"https:\/\/pressactu.com\/index.php?rest_route=\/wp\/v2\/posts\/118052","targetHints":{"allow":["GET"]}}],"collection":[{"href":"https:\/\/pressactu.com\/index.php?rest_route=\/wp\/v2\/posts"}],"about":[{"href":"https:\/\/pressactu.com\/index.php?rest_route=\/wp\/v2\/types\/post"}],"author":[{"embeddable":true,"href":"https:\/\/pressactu.com\/index.php?rest_route=\/wp\/v2\/users\/1"}],"replies":[{"embeddable":true,"href":"https:\/\/pressactu.com\/index.php?rest_route=%2Fwp%2Fv2%2Fcomments&post=118052"}],"version-history":[{"count":0,"href":"https:\/\/pressactu.com\/index.php?rest_route=\/wp\/v2\/posts\/118052\/revisions"}],"wp:featuredmedia":[{"embeddable":true,"href":"https:\/\/pressactu.com\/index.php?rest_route=\/wp\/v2\/media\/118053"}],"wp:attachment":[{"href":"https:\/\/pressactu.com\/index.php?rest_route=%2Fwp%2Fv2%2Fmedia&parent=118052"}],"wp:term":[{"taxonomy":"category","embeddable":true,"href":"https:\/\/pressactu.com\/index.php?rest_route=%2Fwp%2Fv2%2Fcategories&post=118052"},{"taxonomy":"post_tag","embeddable":true,"href":"https:\/\/pressactu.com\/index.php?rest_route=%2Fwp%2Fv2%2Ftags&post=118052"},{"taxonomy":"author","embeddable":true,"href":"https:\/\/pressactu.com\/index.php?rest_route=%2Fwp%2Fv2%2Fcoauthors&post=118052"}],"curies":[{"name":"wp","href":"https:\/\/api.w.org\/{rel}","templated":true}]}}