{"id":110120,"date":"2025-11-13T01:40:32","date_gmt":"2025-11-13T01:40:32","guid":{"rendered":"https:\/\/pressactu.com\/?p=110120"},"modified":"2025-11-13T01:40:32","modified_gmt":"2025-11-13T01:40:32","slug":"en-images-top-14-apres-dix-jours-de-treve-les-joueurs-de-lus-montauban-ont-retrouve-le-chemin-de-lentrainement","status":"publish","type":"post","link":"https:\/\/pressactu.com\/?p=110120","title":{"rendered":"EN IMAGES. Top 14\u00a0: apr\u00e8s dix jours de tr\u00eave, les joueurs de l\u2019US Montauban ont retrouv\u00e9 le chemin de l\u2019entra\u00eenement"},"content":{"rendered":"<p>\n                                                                    <span class=\"article-full__chapo-label hide-on-small-only\">l&#8217;essentiel<\/span><br \/>\n                                                                Apr\u00e8s une lourde d\u00e9faite \u00e0 Bayonne (7-47), samedi 1er\u00a0novembre 2025, pour la 9e journ\u00e9e de Top 14, les joueurs de l\u2019US Montauban ont repris le chemin de l\u2019entra\u00eenement mercredi 12\u00a0novembre au Centre d\u2019excellence sportif du Rami\u00e9rou. \u00c0 onze jours de la r\u00e9ception du Stade Toulousain, le moral \u00e9tait au beau fixe.\n                            <\/p>\n<div rel=\"js-article-content\" data-state=\"fixed-height\" data-selection=\"disabled\">\n                                                                                                                            <!-- Pub DFP Position [outstream] --><\/p>\n<p>Il flottait comme un air de rentr\u00e9e des classes, mercredi 12\u00a0novembre 2025, au-dessus du Centre d\u2019excellence sportive (CES) du Rami\u00e9rou (Tarn-et-Garonne). Apr\u00e8s 10 jours de cong\u00e9, les joueurs de l\u2019US Montauban, 13e du Top 14, ont effectu\u00e9 leur retour \u00e0 l\u2019entra\u00eenement, \u00e0 dix jours de recevoir le champion de France, le Stade Toulousain, \u00e0 Sapiac.<\/p>\n<p><!-- Pub DFP Position [article] --><\/p>\n<div class=\"center-align\" rel=\"js-article-inline-img\" data-protec-aida=\"image\">\n<figure class=\"std-img\" data-src=\"https:\/\/images.ladepeche.fr\/api\/v1\/images\/view\/6914b838acac6ecc0709d465\/original\/image.jpg?v=1\">\n        <img decoding=\"async\" class=\"std-img__img responsive-img\" src=\"http:\/\/pressactu.com\/wp-content\/uploads\/2025\/11\/1762998030_889_image.jpg?v=1\" alt=\"Lucas Seyrolle lanc\u00e9 pour un nouveau bloc de 11 semaines de comp\u00e9tition.\"\/><figcaption class=\"article-full__media-infos\">\n                <span class=\"article-full__media-legend\">Lucas Seyrolle lanc\u00e9 pour un nouveau bloc de 11 semaines de comp\u00e9tition.<\/span><br \/>\n                                    <span class=\"article-full__media-author\">DDM &#8211; MANU MASSIP<\/span><br \/>\n                            <\/figcaption><\/figure>\n<\/div>\n<p>Une remise en route apr\u00e8s un premier bloc \u00e9reintant de 9 journ\u00e9es cons\u00e9cutives, 11 en comptant les deux matchs de pr\u00e9paration contre <a href=\"https:\/\/www.ladepeche.fr\/2025\/08\/21\/rugby-top-14-montauban-castres-sacre-derby-pour-debuter-la-preparation-12887301.php\" target=\"_self\">Castres <\/a>et <a href=\"https:\/\/www.ladepeche.fr\/2025\/08\/28\/rugby-top-14-match-de-preparation-montauban-monte-en-puissance-et-fait-trembler-le-champion-deurope-12898672.php\" target=\"_self\">Bordeaux-B\u00e8gles<\/a>, qui s\u2019est sold\u00e9 par une victoire contre Perpignan (29-22), un match nul contre Montpellier (22-22), \u00e0 chaque fois \u00e0 Sapiac, et 7 d\u00e9faites dont 3 \u00e0 domicile.<\/p>\n<h2 class=\"txt-int\">&#8220;Il y avait le besoin de couper&#8221;<\/h2>\n<p>Apr\u00e8s leur dernier revers <a href=\"https:\/\/www.ladepeche.fr\/2025\/11\/01\/top-14-montauban-refuse-le-fanny-mais-prend-une-nouvelle-correction-a-lexterieur-13027870.php\" target=\"_self\">au stade Jean-Dauger de Bayonne (7-47)<\/a>, samedi 1er\u00a0novembre 2025, l&#8217;ensemble du staff et des joueurs a pu b\u00e9n\u00e9ficier d\u2019un repos complet. &#8220;Il y avait le besoin de couper&#8221;, confirme le manager <a href=\"https:\/\/www.ladepeche.fr\/2025\/10\/08\/entretien-us-montauban-sil-y-en-a-qui-se-decouragent-jarrete-dentrainer-sacre-a-la-nuit-du-rugby-sebastien-tillous-borde-garde-la-foi-12977990.php\" target=\"_self\">S\u00e9bastien Tillous-Borde<\/a>, lors d\u2019un des rares moments de pause de la matin\u00e9e, \u00e0 l\u2019heure de la collation vers 10h30.<\/p>\n<div class=\"center-align\" rel=\"js-article-inline-img\" data-protec-aida=\"image\">\n<figure class=\"std-img\" data-src=\"https:\/\/images.ladepeche.fr\/api\/v1\/images\/view\/6914b83a42ca1636c802748a\/original\/image.jpg?v=1\">\n        <img decoding=\"async\" class=\"std-img__img responsive-img\" src=\"http:\/\/pressactu.com\/wp-content\/uploads\/2025\/11\/1762998030_902_image.jpg?v=1\" alt=\"S\u00e9bastien Tillous-Borde a remobilis\u00e9 ses troupes lors d\u2019un briefing d\u2019avant-s\u00e9ance.\"\/><figcaption class=\"article-full__media-infos\">\n                <span class=\"article-full__media-legend\">S\u00e9bastien Tillous-Borde a remobilis\u00e9 ses troupes lors d\u2019un briefing d\u2019avant-s\u00e9ance.<\/span><br \/>\n                                    <span class=\"article-full__media-author\">DDM &#8211; MANU MASSIP<\/span><br \/>\n                            <\/figcaption><\/figure>\n<\/div>\n<p>Apr\u00e8s le coup de sifflet final sur la c\u00f4te basque, certains ont pris la direction de vacances lointaines\u00a0: croisi\u00e8re sur les flots, escapade ensoleill\u00e9e en Espagne ou retour dans la famille en G\u00e9orgie par exemple. D\u2019autres, plus terre \u00e0 terre, sont rest\u00e9s dans la r\u00e9gion mais ont profit\u00e9 de l\u2019altitude des Pyr\u00e9n\u00e9es pour recharger les batteries \u00e0 l\u2019air pur.<\/p>\n<h2 class=\"txt-int\">11 semaines cons\u00e9cutives de comp\u00e9tition<\/h2>\n<p>Les plus gourmands ont, enfin, renforc\u00e9 les liens hors terrain avec des repas conviviaux, notamment aux Grands Buffets de Narbonne. Mais tous avaient l\u2019air aff\u00fbt\u00e9s au moment de rechausser les crampons.<\/p>\n<div class=\"center-align\" rel=\"js-article-inline-img\" data-protec-aida=\"image\">\n<figure class=\"std-img\" data-src=\"https:\/\/images.ladepeche.fr\/api\/v1\/images\/view\/6914b83a9372e62c890415f7\/original\/image.jpg?v=1\">\n        <img decoding=\"async\" class=\"std-img__img responsive-img\" src=\"http:\/\/pressactu.com\/wp-content\/uploads\/2025\/11\/1762998030_799_image.jpg?v=1\" alt=\"K\u00e9vin Firmin plein gaz.\"\/><figcaption class=\"article-full__media-infos\">\n                <span class=\"article-full__media-legend\">K\u00e9vin Firmin plein gaz.<\/span><br \/>\n                                    <span class=\"article-full__media-author\">DDM &#8211; MANU MASSIP<\/span><br \/>\n                            <\/figcaption><\/figure>\n<\/div>\n<p>&#8220;Ils n\u2019ont eu aucun programme \u00e0 suivre pendant 10 jours. On a m\u00eame ferm\u00e9 le centre parce que c\u2019\u00e9tait important de vraiment r\u00e9g\u00e9n\u00e9rer le corps et le mental, reprend STB. D\u2019autant qu\u2019on reprend pour 11 semaines cons\u00e9cutives, entre le championnat et<a href=\"https:\/\/www.ladepeche.fr\/2025\/07\/16\/challenge-cup-lus-montauban-ira-a-parme-et-au-connacht-les-ospreys-et-black-lion-a-laffiche-a-sapiac-12827937.php\" target=\"_self\"> la Challenge cup<\/a>. \u00c0 partir de lundi, les pr\u00e9parateurs physiques leur ont donn\u00e9 des exercices de reprise. Et, d\u00e9sormais, on remet le bleu de chauffe et on reprend \u00e0 fond&#8221;, image l\u2019ancien demi de m\u00eal\u00e9e.<\/p>\n<h2 class=\"txt-int\">Une premi\u00e8re journ\u00e9e en semi-collectif<\/h2>\n<p>La journ\u00e9e, baign\u00e9e d\u2019un soleil printanier, a d\u00e9but\u00e9 par de retrouvailles dans de\u00a0larges sourires. En attendant de regagner le terrain, <a href=\"https:\/\/www.ladepeche.fr\/2025\/03\/05\/entretien-corentin-coularis-3e-ligne-aile-de-lus-montauban-a-nous-de-produire-du-jeu-a-oyonnax-pour-gagner-12551103.php\" target=\"_self\">Corentin Coularis<\/a> a chauff\u00e9 les poignets sur une partie de tennis de table face \u00e0 Paul Vall\u00e9e, Victor Moreaux et <a href=\"https:\/\/www.ladepeche.fr\/2023\/08\/29\/thomas-larregain-a-la-relance-a-sapiac-11419755.php\" target=\"_self\">Thomas Larregain<\/a> ont bu un caf\u00e9 avant le briefing du patron de la pr\u00e9pa physique quand Simon Renda a fait chauffer les quadriceps sur un &#8220;wattbike&#8221; dans la salle de musculation.<\/p>\n<div class=\"center-align\" rel=\"js-article-inline-img\" data-protec-aida=\"image\">\n<figure class=\"std-img\" data-src=\"https:\/\/images.ladepeche.fr\/api\/v1\/images\/view\/6914b83bda575d7651003ef5\/original\/image.jpg?v=1\">\n        <img decoding=\"async\" class=\"std-img__img responsive-img\" src=\"http:\/\/pressactu.com\/wp-content\/uploads\/2025\/11\/1762998031_989_image.jpg?v=1\" alt=\"Simon Renda, JT Jackson et Vakhtang Jintcharadze sous la surveillance de Maxime Puigmal, pr\u00e9parateur physique.\"\/><figcaption class=\"article-full__media-infos\">\n                <span class=\"article-full__media-legend\">Simon Renda, JT Jackson et Vakhtang Jintcharadze sous la surveillance de Maxime Puigmal, pr\u00e9parateur physique.<\/span><br \/>\n                                    <span class=\"article-full__media-author\">DDM &#8211; MANU MASSIP<\/span><br \/>\n                            <\/figcaption><\/figure>\n<\/div>\n<p>En cette premi\u00e8re journ\u00e9e, les coachs ont, d\u00e9j\u00e0, voulu faire du qualitatif.\u00a0Des moiti\u00e9s d\u2019effectif ce mercredi, du s\u00e9par\u00e9 avants \/ trois-quarts jeudi avant un entra\u00eenement collectif\u00a0vendredi. Il y aura, aussi, la photo officielle pr\u00e9vue jeudi 13\u00a0novembre sur la place Nationale, en milieu d\u2019apr\u00e8s-midi.<\/p>\n<h2 class=\"txt-int\">&#8220;De l\u2019intensit\u00e9 direct&#8221;<\/h2>\n<p>&#8220;Je vous veux tous au m\u00eame niveau d\u2019engagement, pr\u00e9vient Cameron Ruiz\u00a0lors de la pr\u00e9sentation de la s\u00e9ance d\u2019environ une heure du second groupe. Je vous demande de l\u2019intensit\u00e9 direct. Il faut rapidement se reconnecter&#8221;, insiste le directeur de la performance.<\/p>\n<div class=\"center-align\" rel=\"js-article-inline-img\" data-protec-aida=\"image\">\n<figure class=\"std-img\" data-src=\"https:\/\/images.ladepeche.fr\/api\/v1\/images\/view\/6914b839256e39bb450070f2\/original\/image.jpg?v=1\">\n        <img decoding=\"async\" class=\"std-img__img responsive-img\" src=\"http:\/\/pressactu.com\/wp-content\/uploads\/2025\/11\/1762998031_600_image.jpg?v=1\" alt=\"Avant la s\u00e9ance, mobilisation g\u00e9n\u00e9rale du manager de l\u2019USM envers ses joueurs.\"\/><figcaption class=\"article-full__media-infos\">\n                <span class=\"article-full__media-legend\">Avant la s\u00e9ance, mobilisation g\u00e9n\u00e9rale du manager de l\u2019USM envers ses joueurs.<\/span><br \/>\n                                    <span class=\"article-full__media-author\">DDM &#8211; MANU MASSIP<\/span><br \/>\n                            <\/figcaption><\/figure>\n<\/div>\n<p>D\u2019autant que pour reprendre le championnat, les Montalbanais auront un gros morceau \u00e0 accueillir \u00e0 Sapiac, avec le triple champion de France en titre, <a href=\"https:\/\/www.ladepeche.fr\/sport\/rugby-xv\/stade-toulousain\/\" target=\"_self\">le Stade Toulousain<\/a> (22\u00a0novembre, 16h35). &#8220;On va basculer rapidement sur ce match, d\u00e8s demain [jeudi], avec des r\u00e9unions entre les leaders de jeu&#8221;, confirme le manager, pleinement \u00e0 la t\u00e2che.<\/p>\n<h2 class=\"txt-int\">Les bless\u00e9s en programme am\u00e9nag\u00e9<\/h2>\n<p>Pendant que les joueurs aptes ont transpir\u00e9, les bless\u00e9s ont eu droit \u00e0 un programme am\u00e9nag\u00e9. Lucio Sordoni, qui s\u2019est rompu le ligament crois\u00e9 ant\u00e9rieur \u00e0 Bayonne, patiente avant son op\u00e9ration en faisant quelques exercices de renforcement. Yvan Reilhac (cheville) et Vakhtang Jincharadze (genou) et Luka Azariashvili ont, eux, assur\u00e9 quelques exercices de course.<\/p>\n<div class=\"center-align\" rel=\"js-article-inline-img\" data-protec-aida=\"image\">\n<figure class=\"std-img\" data-src=\"https:\/\/images.ladepeche.fr\/api\/v1\/images\/view\/6914b83b53eedff1f00b2319\/original\/image.jpg?v=1\">\n        <img decoding=\"async\" class=\"std-img__img responsive-img\" src=\"http:\/\/pressactu.com\/wp-content\/uploads\/2025\/11\/1762998031_567_image.jpg?v=1\" alt=\"Gibson Popolai\u2019i, nouveau Montalbanais, en pleine discussion avec le directeur de la performance Cameron Ruiz.\"\/><figcaption class=\"article-full__media-infos\">\n                <span class=\"article-full__media-legend\">Gibson Popolai\u2019i, nouveau Montalbanais, en pleine discussion avec le directeur de la performance Cameron Ruiz.<\/span><br \/>\n                                    <span class=\"article-full__media-author\">DDM &#8211; MANU MASSIP<\/span><br \/>\n                            <\/figcaption><\/figure>\n<\/div>\n<p>Enfin, <a href=\"https:\/\/www.ladepeche.fr\/2025\/11\/04\/info-la-depeche-rugby-top-14-le-neo-zelandais-gibson-popolaii-debarque-a-sapiac-13032687.php\" target=\"_self\">la recrue n\u00e9o-z\u00e9landaise Gibson Popoali\u2019i<\/a> a connu ses premi\u00e8res foul\u00e9es sur le synth\u00e9tique du Ramierou. En attendant un potentiel joker m\u00e9dical de Sordoni, attendu sur les rives du Tescou dans les prochains jours\u2026<\/p>\n<\/p><\/div>\n<p><a href=\"https:\/\/www.ladepeche.fr\/2025\/11\/12\/en-images-top-14-apres-dix-jours-de-treve-les-joueurs-de-lus-montauban-ont-retrouve-le-chemin-de-lentrainement-13047563.php\">source<\/a><\/p>\n","protected":false},"excerpt":{"rendered":"<p>l&#8217;essentiel Apr\u00e8s une lourde d\u00e9faite \u00e0 Bayonne (7-47), samedi 1er\u00a0novembre 2025, pour la 9e journ\u00e9e de Top 14, les joueurs de l\u2019US Montauban ont repris le chemin de l\u2019entra\u00eenement mercredi 12\u00a0novembre au Centre d\u2019excellence sportif du Rami\u00e9rou. \u00c0 onze jours de la r\u00e9ception du Stade Toulousain, le moral \u00e9tait au beau fixe. Il flottait comme [&hellip;]<\/p>\n","protected":false},"author":1,"featured_media":110121,"comment_status":"open","ping_status":"open","sticky":false,"template":"","format":"standard","meta":{"_monsterinsights_skip_tracking":false,"_monsterinsights_sitenote_active":false,"_monsterinsights_sitenote_note":"","_monsterinsights_sitenote_category":0,"footnotes":""},"categories":[71],"tags":[],"coauthors":[77],"class_list":["post-110120","post","type-post","status-publish","format-standard","has-post-thumbnail","hentry","category-sport"],"aioseo_notices":[],"_links":{"self":[{"href":"https:\/\/pressactu.com\/index.php?rest_route=\/wp\/v2\/posts\/110120","targetHints":{"allow":["GET"]}}],"collection":[{"href":"https:\/\/pressactu.com\/index.php?rest_route=\/wp\/v2\/posts"}],"about":[{"href":"https:\/\/pressactu.com\/index.php?rest_route=\/wp\/v2\/types\/post"}],"author":[{"embeddable":true,"href":"https:\/\/pressactu.com\/index.php?rest_route=\/wp\/v2\/users\/1"}],"replies":[{"embeddable":true,"href":"https:\/\/pressactu.com\/index.php?rest_route=%2Fwp%2Fv2%2Fcomments&post=110120"}],"version-history":[{"count":0,"href":"https:\/\/pressactu.com\/index.php?rest_route=\/wp\/v2\/posts\/110120\/revisions"}],"wp:featuredmedia":[{"embeddable":true,"href":"https:\/\/pressactu.com\/index.php?rest_route=\/wp\/v2\/media\/110121"}],"wp:attachment":[{"href":"https:\/\/pressactu.com\/index.php?rest_route=%2Fwp%2Fv2%2Fmedia&parent=110120"}],"wp:term":[{"taxonomy":"category","embeddable":true,"href":"https:\/\/pressactu.com\/index.php?rest_route=%2Fwp%2Fv2%2Fcategories&post=110120"},{"taxonomy":"post_tag","embeddable":true,"href":"https:\/\/pressactu.com\/index.php?rest_route=%2Fwp%2Fv2%2Ftags&post=110120"},{"taxonomy":"author","embeddable":true,"href":"https:\/\/pressactu.com\/index.php?rest_route=%2Fwp%2Fv2%2Fcoauthors&post=110120"}],"curies":[{"name":"wp","href":"https:\/\/api.w.org\/{rel}","templated":true}]}}