{"id":107167,"date":"2025-10-18T17:31:28","date_gmt":"2025-10-18T17:31:28","guid":{"rendered":"https:\/\/pressactu.com\/?p=107167"},"modified":"2025-10-18T17:31:28","modified_gmt":"2025-10-18T17:31:28","slug":"de-latelier-familial-aux-defiles-haute-couture-le-parcours-atypique-de-la-toulousaine-anais-ricard","status":"publish","type":"post","link":"https:\/\/pressactu.com\/?p=107167","title":{"rendered":"De l\u2019atelier familial aux d\u00e9fil\u00e9s haute couture, le parcours atypique de la Toulousaine Ana\u00efs Ricard"},"content":{"rendered":"<p>\n                                                                    <span class=\"article-full__chapo-label hide-on-small-only\">l&#8217;essentiel<\/span><br \/>\n                                                                Cr\u00e9atrice de mode autodidacte install\u00e9e \u00e0 Toulouse, Ana\u00efs a lanc\u00e9 son entreprise en 2012 apr\u00e8s un parcours atypique. \u00c0 35 ans, elle d\u00e9veloppe des tenues sur mesure, participe \u00e0 des d\u00e9fil\u00e9s de haute couture et ambitionne d\u00e9sormais d\u2019exporter ses cr\u00e9ations \u00e0 l\u2019international.\n                            <\/p>\n<div rel=\"js-article-content\" data-state=\"fixed-height\" data-selection=\"disabled\">\n                                                                                                                            <!-- Pub DFP Position [outstream] --><\/p>\n<p>Depuis l\u2019enfance, Ana\u00efs n\u2019a jamais dout\u00e9 de sa vocation\u00a0: elle serait cr\u00e9atrice de mode. Avec une m\u00e8re, deux oncles et un grand-p\u00e8re dans le m\u00e9tier, la petite fille grandit au milieu des tissus et des ciseaux.<\/p>\n<p><!-- Pub DFP Position [article] --><\/p>\n<div class=\"center-align\" rel=\"js-article-inline-img\" data-protec-aida=\"image\">\n<figure class=\"std-img\" data-src=\"https:\/\/images.ladepeche.fr\/api\/v1\/images\/view\/68e532af72f0eb6c2d0a5ac7\/original\/image.jpg?v=1\">\n        <img decoding=\"async\" class=\"std-img__img responsive-img\" src=\"http:\/\/pressactu.com\/wp-content\/uploads\/2025\/10\/1760808687_288_image.jpg?v=1\" alt=\"Ana\u00efs vit \u00e0 Toulouse depuis ses 19 ans. Elle cr\u00e9e ses v\u00eatements dans son appartement.\"\/><figcaption class=\"article-full__media-infos\">\n                <span class=\"article-full__media-legend\">Ana\u00efs vit \u00e0 Toulouse depuis ses 19 ans. Elle cr\u00e9e ses v\u00eatements dans son appartement.<\/span><br \/>\n                                    <span class=\"article-full__media-author\">DDM &#8211; LAURENT DARD<\/span><br \/>\n                            <\/figcaption><\/figure>\n<\/div>\n<p>&#8220;Tr\u00e8s jeune, j\u2019aidais ma m\u00e8re\u00a0: je d\u00e9coupais, je collais des pompons, des petites choses comme \u00e7a&#8221;, sourit-elle. Mais ce sont les paillettes et les strass qui la captivent. Elle s\u2019inspire alors du style flamboyant de Micha\u00ebl Jackson et Jennifer Lopez, qu\u2019elle tente de reproduire \u00e0 l\u2019aide de sa machine \u00e0 coudre.<\/p>\n<p>&#8220;Ma m\u00e8re m\u2019a toujours encourag\u00e9e. Je n\u2019ai jamais entendu de critique n\u00e9gative de sa part&#8221;, se souvient-elle. Ses grandes s\u0153urs, quant \u00e0 elles, font de la petite Ana\u00efs leur poup\u00e9e.<\/p>\n<p class=\"std-elt__inline\">\n        <strong>\u00c0 lire aussi :<\/strong><br \/>\n        <a href=\"\/2024\/10\/22\/a-toulouse-le-quartier-de-la-dalbade-a-son-emblematique-couturiere-12267654.php\">\u00c0 Toulouse, le quartier de la Dalbade a son embl\u00e9matique couturi\u00e8re<\/a>\n    <\/p>\n<p>Elle grandit dans un foyer modeste, au sein d\u2019une famille de huit enfants.<br \/>&#8220;Mon p\u00e8re \u00e9tait un homme violent, mais l\u2019\u00e9ducation que j\u2019ai re\u00e7ue m\u2019a construite&#8221;, confie-t-elle.<\/p>\n<h2 class=\"txt-int\">Une vocation et un temp\u00e9rament<\/h2>\n<p>\u00c0 l\u2019heure des \u00e9tudes, Ana\u00efs quitte Albi, sa ville natale, pour Toulouse. Apr\u00e8s un bac pro, une ann\u00e9e de Staps (elle est \u00e9galement gymnaste de haut niveau), et une exp\u00e9rience en vente dans un grand magasin, elle d\u00e9cide de lancer son entreprise \u00e0 22 ans, en 2012. &#8220;Je fonce sans r\u00e9fl\u00e9chir, je n\u2019ai pas froid aux yeux&#8221;, dit-elle avec assurance.<\/p>\n<p>Elle organise un premier d\u00e9fil\u00e9 dans un th\u00e9\u00e2tre toulousain, cr\u00e9e des robes de mari\u00e9s avec sa m\u00e8re, puis collabore avec la photographe Laura Bonnefous. Autodidacte, elle fa\u00e7onne son style en observant les plus grands. &#8220;Avec ma m\u00e8re, on regardait les d\u00e9fil\u00e9s de haute couture. Et apr\u00e8s, je me pr\u00e9cipitais sur ma machine pour essayer de reproduire les techniques.&#8221;<\/p>\n<div class=\"center-align\" rel=\"js-article-inline-img\" data-protec-aida=\"image\">\n<figure class=\"std-img\" data-src=\"https:\/\/images.ladepeche.fr\/api\/v1\/images\/view\/68e53f452372b4d2f50a6c97\/original\/image.jpg?v=1\">\n        <img decoding=\"async\" class=\"std-img__img responsive-img\" src=\"http:\/\/pressactu.com\/wp-content\/uploads\/2025\/10\/1760808687_62_image.jpg?v=1\" alt=\"Ana\u00efs fait partie des cr\u00e9ateurs invit\u00e9s lors de d\u00e9fil\u00e9s de haute couture.\"\/><figcaption class=\"article-full__media-infos\">\n                <span class=\"article-full__media-legend\">Ana\u00efs fait partie des cr\u00e9ateurs invit\u00e9s lors de d\u00e9fil\u00e9s de haute couture.<\/span><br \/>\n                                    <span class=\"article-full__media-author\">Daniela Photographe.<\/span><br \/>\n                            <\/figcaption><\/figure>\n<\/div>\n<p>Ce qu\u2019elle aime par-dessus tout, ce sont les tenues de sc\u00e8ne, extravagantes et audacieuses. &#8220;Je fais aussi du sur-mesure pour des femmes de tout \u00e2ge, qui ont besoin de retrouver confiance. La premi\u00e8re question que je leur pose, c\u2019est\u00a0: qu\u2019est-ce que tu pr\u00e9f\u00e8res chez toi\u00a0?&#8221;<\/p>\n<h2 class=\"txt-int\">Une cr\u00e9atrice remarqu\u00e9e<\/h2>\n<p>Son travail ne passe pas inaper\u00e7u. En 2019, elle re\u00e7oit le prix du meilleur costume de France au concours Miss France et est s\u00e9lectionn\u00e9e pour repr\u00e9senter la r\u00e9gion Midi-Pyr\u00e9n\u00e9es. &#8220;J\u2019\u00e9tais cens\u00e9e cr\u00e9er une dizaine de robes, mais le comit\u00e9 r\u00e9gional ne m\u2019a pas soutenue&#8221;, regrette-t-elle. Elle a \u00e9galement re\u00e7u le titre de Meilleur ouvrier de France d\u00e9partemental.<\/p>\n<p class=\"std-elt__inline\">\n        <strong>\u00c0 lire aussi :<\/strong><br \/>\n        <a href=\"\/2021\/05\/31\/couture-la-saga-familiale-et-toulousaine-de-barbe-cie-9576514.php\">Couture : la saga familiale et toulousaine de Barbe &amp; Cie<\/a>\n    <\/p>\n<p>Plus r\u00e9cemment, la chanteuse de R\u00a0&amp; B guyanaise Fanny J a remarqu\u00e9 ses tenues. &#8220;Quand elle m\u2019a vue, elle m\u2019a propos\u00e9 de devenir sa cr\u00e9atrice et de l\u2019accompagner en tourn\u00e9e. La voir porter mes cr\u00e9ations sur la sc\u00e8ne de Bercy, devant 20\u00a0000 spectateurs, a \u00e9t\u00e9 une v\u00e9ritable cons\u00e9cration.&#8221;<\/p>\n<div class=\"center-align\" rel=\"js-article-inline-img\" data-protec-aida=\"image\">\n<figure class=\"std-img\" data-src=\"https:\/\/images.ladepeche.fr\/api\/v1\/images\/view\/68e53f4526ec3e011a069fd9\/original\/image.jpg?v=1\">\n        <img decoding=\"async\" class=\"std-img__img responsive-img\" src=\"http:\/\/pressactu.com\/wp-content\/uploads\/2025\/10\/1760808687_428_image.jpg?v=1\" alt=\"La chanteuse Fanny J avec l\u2019une des cr\u00e9ations d\u2019Ana\u00efs.\"\/><figcaption class=\"article-full__media-infos\">\n                <span class=\"article-full__media-legend\">La chanteuse Fanny J avec l\u2019une des cr\u00e9ations d\u2019Ana\u00efs.<\/span><br \/>\n                                    <span class=\"article-full__media-author\">Jean-Pierre Volet<\/span><br \/>\n                            <\/figcaption><\/figure>\n<\/div>\n<p>Aujourd\u2019hui \u00e2g\u00e9e de 35 ans, Ana\u00efs a \u00e0 c\u0153ur de transmettre. Elle vient de lancer &#8220;Je suis cr\u00e9atrice de mode&#8221;,<a href=\"https:\/\/www.anaisricard.com\/\" target=\"_self\"> un e-book, vendu 24\u00a0euros sur son site internet,<\/a> dans lequel elle partage son parcours et ses conseils, un manifeste &#8220;pour ceux qui veulent cr\u00e9er sans permission.&#8221;\u00a0&#8220;Je suis en train de voir si je peux le faire \u00e9diter&#8221;.<\/p>\n<div class=\"center-align\" rel=\"js-article-inline-img\" data-protec-aida=\"image\">\n<figure class=\"std-img\" data-src=\"https:\/\/images.ladepeche.fr\/api\/v1\/images\/view\/68e53f3b0a4ea53791098907\/original\/image.png?v=1\">\n        <img decoding=\"async\" class=\"std-img__img responsive-img\" src=\"http:\/\/pressactu.com\/wp-content\/uploads\/2025\/10\/1760808688_873_image.png?v=1\" alt=\"&quot;Bref, je suis cr\u00e9atrice de mode&quot;, un e-book est en vente sur son site Internet.\"\/><figcaption class=\"article-full__media-infos\">\n                <span class=\"article-full__media-legend\">&#8220;Bref, je suis cr\u00e9atrice de mode&#8221;, un e-book est en vente sur son site Internet.<\/span><br \/>\n                                    <span class=\"article-full__media-author\">Ana\u00efs Ricard.<\/span><br \/>\n                            <\/figcaption><\/figure>\n<\/div>\n<p>D\u00e9sormais, Ana\u00efs r\u00eave plus grand\u00a0: elle esp\u00e8re exporter ses cr\u00e9ations \u00e0 l\u2019international et notamment aux \u00c9tats-Unis, o\u00f9 la sc\u00e8ne et l\u2019exub\u00e9rance r\u00e9sonnent avec son univers.<\/p>\n<\/p><\/div>\n<p><a href=\"https:\/\/www.ladepeche.fr\/2025\/10\/18\/de-latelier-familial-aux-defiles-haute-couture-le-parcours-atypique-de-la-toulousaine-anais-ricard-12977559.php\">source<\/a><\/p>\n","protected":false},"excerpt":{"rendered":"<p>l&#8217;essentiel Cr\u00e9atrice de mode autodidacte install\u00e9e \u00e0 Toulouse, Ana\u00efs a lanc\u00e9 son entreprise en 2012 apr\u00e8s un parcours atypique. \u00c0 35 ans, elle d\u00e9veloppe des tenues sur mesure, participe \u00e0 des d\u00e9fil\u00e9s de haute couture et ambitionne d\u00e9sormais d\u2019exporter ses cr\u00e9ations \u00e0 l\u2019international. Depuis l\u2019enfance, Ana\u00efs n\u2019a jamais dout\u00e9 de sa vocation\u00a0: elle serait cr\u00e9atrice [&hellip;]<\/p>\n","protected":false},"author":1,"featured_media":107168,"comment_status":"open","ping_status":"open","sticky":false,"template":"","format":"standard","meta":{"_monsterinsights_skip_tracking":false,"_monsterinsights_sitenote_active":false,"_monsterinsights_sitenote_note":"","_monsterinsights_sitenote_category":0,"footnotes":""},"categories":[74],"tags":[],"coauthors":[77],"class_list":["post-107167","post","type-post","status-publish","format-standard","has-post-thumbnail","hentry","category-economie"],"aioseo_notices":[],"_links":{"self":[{"href":"https:\/\/pressactu.com\/index.php?rest_route=\/wp\/v2\/posts\/107167","targetHints":{"allow":["GET"]}}],"collection":[{"href":"https:\/\/pressactu.com\/index.php?rest_route=\/wp\/v2\/posts"}],"about":[{"href":"https:\/\/pressactu.com\/index.php?rest_route=\/wp\/v2\/types\/post"}],"author":[{"embeddable":true,"href":"https:\/\/pressactu.com\/index.php?rest_route=\/wp\/v2\/users\/1"}],"replies":[{"embeddable":true,"href":"https:\/\/pressactu.com\/index.php?rest_route=%2Fwp%2Fv2%2Fcomments&post=107167"}],"version-history":[{"count":0,"href":"https:\/\/pressactu.com\/index.php?rest_route=\/wp\/v2\/posts\/107167\/revisions"}],"wp:featuredmedia":[{"embeddable":true,"href":"https:\/\/pressactu.com\/index.php?rest_route=\/wp\/v2\/media\/107168"}],"wp:attachment":[{"href":"https:\/\/pressactu.com\/index.php?rest_route=%2Fwp%2Fv2%2Fmedia&parent=107167"}],"wp:term":[{"taxonomy":"category","embeddable":true,"href":"https:\/\/pressactu.com\/index.php?rest_route=%2Fwp%2Fv2%2Fcategories&post=107167"},{"taxonomy":"post_tag","embeddable":true,"href":"https:\/\/pressactu.com\/index.php?rest_route=%2Fwp%2Fv2%2Ftags&post=107167"},{"taxonomy":"author","embeddable":true,"href":"https:\/\/pressactu.com\/index.php?rest_route=%2Fwp%2Fv2%2Fcoauthors&post=107167"}],"curies":[{"name":"wp","href":"https:\/\/api.w.org\/{rel}","templated":true}]}}