{"id":107161,"date":"2025-10-18T17:31:26","date_gmt":"2025-10-18T17:31:26","guid":{"rendered":"https:\/\/pressactu.com\/?p=107161"},"modified":"2025-10-18T17:31:26","modified_gmt":"2025-10-18T17:31:26","slug":"a-gaza-la-defense-civile-fait-etat-de-neuf-morts-dans-des-tirs-israeliens-vendredi","status":"publish","type":"post","link":"https:\/\/pressactu.com\/?p=107161","title":{"rendered":"A Gaza, la D\u00e9fense civile fait \u00e9tat de neuf morts dans des tirs isra\u00e9liens vendredi"},"content":{"rendered":"<div auto_robot_readability=\"81.855865619073\">\n          <!-- app\/web\/views\/partials\/article\/authors.volt --><\/p>\n<p class=\"authors latino-300b text-grey-600\">\n<p>  <span>Par\u00a0<\/span><br \/>\n<span class=\"text-grey-800\" data-oncrawl-author=\"Le Nouvel Obs avec AFP\">Le Nouvel Obs avec AFP<\/span><\/p>\n<div class=\"d-flex flex-column flex-lg-row align-items-lg-center mt-4\" auto_robot_readability=\"7\">\n            <!-- app\/web\/views\/partials\/article\/publication_dates.volt --><\/p>\n<p class=\"d-flex flex-column flex-lg-row column-gap-4 flex-wrap-wrap latino-300r text-grey-600 pe-8  border-end-lg\">\n      <time datetime=\"2025-10-18T17:42:23.000+02:00\" data-oncrawl-firstpublished=\"2025-10-18T17:42:23\"><br \/>\n    Publi\u00e9 le\u00a018 octobre 2025 \u00e0 17h42      <\/time>\n  <\/p>\n<p>                        <time class=\"latino-300r text-grey-600 pt-8 pt-lg-0 ps-lg-8\" datetime=\"PT1M\"><br \/>\n              Lecture\u00a0:\u00a01\u00a0min.<br \/>\n            <\/time>\n                      <\/div>\n<p>          <!-- partials\/article\/hook_media--standard.volt --><\/p>\n<figure class=\"hook-media--standard mt-24 mt-lg-32 \" auto_robot_readability=\"-23.5\">\n    <picture class=\"hook-media_picture pb-8\"><source media=\"(max-width: 768px)\" srcset=\"https:\/\/focus.nouvelobs.com\/2025\/10\/18\/0\/0\/3000\/2000\/375\/250\/75\/0\/9b86081_upload-1-0yrxtzm0dwh7-068-aa-18102025-2476429.jpg 1x,https:\/\/focus.nouvelobs.com\/2025\/10\/18\/0\/0\/3000\/2000\/750\/500\/50\/0\/9b86081_upload-1-0yrxtzm0dwh7-068-aa-18102025-2476429.jpg 2x\" width=\"375\" height=\"250\"><img fetchpriority=\"high\" decoding=\"async\" class=\"mx-auto\" src=\"data:image\/svg+xml,%3Csvg%20xmlns%3D%27http%3A%2F%2Fwww.w3.org%2F2000%2Fsvg%27%20fill%3D%22%23e4e4e4%22%20viewBox%3D%270%200%20510%20340%27%20width%3D%22510%22%20height%3D%22340%22%3E%3Cpath%20d%3D%27M0%200h510v340H0z%27%2F%3E%3C%2Fsvg%3E\" srcset=\"https:\/\/focus.nouvelobs.com\/2025\/10\/18\/0\/0\/3000\/2000\/510\/340\/75\/0\/9b86081_upload-1-0yrxtzm0dwh7-068-aa-18102025-2476429.jpg 1x,https:\/\/focus.nouvelobs.com\/2025\/10\/18\/0\/0\/3000\/2000\/1020\/680\/50\/0\/9b86081_upload-1-0yrxtzm0dwh7-068-aa-18102025-2476429.jpg 2x\" loading=\"eager\" width=\"510\" height=\"340\" data-oncrawl-image-size=\"510x340\" alt=\"A Khan Youn\u00e8s (Gaza), le 18\u00a0octobre 2025. \"\/>      <\/source><\/picture><figcaption class=\"hook-media_figcaption\" auto_robot_readability=\"-22\">\n<p class=\"latino-100m text-grey-600\">\n            A Khan Youn\u00e8s (Gaza), le 18\u00a0octobre 2025. \u00a0<span class=\"text-grey-600 ms-4\">ABED RAHIM KHATIB \/ ANADOLU VIA AFP<\/span>        <\/p>\n<\/figcaption><\/figure>\n<p>          <!-- partials\/article\/actions\/toolbar --><\/p>\n<div class=\"article__share d-flex align-items-center py-24 border-bottom  py-16 mb-16 border-bottom\" style=\"--border-color:#D9D9D9;\">\n<div class=\"d-flex flex-wrap gap-16\" auto_robot_readability=\"5.4432989690722\">\n<p>          <!-- partials\/article\/actions\/gift.volt --><\/p>\n<p>          <!-- partials\/article\/actions\/comment.volt --><\/p>\n<p>  <button data-article-key=\"20251018.OBS108895\" aria-label=\"Lire\u00a0plus\u00a0tard\" data-section=\"Monde\" data-piano=\"Page_Article,Sous_date_publi,A_lire_plus_tard,1er_clic,action\" class=\"popover-trigger btn--tertiary btn--icon-only btn btn--small btn--secondary read-later\"><br \/>\n    <i class=\"icon  icon-read-after\" aria-hidden=\"true\"\/><br \/>\n          <span class=\"latino-300r mt-2 \"><br \/>\n        Lire\u00a0plus\u00a0tard      <\/span><br \/>\n      <\/button><\/p>\n<p><a aria-label=\"Nous suivre sur Google News\" href=\"https:\/\/news.google.com\/publications\/CAAqBwgKMJe4nQkw3dFs?hl=fr&amp;gl=FR&amp;ceid=FR%3Afr\" target=\"_blank\" data-piano=\"Page_Article,Sous_date_publi,Nous_suivre_sur_google_news,1er_clic,action\" class=\"btn btn--small btn--tertiary btn--icon-only\"><br \/>\n      <svg class=\"icon icon--google  \" style=\"--fill:#56668A\">\n        <use href=\"https:\/\/www.nouvelobs.com\/bucket\/533321f740b97bea9fe6f74670fe591aaad1c2ea\/v3\/img\/sprite.svg#google\"\/>\n  <\/svg><br \/>\n      <span class=\"latino-300r mt-2 \">Google Actualit\u00e9s<\/span><br \/>\n  <\/a><\/p>\n<p>          <!-- partials\/article\/actions\/hook_action--share.volt --><br \/>\n<button id=\"share\" aria-label=\"Partager\" class=\"popover-trigger btn btn--small btn--tertiary btn--icon-only\" data-piano=\"Page_Article,Sous_date_publi,Partager,1er_clic,action\"><br \/>\n      <svg class=\"icon icon--share-alt  \" style=\"--fill:#171717\">\n        <use href=\"https:\/\/www.nouvelobs.com\/bucket\/533321f740b97bea9fe6f74670fe591aaad1c2ea\/v3\/img\/sprite.svg#share-alt\"\/>\n  <\/svg><br \/>\n  <span class=\"latino-300r mt-2\">Partager<\/span><br \/>\n<\/button><\/p>\n<div id=\"popover-share\" data-url=\"https:\/\/www.nouvelobs.com\/monde\/20251018.OBS108895\/a-gaza-la-defense-civile-fait-etat-de-neuf-morts-dans-des-tirs-israeliens-vendredi.html\" data-id=\"20251018.OBS108895\" data-popover-for=\"share\" class=\"popover p-32\" role=\"tooltip\" style=\"width: 375px\" auto_robot_readability=\"7\">\n<p>\n          <button onclick=\"setToFacebook();\" class=\"btn btn--large btn--secondary\" aria-label=\"Facebook\" piano-context-origin=\"Page_Article,Sous_date_publi,Partager,Facebook,action\"><br \/>\n            <svg class=\"icon icon--facebook  \" style=\"--fill:#171717\">\n        <use href=\"https:\/\/www.nouvelobs.com\/bucket\/533321f740b97bea9fe6f74670fe591aaad1c2ea\/v3\/img\/sprite.svg#facebook\"\/>\n  <\/svg><br \/>\n        <span class=\"latino-300r\">Facebook<\/span><br \/>\n      <\/button><br \/>\n      <button onclick=\"setToBsky();\" class=\"btn btn--large btn--secondary\" aria-label=\"Bluesky\" piano-context-origin=\"Page_Article,Sous_date_publi,Partager,Bluesky,action\"><br \/>\n            <svg class=\"icon icon--bluesky  \" style=\"--fill:#171717\">\n        <use href=\"https:\/\/www.nouvelobs.com\/bucket\/533321f740b97bea9fe6f74670fe591aaad1c2ea\/v3\/img\/sprite.svg#bluesky\"\/>\n  <\/svg><br \/>\n        <span class=\"latino-300r\">Bluesky<\/span><br \/>\n      <\/button><br \/>\n      <button id=\"mail-button\" onclick=\"setToMail(true)\" class=\"btn btn--large btn--secondary\" aria-label=\"Mail\" piano-context-origin=\"Page_Article,Sous_date_publi,Partager,Email,action\"><br \/>\n            <svg class=\"icon icon--mail  \" style=\"--fill:#171717\">\n        <use href=\"https:\/\/www.nouvelobs.com\/bucket\/533321f740b97bea9fe6f74670fe591aaad1c2ea\/v3\/img\/sprite.svg#mail\"\/>\n  <\/svg><br \/>\n        <span class=\"latino-300r\">E-mail<\/span><br \/>\n      <\/button><br \/>\n      <button onclick=\"setToClipboard();\" class=\"copy-button btn btn--large btn--secondary\" aria-label=\"copier le lien\" piano-context-origin=\"Page_Article,Sous_date_publi,Partager,Copier_lien,action\"><br \/>\n            <svg class=\"icon icon--link  \" style=\"--fill:#171717\">\n        <use href=\"https:\/\/www.nouvelobs.com\/bucket\/533321f740b97bea9fe6f74670fe591aaad1c2ea\/v3\/img\/sprite.svg#link\"\/>\n  <\/svg><br \/>\n        <span class=\"latino-300r\">Copier le lien<\/span><br \/>\n      <\/button>\n      <\/p>\n<p>\n    <button id=\"share-mail-submit\" type=\"submit\" form=\"mail-form\" onclick=\"__forecast.collectShareMail()\" class=\"latino-300r btn btn--large btn--black btn--fit\"><br \/>\n      Envoyer<br \/>\n    <\/button>\n  <\/p>\n<\/div>\n<p>          <!-- app\/web\/views\/partials\/article\/actions\/subscribe.volt --><\/p>\n<p>      <span data-urlencode=\"aHR0cHM6Ly9hYm8ubm91dmVsb2JzLmNvbS8=\" data-piano=\"Page_Article,Sous_date_publi,S_abonner,1er_clic,action\" class=\"btn btn--small  btn--conversion-primary\"><br \/>\n      S\u2019abonner    <\/span><\/p><\/div>\n<\/div>\n<p>    <!-- partials\/article\/node.volt --><br \/>\n<!-- partials\/article\/node_text.volt --><\/p>\n<p class=\"node__paragraphe antonia-750r text-grey-800 pb-24 pb-md-32\">\nLa D\u00e9fense civile dans la bande de Gaza, qui op\u00e8re sous l\u2019autorit\u00e9 du Hamas, a fait \u00e9tat ce samedi 18\u00a0octobre de la mort de neuf personnes, toutes membres d\u2019une m\u00eame famille, tu\u00e9es selon elle la veille dans des tirs isra\u00e9liens contre un bus.<\/p>\n<p>                <!-- partials\/article\/node.volt --><br \/>\n<!-- partials\/article\/node_media.volt --><\/p>\n<p class=\"latino-500b text-grey-600 pb-16\">A lire aussi<\/p>\n<article class=\"node__media-article d-flex justify-content-between gap-md-32 pb-24 pb-md-32\">\n<!-- partials\/article\/article-link.volt --><\/p>\n<p><a href=\"\/monde\/20251017.OBS108865\/le-hamas-veut-montrer-a-la-communaute-internationale-qu-il-ne-sera-pas-facile-de-compter-sans-lui.html\" data-article-key=\"20251017.OBS108865\" class=\"link--box flex-grow-1\" data-piano=\"Page_Article,Lire_aussi,,Lien1,navigation\"><\/p>\n<article class=\"d-flex\" auto_robot_readability=\"1.5\">\n<div class=\"flex-shrink-0 me-24\">\n<picture>\n                <img loading=\"lazy\" decoding=\"async\" src=\"data:image\/svg+xml,%3Csvg%20xmlns%3D%27http%3A%2F%2Fwww.w3.org%2F2000%2Fsvg%27%20fill%3D%22%23e4e4e4%22%20viewBox%3D%270%200%20120%2080%27%20width%3D%22120%22%20height%3D%2280%22%3E%3Cpath%20d%3D%27M0%200h120v80H0z%27%2F%3E%3C%2Fsvg%3E\" srcset=\"https:\/\/focus.nouvelobs.com\/2025\/10\/14\/0\/0\/6000\/4000\/120\/80\/75\/0\/52887bf_upload-1-fc8qiszjjwhq-sipa-ap22989878-000123-2.jpg 1x,https:\/\/focus.nouvelobs.com\/2025\/10\/14\/0\/0\/6000\/4000\/240\/160\/50\/0\/52887bf_upload-1-fc8qiszjjwhq-sipa-ap22989878-000123-2.jpg 2x\" width=\"120\" height=\"80\" loading=\"lazy\" alt=\"Des membres du Hamas montant la garde \u00e0 Khan Youn\u00e8s, dans le sud de la bande de Gaza, le 13\u00a0octobre 2025, alors que des v\u00e9hicules du CICR transportant des otages isra\u00e9liens sont en route vers la fronti\u00e8re isra\u00e9lienne.\"\/>\n      <\/picture>\n    <\/div>\n<div class=\"flex-1 d-flex flex-column justify-content-center\" auto_robot_readability=\"33\">\n<p class=\"latino-300r latino-lg-600m text-grey-800\">\n                      <strong class=\"latino-300b latino-lg-600m text-grey-500\">Entretien\u00a0<\/strong><br \/>\n                    \u00ab\u00a0Le Hamas veut montrer \u00e0 la communaut\u00e9 internationale qu\u2019il ne sera pas facile de compter sans lui\u00a0\u00bb        <\/p>\n<\/p><\/div>\n<\/article>\n<p><\/a><\/p>\n<\/article>\n<p>      <!-- partials\/article\/node.volt --><br \/>\n<!-- partials\/article\/node_text.volt --><\/p>\n<p class=\"node__paragraphe antonia-750r text-grey-800 pb-24 pb-md-32\">\n<em>\u00ab\u00a0En coordination avec le bureau de la Croix-Rouge, les \u00e9quipes de la D\u00e9fense civile ont pu r\u00e9cup\u00e9rer neuf martyrs apr\u00e8s que l\u2019occupation isra\u00e9lienne a pris pour cible hier un bus transportant des d\u00e9plac\u00e9s \u00e0 l\u2019est du quartier Zeitoun\u00a0\u00bb<\/em> \u00e0 Gaza ville, a indiqu\u00e9 \u00e0 l\u2019AFP Mahmoud Bassal, porte-parole de la D\u00e9fense civile. Mahmoud Bassal a d\u00e9clar\u00e9 que l\u2019arm\u00e9e isra\u00e9lienne avait tir\u00e9 <em>\u00ab\u00a0deux obus\u00a0\u00bb<\/em> sur leur v\u00e9hicule depuis un char.<\/p>\n<p>                                            <!-- partials\/article\/node.volt --><br \/>\n<!-- partials\/article\/node_text.volt --><\/p>\n<p class=\"node__paragraphe antonia-750r text-grey-800 pb-24 pb-md-32\">\nLes victimes, membres de la famille Chaabane selon Mahmoud Bassal, ont \u00e9t\u00e9 tu\u00e9es alors qu\u2019elles <em>\u00ab\u00a0cherchaient \u00e0 v\u00e9rifier (l\u2019\u00e9tat de) leur maison\u00a0\u00bb<\/em> apr\u00e8s les bombardements isra\u00e9liens durant la guerre. Parmi elles figurent <em>\u00ab\u00a0quatre enfants et trois femmes\u00a0\u00bb<\/em>, a-t-il pr\u00e9cis\u00e9. Selon lui, les corps de deux enfants sont par ailleurs manquants, car <em>\u00ab\u00a0leurs restes ont \u00e9t\u00e9 dispers\u00e9s en raison de l\u2019intensit\u00e9 des bombardements\u00a0\u00bb<\/em>. La r\u00e9cup\u00e9ration des restes s\u2019av\u00e8re particuli\u00e8rement compliqu\u00e9e du fait <em>\u00ab\u00a0de la difficult\u00e9 du terrain et des conditions\u00a0\u00bb<\/em> dans la zone.<\/p>\n<p>          <!-- partials\/article\/node.volt --><br \/>\n<!-- partials\/article\/node_text.volt --><\/p>\n<h2 class=\"node__heading latino-800m latino-lg-1400e text-grey-800 pb-8 pb-md-16\">\n\u00ab\u00a0Eliminer la menace\u00a0\u00bb<\/h2>\n<p>          <!-- partials\/article\/node.volt --><br \/>\n<!-- partials\/article\/node_text.volt --><\/p>\n<p class=\"node__paragraphe antonia-750r text-grey-800 pb-24 pb-md-32\">\nL\u2019arm\u00e9e isra\u00e9lienne a indiqu\u00e9 dans un communiqu\u00e9 avoir <em>\u00ab\u00a0identifi\u00e9\u00a0\u00bb<\/em> un v\u00e9hicule <em>\u00ab\u00a0suspect en train de franchir la ligne jaune\u00a0\u00bb<\/em>, r\u00e9f\u00e9rence \u00e0 la ligne de repli des forces isra\u00e9liennes \u00e0 l\u2019int\u00e9rieur de la bande de Gaza convenue dans le cadre du cessez-le-feu. Apr\u00e8s des tirs de semonce, les soldats ont <em>\u00ab\u00a0ouvert le feu pour \u00e9liminer la menace\u00a0\u00bb<\/em> et ce <em>\u00ab\u00a0conform\u00e9ment \u00e0 l\u2019accord\u00a0\u00bb<\/em> <a href=\"https:\/\/www.nouvelobs.com\/monde\/20251017.OBS108863\/plan-de-paix-pour-gaza-les-nombreuses-possibilites-d-interpretation-et-de-non-application-n-invitent-pas-a-l-optimisme-pour-le-futur.html\">de cessez-le-feu<\/a> entre Isra\u00ebl et le mouvement islamiste palestinien Hamas entr\u00e9 en vigueur le 10\u00a0octobre.<\/p>\n<p>          <!-- partials\/article\/node.volt --><br \/>\n<!-- partials\/article\/node_text.volt --><\/p>\n<p class=\"node__paragraphe antonia-750r text-grey-800 pb-24 pb-md-32\">\nDes images de l\u2019AFPTV publi\u00e9es ce samedi montrent des secouristes transportant des sacs mortuaires \u00e0 l\u2019h\u00f4pital al-Ahli de la ville de Gaza, ainsi que des Palestiniens pleurant la mort de leurs proches. <em>\u00ab\u00a0Ma fille, ses enfants et son mari\u00a0; mon fils, ses enfants et sa femme ont \u00e9t\u00e9 tu\u00e9s. Qu\u2019ont-ils fait de mal\u00a0?\u00a0\u00bb<\/em>, d\u00e9plore aupr\u00e8s de l\u2019AFP une proche, qui se pr\u00e9sente comme Oum Mohammed Chaabane. <em>\u00ab\u00a0Ils \u00e9taient petits (\u2026) Qu\u2019ont-ils fait de mal\u00a0? Il n\u2019y a pas de tr\u00eave\u00a0\u00bb<\/em>.<\/p>\n<p>                <!-- partials\/article\/node.volt --><br \/>\n<!-- partials\/article\/node_media.volt --><\/p>\n<p class=\"latino-500b text-grey-600 pb-16\">A lire aussi<\/p>\n<article class=\"node__media-article d-flex justify-content-between gap-md-32 pb-24 pb-md-32\">\n<!-- partials\/article\/article-link.volt --><\/p>\n<p><a href=\"\/monde\/20251009.OBS108571\/accord-entre-israel-et-le-hamas-tout-le-processus-de-paix-est-a-peine-esquisse.html\" data-article-key=\"20251009.OBS108571\" class=\"link--box flex-grow-1\" data-piano=\"Page_Article,Lire_aussi,,Lien2,navigation\"><\/p>\n<article class=\"d-flex\" auto_robot_readability=\"1.5\">\n<div class=\"flex-shrink-0 me-24\">\n<picture>\n                <img loading=\"lazy\" decoding=\"async\" src=\"data:image\/svg+xml,%3Csvg%20xmlns%3D%27http%3A%2F%2Fwww.w3.org%2F2000%2Fsvg%27%20fill%3D%22%23e4e4e4%22%20viewBox%3D%270%200%20120%2080%27%20width%3D%22120%22%20height%3D%2280%22%3E%3Cpath%20d%3D%27M0%200h120v80H0z%27%2F%3E%3C%2Fsvg%3E\" srcset=\"https:\/\/focus.nouvelobs.com\/2025\/10\/09\/0\/0\/6240\/4160\/120\/80\/75\/0\/16142f7_upload-1-scdemaavgvub-089-mei-palestine-aa-ishgu-20251007-004.jpg 1x,https:\/\/focus.nouvelobs.com\/2025\/10\/09\/0\/0\/6240\/4160\/240\/160\/50\/0\/16142f7_upload-1-scdemaavgvub-089-mei-palestine-aa-ishgu-20251007-004.jpg 2x\" width=\"120\" height=\"80\" loading=\"lazy\" alt=\"Apr\u00e8s un bombardement isra\u00e9lien sur la ville de Gaza, dans le nord de l\u2019enclave palestinienne, le 7\u00a0octobre 2025. \"\/>\n      <\/picture>\n    <\/div>\n<div class=\"flex-1 d-flex flex-column justify-content-center\" auto_robot_readability=\"33\">\n<p class=\"latino-300r latino-lg-600m text-grey-800\">\n                      <strong class=\"latino-300b latino-lg-600m text-grey-500\">Interview\u00a0<\/strong><br \/>\n                    Accord entre Isra\u00ebl et le Hamas\u00a0: \u00ab\u00a0Tout le processus de paix est \u00e0 peine esquiss\u00e9\u00a0\u00bb        <\/p>\n<\/p><\/div>\n<\/article>\n<p><\/a><\/p>\n<\/article>\n<p>      <!-- partials\/article\/node.volt --><br \/>\n<!-- partials\/article\/node_text.volt --><\/p>\n<p class=\"node__paragraphe antonia-750r text-grey-800 pb-24 pb-md-32\">\nParrain\u00e9 par le pr\u00e9sident am\u00e9ricain Donald Trump, l\u2019accord vise \u00e0 <a href=\"https:\/\/www.nouvelobs.com\/monde\/20251009.OBS108543\/retour-des-otages-retrait-echelonne-des-troupes-israeliennes-ce-que-l-on-sait-de-l-accord-de-cessez-le-feu-a-gaza.html\">mettre fin \u00e0 la guerre<\/a> \u00e0 Gaza. Des centaines de milliers de Palestiniens <a href=\"https:\/\/www.nouvelobs.com\/monde\/20251015.OBS108776\/israel-gaza-le-jour-des-retours-entre-lumiere-et-ombres.html\">sont retourn\u00e9s dans le nord de Gaza<\/a> en qu\u00eate de leur ancien domicile \u00e0 la faveur du cessez-le-feu entr\u00e9 en vigueur le 10\u00a0octobre, le troisi\u00e8me depuis le d\u00e9but de la guerre d\u00e9clench\u00e9e par l\u2019attaque du Hamas sur le sol isra\u00e9lien le 7\u00a0octobre 2023.<\/p>\n<p>      <!-- partials\/article\/node.volt --><br \/>\n<!-- partials\/article\/node_text.volt --><\/p>\n<p class=\"node__paragraphe antonia-750r text-grey-800 pb-24 pb-md-32\">\nPlusieurs Gazaouis ont confi\u00e9 \u00e0 l\u2019AFP \u00eatre incapables de localiser leurs maisons, ou m\u00eame des rep\u00e8res familiers, dans des quartiers d\u00e9sormais enfouis sous les d\u00e9combres de b\u00e2timents d\u00e9truits par les bombardements isra\u00e9liens.<\/p>\n<div class=\"article__author pb-32\" auto_robot_readability=\"32\">\n    <!-- app\/web\/views\/partials\/article\/authors.volt --><\/p>\n<p class=\"authors latino-600m text-grey-800\">\n<p>  <span>Par\u00a0<\/span><br \/>\nLe Nouvel Obs avec AFP<\/p>\n<\/p><\/div>\n<\/p><\/div>\n<p><a href=\"https:\/\/www.nouvelobs.com\/monde\/20251018.OBS108895\/a-gaza-la-defense-civile-fait-etat-de-neuf-morts-dans-des-tirs-israeliens-vendredi.html\">source<\/a><\/p>\n","protected":false},"excerpt":{"rendered":"<p>Par\u00a0 Le Nouvel Obs avec AFP Publi\u00e9 le\u00a018 octobre 2025 \u00e0 17h42 Lecture\u00a0:\u00a01\u00a0min. A Khan Youn\u00e8s (Gaza), le 18\u00a0octobre 2025. \u00a0ABED RAHIM KHATIB \/ ANADOLU VIA AFP Lire\u00a0plus\u00a0tard Google Actualit\u00e9s Partager Facebook Bluesky E-mail Copier le lien Envoyer S\u2019abonner La D\u00e9fense civile dans la bande de Gaza, qui op\u00e8re sous l\u2019autorit\u00e9 du Hamas, a fait [&hellip;]<\/p>\n","protected":false},"author":1,"featured_media":107162,"comment_status":"open","ping_status":"open","sticky":false,"template":"","format":"standard","meta":{"_monsterinsights_skip_tracking":false,"_monsterinsights_sitenote_active":false,"_monsterinsights_sitenote_note":"","_monsterinsights_sitenote_category":0,"footnotes":""},"categories":[75],"tags":[],"coauthors":[77],"class_list":["post-107161","post","type-post","status-publish","format-standard","has-post-thumbnail","hentry","category-monde"],"aioseo_notices":[],"_links":{"self":[{"href":"https:\/\/pressactu.com\/index.php?rest_route=\/wp\/v2\/posts\/107161","targetHints":{"allow":["GET"]}}],"collection":[{"href":"https:\/\/pressactu.com\/index.php?rest_route=\/wp\/v2\/posts"}],"about":[{"href":"https:\/\/pressactu.com\/index.php?rest_route=\/wp\/v2\/types\/post"}],"author":[{"embeddable":true,"href":"https:\/\/pressactu.com\/index.php?rest_route=\/wp\/v2\/users\/1"}],"replies":[{"embeddable":true,"href":"https:\/\/pressactu.com\/index.php?rest_route=%2Fwp%2Fv2%2Fcomments&post=107161"}],"version-history":[{"count":0,"href":"https:\/\/pressactu.com\/index.php?rest_route=\/wp\/v2\/posts\/107161\/revisions"}],"wp:featuredmedia":[{"embeddable":true,"href":"https:\/\/pressactu.com\/index.php?rest_route=\/wp\/v2\/media\/107162"}],"wp:attachment":[{"href":"https:\/\/pressactu.com\/index.php?rest_route=%2Fwp%2Fv2%2Fmedia&parent=107161"}],"wp:term":[{"taxonomy":"category","embeddable":true,"href":"https:\/\/pressactu.com\/index.php?rest_route=%2Fwp%2Fv2%2Fcategories&post=107161"},{"taxonomy":"post_tag","embeddable":true,"href":"https:\/\/pressactu.com\/index.php?rest_route=%2Fwp%2Fv2%2Ftags&post=107161"},{"taxonomy":"author","embeddable":true,"href":"https:\/\/pressactu.com\/index.php?rest_route=%2Fwp%2Fv2%2Fcoauthors&post=107161"}],"curies":[{"name":"wp","href":"https:\/\/api.w.org\/{rel}","templated":true}]}}