{"id":107157,"date":"2025-10-18T15:59:42","date_gmt":"2025-10-18T15:59:42","guid":{"rendered":"https:\/\/pressactu.com\/?p=107157"},"modified":"2025-10-18T15:59:42","modified_gmt":"2025-10-18T15:59:42","slug":"tfc-metz-dans-le-foot-les-critiques-arrivent-aussi-vite-que-les-eloges-emersonn-heros-protege-apres-sa-performance-xxl","status":"publish","type":"post","link":"https:\/\/pressactu.com\/?p=107157","title":{"rendered":"TFC \u2013 Metz\u00a0: &quot;Dans le foot, les critiques arrivent aussi vite que les \u00e9loges\u2026&quot; Emersonn, h\u00e9ros prot\u00e9g\u00e9 apr\u00e8s sa performance XXL"},"content":{"rendered":"<p>\n                                                                    <span class=\"article-full__chapo-label hide-on-small-only\">l&#8217;essentiel<\/span><br \/>\n                                                                H\u00e9ros du match \u00e0 Lyon avant la tr\u00eave internationale, le nouvel attaquant du TFC Emersonn aura \u00e0 nouveau du temps de jeu ce dimanche face \u00e0 Metz (17h15). Mais son entra\u00eeneur reste prudent.\n                            <\/p>\n<div rel=\"js-article-content\" data-state=\"fixed-height\" data-selection=\"disabled\">\n                                                                                                                            <!-- Pub DFP Position [outstream] --><\/p>\n<p>Pour Emersonn, il n\u2019y avait pas plus belle mani\u00e8re de se faire un nom en Ligue 1, o\u00f9 il a d\u00e9barqu\u00e9 comme un illustre inconnu dans les derniers jours du mercato estival. En \u00e9tant doublement d\u00e9cisif (<a href=\"https:\/\/www.ladepeche.fr\/2025\/10\/06\/lyon-tfc-pourquoi-le-double-du-bresilien-emersonn-nest-pas-comptabilise-en-ligue-1-12975228.php\" target=\"_self\">buteur une premi\u00e8re fois, son deuxi\u00e8me but a finalement \u00e9t\u00e9 attribu\u00e9 \u00e0 un d\u00e9fenseur lyonnais contre son camp<\/a>) sur la pelouse du Groupama Stadium, le Br\u00e9silien\u00a0est devenu le h\u00e9ros d\u2019un apr\u00e8s-midi, l\u2019homme providentiel qui a permis au TFC d\u2019arracher la victoire (2-1) sur la pelouse d\u2019un OL jusque-l\u00e0 insubmersible ou presque.<\/p>\n<p><!-- Pub DFP Position [article] --><\/p>\n<p class=\"std-elt__inline\">\n        <strong>\u00c0 lire aussi :<\/strong><br \/>\n        <a href=\"\/2025\/10\/05\/lyon-tfc-objectif-dix-buts-en-ligue-1-personnalite-attachante-humble-emersonn-le-heros-de-toulouse-qui-a-renverse-lol-12973409.php\">Lyon \u2013 TFC\u00a0: Objectif dix buts en Ligue 1, &#8220;personnalit\u00e9 attachante&#8221;, &#8220;humble&#8221;\u2026 Emersonn, le h\u00e9ros de Toulouse qui a renvers\u00e9 l\u2019OL<\/a>\n    <\/p>\n<p>Heureux comme un gosse \u2013 ce qu\u2019on est encore un peu \u00e0 21 ans \u2013, le grand avant-centre avait fait un v\u0153u dans les couloirs du stade lyonnais\u00a0: continuer dans cette voie. Ce sera probablement le plus dur pour lui. Largement inexp\u00e9riment\u00e9 au haut niveau, celui qui a d\u00e9barqu\u00e9 du Br\u00e9sil en Turquie en janvier dernier \u00e0 peine, qui parle peu anglais et espagnol, encore moins fran\u00e7ais, est encore engag\u00e9 dans un processus d\u2019int\u00e9gration loin d\u2019\u00eatre accompli. C\u2019est aussi ce que r\u00e9p\u00e8te, en substance, Carles Martinez Novell semaine apr\u00e8s semaine. Physiquement d\u2019abord, son nouvel attaquant a du chemin avant d\u2019\u00eatre \u00e0 100\u00a0%. Titularis\u00e9 pour la premi\u00e8re fois de la saison le 27\u00a0septembre face \u00e0 Nantes apr\u00e8s avoir disput\u00e9 ses premi\u00e8res minutes une semaine avant \u00e0 Auxerre, l\u2019ancien international br\u00e9silien U16 \u00e9tait sorti \u00e0 la pause, ext\u00e9nu\u00e9 par la charge \u00e9motionnelle de disputer ses premi\u00e8res minutes au Stadium et par l\u2019intensit\u00e9 de la Ligue 1.<\/p>\n<p class=\"std-elt__inline\">\n        <strong>\u00c0 lire aussi :<\/strong><br \/>\n        <a href=\"\/2025\/10\/05\/lyon-tfc-quand-on-vous-motive-comme-ca-tout-au-long-de-la-semaine-charlie-cresswell-revient-sur-le-succes-a-lyon-et-le-grand-moment-demersonn-12973505.php\">Lyon \u2013 TFC\u00a0: &#8220;Quand on vous motive comme \u00e7a tout au long de la semaine\u2026&#8221; Charlie Cresswell revient sur le succ\u00e8s \u00e0 Lyon et le grand moment d\u2019Emersonn<\/a>\n    <\/p>\n<p>Il sera un peu plus au point ce dimanche, apr\u00e8s avoir profit\u00e9 de deux semaines de tr\u00eave internationale pour s\u2019aff\u00fbter et perfectionner sa compr\u00e9hension de principes de jeu de son entra\u00eeneur, qui reste conquis par sa personnalit\u00e9\u00a0: &#8220;Je suis tr\u00e8s content avec lui. Non seulement parce qu\u2019il a marqu\u00e9 deux buts, mais aussi pour tout le travail, sa mentalit\u00e9, son int\u00e9gration&#8221; a soulign\u00e9 Carles Martinez Novell vendredi, \u00e0 48\u00a0heures d\u2019une rencontre face \u00e0 Metz o\u00f9 il pourrait lui donner sa deuxi\u00e8me titularisation en Ligue 1. Le Catalan, qui se doute bien que son avant-centre ne marquera pas un doubl\u00e9 \u00e0 tous les matchs, a toutefois d\u00e9min\u00e9\u00a0: &#8220;Il ne faut pas oublier que dans le foot, les critiques arrivent aussi vite que les \u00e9loges.&#8221; Surtout pour les attaquants.<\/p>\n<\/p><\/div>\n<p><a href=\"https:\/\/www.ladepeche.fr\/2025\/10\/18\/tfc-metz-dans-le-foot-les-critiques-arrivent-aussi-vite-que-les-eloges-emersonn-heros-protege-apres-sa-performance-xxl-13000967.php\">source<\/a><\/p>\n","protected":false},"excerpt":{"rendered":"<p>l&#8217;essentiel H\u00e9ros du match \u00e0 Lyon avant la tr\u00eave internationale, le nouvel attaquant du TFC Emersonn aura \u00e0 nouveau du temps de jeu ce dimanche face \u00e0 Metz (17h15). Mais son entra\u00eeneur reste prudent. Pour Emersonn, il n\u2019y avait pas plus belle mani\u00e8re de se faire un nom en Ligue 1, o\u00f9 il a d\u00e9barqu\u00e9 [&hellip;]<\/p>\n","protected":false},"author":1,"featured_media":107158,"comment_status":"open","ping_status":"open","sticky":false,"template":"","format":"standard","meta":{"_monsterinsights_skip_tracking":false,"_monsterinsights_sitenote_active":false,"_monsterinsights_sitenote_note":"","_monsterinsights_sitenote_category":0,"footnotes":""},"categories":[71],"tags":[],"coauthors":[77],"class_list":["post-107157","post","type-post","status-publish","format-standard","has-post-thumbnail","hentry","category-sport"],"aioseo_notices":[],"_links":{"self":[{"href":"https:\/\/pressactu.com\/index.php?rest_route=\/wp\/v2\/posts\/107157","targetHints":{"allow":["GET"]}}],"collection":[{"href":"https:\/\/pressactu.com\/index.php?rest_route=\/wp\/v2\/posts"}],"about":[{"href":"https:\/\/pressactu.com\/index.php?rest_route=\/wp\/v2\/types\/post"}],"author":[{"embeddable":true,"href":"https:\/\/pressactu.com\/index.php?rest_route=\/wp\/v2\/users\/1"}],"replies":[{"embeddable":true,"href":"https:\/\/pressactu.com\/index.php?rest_route=%2Fwp%2Fv2%2Fcomments&post=107157"}],"version-history":[{"count":0,"href":"https:\/\/pressactu.com\/index.php?rest_route=\/wp\/v2\/posts\/107157\/revisions"}],"wp:featuredmedia":[{"embeddable":true,"href":"https:\/\/pressactu.com\/index.php?rest_route=\/wp\/v2\/media\/107158"}],"wp:attachment":[{"href":"https:\/\/pressactu.com\/index.php?rest_route=%2Fwp%2Fv2%2Fmedia&parent=107157"}],"wp:term":[{"taxonomy":"category","embeddable":true,"href":"https:\/\/pressactu.com\/index.php?rest_route=%2Fwp%2Fv2%2Fcategories&post=107157"},{"taxonomy":"post_tag","embeddable":true,"href":"https:\/\/pressactu.com\/index.php?rest_route=%2Fwp%2Fv2%2Ftags&post=107157"},{"taxonomy":"author","embeddable":true,"href":"https:\/\/pressactu.com\/index.php?rest_route=%2Fwp%2Fv2%2Fcoauthors&post=107157"}],"curies":[{"name":"wp","href":"https:\/\/api.w.org\/{rel}","templated":true}]}}