{"id":106663,"date":"2025-10-14T10:35:38","date_gmt":"2025-10-14T10:35:38","guid":{"rendered":"https:\/\/pressactu.com\/?p=106663"},"modified":"2025-10-14T10:35:38","modified_gmt":"2025-10-14T10:35:38","slug":"pourquoi-le-roi-est-il-est-une-figure-si-importante-au-maroc","status":"publish","type":"post","link":"https:\/\/pressactu.com\/?p=106663","title":{"rendered":"Pourquoi le roi est-il est une figure si importante au Maroc\u00a0?"},"content":{"rendered":"<div auto_robot_readability=\"66.769883824844\">\n            <!-- partials\/article\/actions\/toolbar --><\/p>\n<div class=\"article__share d-flex align-items-center py-24 border-bottom  mb-24\" style=\"--border-color:#D9D9D9;\">\n<div class=\"d-flex flex-wrap gap-16\" auto_robot_readability=\"5.4432989690722\">\n<p>          <!-- partials\/article\/actions\/gift.volt --><\/p>\n<p>          <!-- partials\/article\/actions\/comment.volt --><\/p>\n<p>  <button data-article-key=\"20251014.OBS108739\" aria-label=\"Lire\u00a0plus\u00a0tard\" data-section=\"Monde\" data-piano=\"Page_Article,Sous_date_publi,A_lire_plus_tard,1er_clic,action\" class=\"popover-trigger btn--tertiary btn--icon-only btn btn--small btn--secondary read-later\"><br \/>\n    <i class=\"icon  icon-read-after\" aria-hidden=\"true\"\/><br \/>\n          <span class=\"latino-300r mt-2 \"><br \/>\n        Lire\u00a0plus\u00a0tard      <\/span><br \/>\n      <\/button><\/p>\n<p><a aria-label=\"Nous suivre sur Google News\" href=\"https:\/\/news.google.com\/publications\/CAAqBwgKMJe4nQkw3dFs?hl=fr&amp;gl=FR&amp;ceid=FR%3Afr\" target=\"_blank\" data-piano=\"Page_Article,Sous_date_publi,Nous_suivre_sur_google_news,1er_clic,action\" class=\"btn btn--small btn--tertiary btn--icon-only\"><br \/>\n      <svg class=\"icon icon--google  \" style=\"--fill:#56668A\">\n        <use href=\"https:\/\/www.nouvelobs.com\/bucket\/443fffd3c6d30f1a3c6b796081cf0f5327f1b28e\/v3\/img\/sprite.svg#google\"\/>\n  <\/svg><br \/>\n      <span class=\"latino-300r mt-2 \">Google Actualit\u00e9s<\/span><br \/>\n  <\/a><\/p>\n<p>          <!-- partials\/article\/actions\/hook_action--share.volt --><br \/>\n<button id=\"share\" aria-label=\"Partager\" class=\"popover-trigger btn btn--small btn--tertiary btn--icon-only\" data-piano=\"Page_Article,Sous_date_publi,Partager,1er_clic,action\"><br \/>\n      <svg class=\"icon icon--share-alt  \" style=\"--fill:#171717\">\n        <use href=\"https:\/\/www.nouvelobs.com\/bucket\/443fffd3c6d30f1a3c6b796081cf0f5327f1b28e\/v3\/img\/sprite.svg#share-alt\"\/>\n  <\/svg><br \/>\n  <span class=\"latino-300r mt-2\">Partager<\/span><br \/>\n<\/button><\/p>\n<div id=\"popover-share\" data-url=\"https:\/\/www.nouvelobs.com\/monde\/20251014.OBS108739\/pourquoi-le-roi-est-il-est-une-figure-si-importante-au-maroc.html\" data-id=\"20251014.OBS108739\" data-popover-for=\"share\" class=\"popover p-32\" role=\"tooltip\" style=\"width: 375px\" auto_robot_readability=\"7\">\n<p>\n          <button onclick=\"setToFacebook();\" class=\"btn btn--large btn--secondary\" aria-label=\"Facebook\" piano-context-origin=\"Page_Article,Sous_date_publi,Partager,Facebook,action\"><br \/>\n            <svg class=\"icon icon--facebook  \" style=\"--fill:#171717\">\n        <use href=\"https:\/\/www.nouvelobs.com\/bucket\/443fffd3c6d30f1a3c6b796081cf0f5327f1b28e\/v3\/img\/sprite.svg#facebook\"\/>\n  <\/svg><br \/>\n        <span class=\"latino-300r\">Facebook<\/span><br \/>\n      <\/button><br \/>\n      <button onclick=\"setToBsky();\" class=\"btn btn--large btn--secondary\" aria-label=\"Bluesky\" piano-context-origin=\"Page_Article,Sous_date_publi,Partager,Bluesky,action\"><br \/>\n            <svg class=\"icon icon--bluesky  \" style=\"--fill:#171717\">\n        <use href=\"https:\/\/www.nouvelobs.com\/bucket\/443fffd3c6d30f1a3c6b796081cf0f5327f1b28e\/v3\/img\/sprite.svg#bluesky\"\/>\n  <\/svg><br \/>\n        <span class=\"latino-300r\">Bluesky<\/span><br \/>\n      <\/button><br \/>\n      <button id=\"mail-button\" onclick=\"setToMail(true)\" class=\"btn btn--large btn--secondary\" aria-label=\"Mail\" piano-context-origin=\"Page_Article,Sous_date_publi,Partager,Email,action\"><br \/>\n            <svg class=\"icon icon--mail  \" style=\"--fill:#171717\">\n        <use href=\"https:\/\/www.nouvelobs.com\/bucket\/443fffd3c6d30f1a3c6b796081cf0f5327f1b28e\/v3\/img\/sprite.svg#mail\"\/>\n  <\/svg><br \/>\n        <span class=\"latino-300r\">E-mail<\/span><br \/>\n      <\/button><br \/>\n      <button onclick=\"setToClipboard();\" class=\"copy-button btn btn--large btn--secondary\" aria-label=\"copier le lien\" piano-context-origin=\"Page_Article,Sous_date_publi,Partager,Copier_lien,action\"><br \/>\n            <svg class=\"icon icon--link  \" style=\"--fill:#171717\">\n        <use href=\"https:\/\/www.nouvelobs.com\/bucket\/443fffd3c6d30f1a3c6b796081cf0f5327f1b28e\/v3\/img\/sprite.svg#link\"\/>\n  <\/svg><br \/>\n        <span class=\"latino-300r\">Copier le lien<\/span><br \/>\n      <\/button>\n      <\/p>\n<p>\n    <button id=\"share-mail-submit\" type=\"submit\" form=\"mail-form\" onclick=\"__forecast.collectShareMail()\" class=\"latino-300r btn btn--large btn--black btn--fit\"><br \/>\n      Envoyer<br \/>\n    <\/button>\n  <\/p>\n<\/div>\n<p>          <!-- app\/web\/views\/partials\/article\/actions\/subscribe.volt --><\/p>\n<p>      <span data-urlencode=\"aHR0cHM6Ly9hYm8ubm91dmVsb2JzLmNvbS8=\" data-piano=\"Page_Article,Sous_date_publi,S_abonner,1er_clic,action\" class=\"btn btn--small  btn--conversion-primary\"><br \/>\n      S\u2019abonner    <\/span><\/p><\/div>\n<\/div>\n<p>                          <!-- partials\/article\/hook_description --><\/p>\n<p class=\"article__description latino-800m pb-24\" data-oncrawl-chapo-length=\"220\">\n  \t  <span class=\"text-grey-500\">Vid\u00e9o\u00a0<\/span><br \/>\n    Dans un Maroc o\u00f9 la jeunesse se mobilise pour exiger des r\u00e9formes, la contestation vise le gouvernement, pas le roi Mohammed VI. Fran\u00e7ois Reynaert revient sur ce lien particulier qui unit les Marocains et leur roi.<\/p>\n<p>            <!-- partials\/article\/contextual_blocks.volt --><\/p>\n<p>    <!-- partials\/article\/node.volt --><br \/>\n<!-- partials\/article\/node_text.volt --><\/p>\n<p class=\"node__paragraphe antonia-750r text-grey-800 pb-24 pb-md-32\">\nDepuis plusieurs semaines au Maroc, la jeunesse se mobilise et <a href=\"https:\/\/www.nouvelobs.com\/monde\/20251002.OBS108295\/au-maroc-deux-morts-dans-un-contexte-de-manifestations-inedites.html\">descend dans les rues<\/a>. La g\u00e9n\u00e9ration Z conteste le gouvernement et exige des r\u00e9formes dans la sant\u00e9 et l\u2019\u00e9ducation\u2026 Ces jeunes veulent du changement et r\u00e9clament la d\u00e9mission du Premier ministre. Pourtant, \u00e0 aucun moment ils ne s\u2019en prennent au roi Mohammed VI. Au contraire, ils font appel \u00e0 lui pour r\u00e9tablir la situation. C\u2019est un lien tr\u00e8s particulier qui unit le roi du Maroc et sa population. Un lien que peu osent remettre en question.<\/p>\n<p>          <!-- partials\/article\/node.volt --><br \/>\n<!-- partials\/article\/node_text.volt --><\/p>\n<p class=\"node__paragraphe antonia-750r text-grey-800 pb-24 pb-md-32\">\nEn ao\u00fbt\u00a02025, le journal \u00ab\u00a0Le Monde\u00a0\u00bb a publi\u00e9 <a target=\"_blank\" href=\"https:\/\/www.lemonde.fr\/series-d-ete\/article\/2025\/08\/24\/au-maroc-une-atmosphere-de-fin-de-regne-pour-mohammed-vi_6634562_3451060.html\" rel=\"noopener\">une grande enqu\u00eate sur Mohammed VI,<\/a> le roi du Maroc. Elle est pleine de r\u00e9v\u00e9lations. On y parle de la sant\u00e9 du monarque, qui appara\u00eet d\u00e9sormais tr\u00e8s amaigri et marche avec une canne. On y parle de ses curieuses fr\u00e9quentations, des quelques sportifs, champions de MMA dont il a fait ses proches conseillers, au grand dam de son entourage traditionnel.<\/p>\n<p>                                                  <!-- partials\/article\/node.volt --><br \/>\n<!-- partials\/article\/node_media.volt --><\/p>\n<p class=\"latino-500b text-grey-600 pb-16\">A lire aussi<\/p>\n<article class=\"node__media-article d-flex justify-content-between gap-md-32 pb-24 pb-md-32\">\n<!-- partials\/article\/article-link.volt --><\/p>\n<p><a href=\"\/monde\/20251003.OBS108352\/manifestations-au-maroc-le-fosse-se-creuse-entre-la-jeunesse-et-l-elite-politique.html\" data-article-key=\"20251003.OBS108352\" class=\"link--box flex-grow-1\" data-piano=\"Page_Article,Lire_aussi,,Lien1,navigation\"><\/p>\n<article class=\"d-flex\" auto_robot_readability=\"1.5\">\n<div class=\"flex-shrink-0 me-24\">\n<picture>\n                <img loading=\"lazy\" decoding=\"async\" src=\"data:image\/svg+xml,%3Csvg%20xmlns%3D%27http%3A%2F%2Fwww.w3.org%2F2000%2Fsvg%27%20fill%3D%22%23e4e4e4%22%20viewBox%3D%270%200%20120%2080%27%20width%3D%22120%22%20height%3D%2280%22%3E%3Cpath%20d%3D%27M0%200h120v80H0z%27%2F%3E%3C%2Fsvg%3E\" srcset=\"https:\/\/focus.nouvelobs.com\/2025\/10\/03\/0\/0\/5568\/3712\/120\/80\/75\/0\/4d63519_upload-1-tb6ctdiruff8-068-aa-03102025-2451643.jpg 1x,https:\/\/focus.nouvelobs.com\/2025\/10\/03\/0\/0\/5568\/3712\/240\/160\/50\/0\/4d63519_upload-1-tb6ctdiruff8-068-aa-03102025-2451643.jpg 2x\" width=\"120\" height=\"80\" loading=\"lazy\" alt=\"Manifestation contre la corruption et pour des r\u00e9formes dans les domaines de l\u2019\u00e9ducation et de la sant\u00e9, \u00e0 Rabat, la capitale marocaine, le 2\u00a0octobre 2025.\"\/>\n      <\/picture>\n    <\/div>\n<div class=\"flex-1 d-flex flex-column justify-content-center\" auto_robot_readability=\"33\">\n<p class=\"latino-300r latino-lg-600m text-grey-800\">\n                      <strong class=\"latino-300b latino-lg-600m text-grey-500\">Interview\u00a0<\/strong><br \/>\n                    Manifestations au Maroc\u00a0: \u00ab\u00a0Le foss\u00e9 se creuse entre la jeunesse et l\u2019\u00e9lite politique\u00a0\u00bb        <\/p>\n<\/p><\/div>\n<\/article>\n<p><\/a><\/p>\n<\/article>\n<p>      <!-- partials\/article\/node.volt --><br \/>\n<!-- partials\/article\/node_text.volt --><\/p>\n<p class=\"node__paragraphe antonia-750r text-grey-800 pb-24 pb-md-32\">\nLa s\u00e9rie d\u2019articles \u00e9voque aussi ses absences r\u00e9p\u00e9t\u00e9es, sa volont\u00e9 de contr\u00f4ler \u00e9conomiquement le royaume. Autant de sujets tabous qui suscitent aussit\u00f4t des r\u00e9actions indign\u00e9es. D\u00e8s les lendemains de la publication, tous les journaux marocains proches du Palais tentent une contre-attaque\u00a0: mensonges\u00a0! Diffamation\u00a0! Fausses informations\u00a0!<\/p>\n<p>          <!-- partials\/article\/node.volt --><br \/>\n<!-- partials\/article\/node_text.volt --><\/p>\n<p class=\"node__paragraphe antonia-750r text-grey-800 pb-24 pb-md-32\">\nBien s\u00fbr, les informations en question sont fiables et les sujets abord\u00e9s solidement enqu\u00eat\u00e9s. Peu importe. Au Maroc, on ne doit pas toucher au roi. C\u2019est une ligne rouge. Pourquoi\u00a0? Si vous voulez le savoir, vous pouvez regarder la nouvelle vid\u00e9o de Fran\u00e7ois Reynaert, alias Oncle Obs, r\u00e9alis\u00e9e et mont\u00e9e par Mahaut Landaz.<\/p>\n<div class=\"article__author pb-32\" auto_robot_readability=\"32\">\n    <!-- app\/web\/views\/partials\/article\/authors.volt --><\/p>\n<p class=\"authors latino-600m text-grey-800\">\n<p>  <span>Par\u00a0<\/span><br \/>\nFran\u00e7ois Reynaert et Mahaut Landaz<\/p>\n<\/p><\/div>\n<\/p><\/div>\n<p><a href=\"https:\/\/www.nouvelobs.com\/monde\/20251014.OBS108739\/pourquoi-le-roi-est-il-est-une-figure-si-importante-au-maroc.html\">source<\/a><\/p>\n","protected":false},"excerpt":{"rendered":"<p>Lire\u00a0plus\u00a0tard Google Actualit\u00e9s Partager Facebook Bluesky E-mail Copier le lien Envoyer S\u2019abonner Vid\u00e9o\u00a0 Dans un Maroc o\u00f9 la jeunesse se mobilise pour exiger des r\u00e9formes, la contestation vise le gouvernement, pas le roi Mohammed VI. Fran\u00e7ois Reynaert revient sur ce lien particulier qui unit les Marocains et leur roi. Depuis plusieurs semaines au Maroc, la [&hellip;]<\/p>\n","protected":false},"author":1,"featured_media":106664,"comment_status":"open","ping_status":"open","sticky":false,"template":"","format":"standard","meta":{"_monsterinsights_skip_tracking":false,"_monsterinsights_sitenote_active":false,"_monsterinsights_sitenote_note":"","_monsterinsights_sitenote_category":0,"footnotes":""},"categories":[75],"tags":[],"coauthors":[77],"class_list":["post-106663","post","type-post","status-publish","format-standard","has-post-thumbnail","hentry","category-monde"],"aioseo_notices":[],"_links":{"self":[{"href":"https:\/\/pressactu.com\/index.php?rest_route=\/wp\/v2\/posts\/106663","targetHints":{"allow":["GET"]}}],"collection":[{"href":"https:\/\/pressactu.com\/index.php?rest_route=\/wp\/v2\/posts"}],"about":[{"href":"https:\/\/pressactu.com\/index.php?rest_route=\/wp\/v2\/types\/post"}],"author":[{"embeddable":true,"href":"https:\/\/pressactu.com\/index.php?rest_route=\/wp\/v2\/users\/1"}],"replies":[{"embeddable":true,"href":"https:\/\/pressactu.com\/index.php?rest_route=%2Fwp%2Fv2%2Fcomments&post=106663"}],"version-history":[{"count":0,"href":"https:\/\/pressactu.com\/index.php?rest_route=\/wp\/v2\/posts\/106663\/revisions"}],"wp:featuredmedia":[{"embeddable":true,"href":"https:\/\/pressactu.com\/index.php?rest_route=\/wp\/v2\/media\/106664"}],"wp:attachment":[{"href":"https:\/\/pressactu.com\/index.php?rest_route=%2Fwp%2Fv2%2Fmedia&parent=106663"}],"wp:term":[{"taxonomy":"category","embeddable":true,"href":"https:\/\/pressactu.com\/index.php?rest_route=%2Fwp%2Fv2%2Fcategories&post=106663"},{"taxonomy":"post_tag","embeddable":true,"href":"https:\/\/pressactu.com\/index.php?rest_route=%2Fwp%2Fv2%2Ftags&post=106663"},{"taxonomy":"author","embeddable":true,"href":"https:\/\/pressactu.com\/index.php?rest_route=%2Fwp%2Fv2%2Fcoauthors&post=106663"}],"curies":[{"name":"wp","href":"https:\/\/api.w.org\/{rel}","templated":true}]}}