{"id":106661,"date":"2025-10-14T09:03:18","date_gmt":"2025-10-14T09:03:18","guid":{"rendered":"https:\/\/pressactu.com\/?p=106661"},"modified":"2025-10-14T09:03:18","modified_gmt":"2025-10-14T09:03:18","slug":"direct-gouvernement-lecornu-le-projet-de-budget-prevoit-la-prolongation-pour-un-an-de-la-contribution-sur-les-hauts-revenus","status":"publish","type":"post","link":"https:\/\/pressactu.com\/?p=106661","title":{"rendered":"DIRECT. Gouvernement Lecornu\u00a0: le projet de budget pr\u00e9voit la prolongation pour un an de la contribution sur les hauts revenus"},"content":{"rendered":"<p>Journ\u00e9e d\u00e9cisive pour l\u2019ex\u00e9cutif\u00a0: premier conseil des ministres ce mardi matin, avant la d\u00e9claration de politique g\u00e9n\u00e9rale (DPG) de S\u00e9bastien Lecornu attendue \u00e0 l\u2019Assembl\u00e9e dans l\u2019apr\u00e8s-midi. Au menu\u00a0: cap budg\u00e9taire, m\u00e9thode et recherche d\u2019appuis face aux motions de censure d\u00e9pos\u00e9es par l\u2019opposition.<\/p>\n<div id=\"live_post_EVMGQBSCETVB0BG\"><span class=\"live-post__date\">10h54.<\/span><\/p>\n<p><h2 class=\"live-post__title\">Marine Le Pen d\u00e9nonce un projet de budget 2026 &#8220;terriblement mauvais&#8221;<\/h2>\n<\/p>\n<\/div>\n<div id=\"live_post_EVMGQBP0XBXH7XU\"><span class=\"live-post__date\">10h52.<\/span><\/p>\n<p><h2 class=\"live-post__title\">Les motions de censure de LFI puis du RN seront examin\u00e9es jeudi matin\u00a0<\/h2>\n<\/p>\n<\/div>\n<div id=\"live_post_EVMGQBUS3M6QYO2\"><span class=\"live-post__date\">10h50.<\/span><\/p>\n<p><h2 class=\"live-post__title\">L&#8217;abattement de 10% sur les retraites remplac\u00e9 par un abattement forfaitaire de 2\u00a0000 euros<\/h2>\n<\/p>\n<\/div>\n<div id=\"live_post_EVMGQBSSTUMRFHR\"><span class=\"live-post__date\">10h48.<\/span><\/p>\n<div class=\"live-post__content\">\n<h2 class=\"live-post__title\">Projet de budget de la S\u00e9cu : le d\u00e9ficit r\u00e9duit \u00e0 17,5 milliards d&#8217;euros en 2026<\/h2>\n<p class=\"live-post__amorce\">Le projet de budget de la S\u00e9curit\u00e9 sociale pr\u00e9voit de son c\u00f4t\u00e9 de r\u00e9duire le d\u00e9ficit de la S\u00e9cu \u00e0 17,5 milliards d&#8217;euros en 2026, apr\u00e8s 23 milliards d&#8217;euros en 2025. Cette r\u00e9duction repose sur d&#8217;importantes \u00e9conomies : la progression des d\u00e9penses d&#8217;Assurance maladie serait de seulement 1,6% pour arriver \u00e0 270,4 milliards, soit bien moins que l&#8217;augmentation naturelle des d\u00e9penses. Le gouvernement pr\u00e9voit ainsi 7,1 milliards d&#8217;\u00e9conomies dans le champ de la sant\u00e9.<\/p>\n<\/div>\n<\/div>\n<div id=\"live_post_EVMGQBNJ55X0BKN\"><span class=\"live-post__date\">10h45.<\/span><\/p>\n<div class=\"live-post__content\">\n<h2 class=\"live-post__title\">Le projet de budget vise un effort budg\u00e9taire d&#8217;une trentaine de milliards d&#8217;euros<\/h2>\n<p class=\"live-post__amorce\">Le projet de budget que S\u00e9bastien Lecornu pr\u00e9sente ce mardi en conseil des ministres propose un effort budg\u00e9taire d&#8217;une trentaine de milliards d&#8217;euros, selon l&#8217;avis rendu par le Haut conseil des finances publiques sur ce document. Cet effort se d\u00e9compose en environ 17 milliards d&#8217;euros d&#8217;\u00e9conomies de d\u00e9penses, et autour de 14 milliards d&#8217;euros suppl\u00e9mentaires gr\u00e2ce \u00e0 des mesures sur les recettes fiscales.<\/p>\n<p class=\"live-post__amorce\">Toujours selon cet avis du Haut conseil des finances publiques, le projet reposerait sur des hypoth\u00e8ses \u00e9conomiques &#8220;optimistes&#8221; sur la croissance vis\u00e9e en 2026. Cet organisme, pr\u00e9sid\u00e9 par Pierre Moscovici et qui d\u00e9pend de la Cour des comptes, a \u00e9mis des doutes sur le niveau de croissance esp\u00e9r\u00e9e par le gouvernement dans sa copie (1,0%), alors que les \u00e9conomies budg\u00e9taires risquent de peser sur l&#8217;activit\u00e9.<\/p>\n<\/div>\n<\/div>\n<div id=\"live_post_EVMGQB1B7XYKUT0\"><span class=\"live-post__date\">10h33.<\/span><\/p>\n<div class=\"live-post__content\">\n<h2 class=\"live-post__title\">Instauration d&#8217;une taxe sur les holdings patrimoniales<\/h2>\n<p class=\"live-post__amorce\">Le gouvernement propose l&#8217;instauration d&#8217;une taxe sur les holdings patrimoniales, parfois utilis\u00e9es pour contourner l&#8217;imp\u00f4t. &#8220;Inspir\u00e9e de taxes voisines en place dans plusieurs autres pays, comme les \u00c9tats-Unis et l&#8217;Irlande, cette taxe vise \u00e0 faire \u00e9chec aux strat\u00e9gies de contournement de l&#8217;imp\u00f4t par la th\u00e9saurisation de revenus non distribu\u00e9s dans des soci\u00e9t\u00e9s, ces revenus \u00e9chappant ainsi \u00e0 l&#8217;imp\u00f4t&#8221;, pr\u00e9cise le document consult\u00e9 par l&#8217;AFP.<\/p>\n<\/div>\n<\/div>\n<div id=\"live_post_EVMGQAZN0MLEYCG\"><span class=\"live-post__date\">10h31.<\/span><\/p>\n<div class=\"live-post__content\">\n<h2 class=\"live-post__title\">Reconduction partielle de la contribution exceptionnelle sur les b\u00e9n\u00e9fices des grandes entreprises<\/h2>\n<p class=\"live-post__amorce\">Le projet de budget pr\u00e9voit \u00e9galement de prolonger d&#8217;un an, mais en la r\u00e9duisant de moiti\u00e9, la surtaxe sur le b\u00e9n\u00e9fice des grandes entreprises instaur\u00e9e en 2025. Cette contribution, qui concerne les 400 plus grandes entreprises qui r\u00e9alisent un chiffre d&#8217;affaires d&#8217;au moins 1 milliard d&#8217;euros en France, devrait g\u00e9n\u00e9rer 4 milliards d&#8217;euros, moiti\u00e9 moins qu&#8217;en 2025.<\/p>\n<\/div>\n<\/div>\n<div id=\"live_post_EVMGQAPXI86FPDX\"><span class=\"live-post__date\">10h15.<\/span><\/p>\n<div class=\"live-post__content\">\n<h2 class=\"live-post__title\">Projet de budget : la contribution sur les hauts revenus prolong\u00e9e d&#8217;un an<\/h2>\n<p class=\"live-post__amorce\">Le projet de budget pr\u00e9sent\u00e9 ce mardi ,matin par le gouvernement Lecornu pr\u00e9voit de prolonger d&#8217;un an la contribution diff\u00e9rentielle sur les plus hauts revenus instaur\u00e9e en 2025, selon un document consult\u00e9 par l&#8217;AFP. Cette contribution diff\u00e9rentielle sur les plus hauts revenus (CDHR), appliqu\u00e9e aux m\u00e9nages dont les revenus d\u00e9passent 250\u00a0000 euros pour un c\u00e9libataire et 500\u00a0000 euros pour un couple, fixe un taux minimal d&#8217;imposition de 20%.<\/p>\n<\/div>\n<\/div>\n<div id=\"live_post_EVMGQBWUYT3RGF7\"><span class=\"live-post__date\">10h10.<\/span><\/p>\n<div class=\"live-post__content\">\n<h2 class=\"live-post__title\">G\u00e9rald\u00a0Darmanin renonce \u00e0 Tourcoing en 2026<\/h2>\n<p class=\"live-post__amorce\">Le ministre de la Justice, reconduit, annonce qu\u2019il ne sera pas candidat \u00e0 la mairie de Tourcoing lors des municipales de mars 2026. Il explique \u201cne pas souhaiter mener la liste de la majorit\u00e9\u201d, disant vouloir se consacrer \u201caux affaires de l\u2019\u00c9tat\u201d. Doriane B\u00e9cue, qui avait repris la mairie en 2020 lors de son retour au gouvernement, m\u00e8nera la liste locale.<\/p>\n<\/div>\n<\/div>\n<div id=\"live_post_EVMGQANGR8EY6E1\"><span class=\"live-post__date\">09h51.<\/span><\/p>\n<div class=\"live-post__content\">\n<h2 class=\"live-post__title\">&#8220;\u00c7a ne co\u00fbte pas tr\u00e8s cher de stopper\u2026&#8221; le nouveau prix Nobel d\u2019\u00c9conomie fran\u00e7ais Philippe Aghion d\u00e9fend la suspension<\/h2>\n<p class=\"live-post__amorce\">Le nouveau prix Nobel d\u2019\u00c9conomie fran\u00e7ais Philippe Aghion a soutenu hier soir au JT de France 2 l\u2019id\u00e9e de suspendre la r\u00e9forme des retraites en vigueur jusqu\u2019\u00e0 l\u2019\u00e9lection pr\u00e9sidentielle de 2027. Sa voix compte d\u00e9sormais, suite \u00e0 sa distinction. Plus d&#8217;infos dans  <a href=\"https:\/\/www.ladepeche.fr\/2025\/10\/14\/reforme-des-retraites-ca-ne-coute-pas-tres-cher-de-stopper-le-prix-nobel-deconomie-francais-philippe-aghion-defend-la-suspension-12991248.php\" target=\"_blank\" rel=\"noopener noreferrer nofollow\" class=\"\"><strong>notre article<\/strong><\/a> .<\/p>\n<\/div>\n<\/div>\n<div id=\"live_post_EVMGQ99X9AE6ZT2\"><span class=\"live-post__date\">09h25.<\/span><\/p>\n<div class=\"live-post__content\">\n<h2 class=\"live-post__title\">Que va faire LR en cas de suspension de la r\u00e9forme des retraites ?<\/h2>\n<p class=\"live-post__amorce\">Fran\u00e7ois-Xavier Bellamy d\u00e9clare ce matin sur  <a href=\"https:\/\/www.franceinfo.fr\/economie\/retraite\/reforme-des-retraites\/en-cas-de-suspension-de-la-reforme-des-retraites-on-ne-censure-pas-mais-on-ne-soutiendra-pas-dit-le-lr-francois-xavier-bellamy_7551613.html\" target=\"_blank\" rel=\"noopener noreferrer nofollow\" class=\"\">Franceinfo<\/a>  que si la r\u00e9forme des retraites est suspendue, LR &#8220;ne censure pas&#8221; mais &#8220;ne soutiendra pas&#8221; le gouvernement, d\u00e9non\u00e7ant une &#8220;irresponsabilit\u00e9 absolue&#8221;. Ce signal dessine un sc\u00e9nario sans soutien formel de la droite s\u00e9natoriale et parlementaire, tout en laissant ouverte l\u2019issue des votes sur la censure et les textes budg\u00e9taires.<\/p>\n<div class=\"extemb-container\">\n<blockquote data-class=\"twitter-tweet\">\n<p lang=\"fr\" dir=\"ltr\">ud83dudd34 Censure u27a1ufe0f \u201cOn ne peut soutenir la suspension de la r\u00e9forme. Notre but n\u2019est pas de censurer par plaisir, nous ne sommes pas comme Jean-Luc M\u00e9lenchon ou Marine Le Pen. La France a besoin de stabilit\u00e9, mais n\u2019a pas besoin du d\u00e9ni de r\u00e9alit\u00e9\u201d, dit Fran\u00e7ois-Xavier Bellamy <a href=\"https:\/\/t.co\/kmm08yrL2f\">pic.twitter.com\/kmm08yrL2f<\/a><\/p>\n<p>\u2014 franceinfo (@franceinfo) <a href=\"https:\/\/twitter.com\/franceinfo\/status\/1977997378528407699?ref_src=twsrc%5Etfw\">October 14, 2025<\/a><\/p><\/blockquote><\/div>\n<\/div>\n<\/div>\n<div id=\"live_post_EVMGQ97EDZPHGHC\"><span class=\"live-post__date\">09h07.<\/span><\/p>\n<div class=\"live-post__content\">\n<h2 class=\"live-post__title\">L&#8217;ordre du jour officiel du Conseil des ministres publi\u00e9<\/h2>\n<p class=\"live-post__amorce\">L\u2019\u00c9lys\u00e9e a publi\u00e9 l\u2019ordre du jour du Conseil des ministres : examen d\u2019un projet de loi constitutionnelle sur la Nouvelle-Cal\u00e9donie, mesures de lutte contre les fraudes sociales et fiscales, puis volet budg\u00e9taire avec les projets de loi 2026 pour l\u2019\u00c9tat et la S\u00e9curit\u00e9 sociale. Ces points cadrent la s\u00e9quence avant la d\u00e9claration de politique g\u00e9n\u00e9rale attendue dans l\u2019apr\u00e8s-midi.<\/p>\n<\/div>\n<\/div>\n<div id=\"live_post_EVMGQ80EFM7SEK9\"><span class=\"live-post__date\">08h57.<\/span><\/p>\n<div class=\"live-post__content\">\n<h2 class=\"live-post__title\">Le\u00a0sc\u00e9nario privil\u00e9gi\u00e9 serait une suspension partielle de la r\u00e9forme<\/h2>\n<p class=\"live-post__amorce\">D\u2019apr\u00e8s  <a href=\"https:\/\/www.bfmtv.com\/politique\/gouvernement\/direct-crise-politique-premier-conseil-des-ministres-discours-de-politique-de-generale-le-gouvernement-lecornu-ii-a-peine-nomme-sitot-censure_LN-202510140118.html\" target=\"_blank\" rel=\"noopener noreferrer nofollow\" class=\"\">BFMTV<\/a> , S\u00e9bastien Lecornu a r\u00e9uni hier une &#8220;task force retraites&#8221; (Travail, \u00c9conomie, Comptes publics, Sant\u00e9, porte-parolat) pendant plus de deux heures. La piste qui tiendrait la corde ce matin : une suspension du d\u00e9calage de l\u2019\u00e2ge l\u00e9gal &#8220;jusqu\u2019\u00e0 2027&#8221; (actuellement 62 ans et 9 mois), avec possibilit\u00e9 d\u2019aller plus loin lors de la d\u00e9claration de politique g\u00e9n\u00e9rale. Des proches \u00e9voquent des arbitrages encore ouverts \u00e0 la tribune.<\/p>\n<\/div>\n<\/div>\n<div id=\"live_post_EVMGQ7WU9A2WO4Z\"><span class=\"live-post__date\">08h45.<\/span><\/p>\n<div class=\"live-post__content\">\n<h2 class=\"live-post__title\">Le Medef se dit\u00a0contre un report des retraites \u00e0 2027<\/h2>\n<p class=\"live-post__amorce\">Le pr\u00e9sident du Medef Patrick Martin estime sur RTL qu\u2019un \u00e9ventuel d\u00e9calage de la r\u00e9forme des retraites \u00e0 2027 serait une &#8220;suggestion tactique&#8221; qui &#8220;se paiera \u00e0 un moment&#8221;, &#8220;en croissance, en dette ou en imp\u00f4t&#8221;. Il souligne que &#8220;le S\u00e9nat est oppos\u00e9&#8221; \u00e0 ce d\u00e9calage et appelle \u00e0 &#8220;une vision globale et un peu profonde dans le temps&#8221;, alors que la suspension partielle figure parmi les sc\u00e9narios test\u00e9s politiquement.<\/p>\n<\/div>\n<\/div>\n<div id=\"live_post_EVMGQ7U7QNQWP60\"><span class=\"live-post__date\">08h35.<\/span><\/p>\n<div class=\"live-post__content\">\n<h2 class=\"live-post__title\">Arthur Delaporte : &#8220;La censure me d\u00e9mange&#8221;<\/h2>\n<p class=\"live-post__amorce\">Sur Sud Radio, le d\u00e9put\u00e9 socialiste Arthur Delaporte d\u00e9clare que &#8220;la censure (lui) d\u00e9mange&#8221; \u00e0 quelques heures de la d\u00e9claration de politique g\u00e9n\u00e9rale. Il conditionne la position du PS \u00e0 des &#8220;choses majeures&#8221;, en particulier sur les retraites, rappelant que le parti n\u2019exclut pas de d\u00e9poser sa propre motion. L\u2019enjeu pour l\u2019ex\u00e9cutif est d\u2019obtenir des inflexions nettes afin d\u2019\u00e9viter une coalition des oppositions lors du vote.<\/p>\n<\/div>\n<\/div>\n<div id=\"live_post_EVMGQ6VWM3QYT6L\"><span class=\"live-post__date\">08h29.<\/span><\/p>\n<div class=\"live-post__content\">\n<h2 class=\"live-post__title\">Une motion de censure pourrait \u00eatre vot\u00e9e d\u00e8s jeudi soir<\/h2>\n<p class=\"live-post__amorce\">Les motions de censure du RN et de LFI ont \u00e9t\u00e9 enregistr\u00e9es et pourraient \u00eatre examin\u00e9es d\u00e8s jeudi soir \u00e0 l\u2019Assembl\u00e9e. Le RN a d\u00e9j\u00e0 indiqu\u00e9 qu&#8217;il voterait toute motion de censure, y compris si elle provient de la gauche. Selon les calculs de  <a href=\"https:\/\/www.bfmtv.com\/politique\/gouvernement\/direct-crise-politique-premier-conseil-des-ministres-discours-de-politique-de-generale-le-gouvernement-lecornu-ii-a-peine-nomme-sitot-censure_LN-202510140118.html\" target=\"_blank\" rel=\"noopener noreferrer nofollow\" class=\"\">BFMTV<\/a> , il ne manquerait ainsi que &#8220;24 d\u00e9put\u00e9s&#8221; pour faire tomber le gouvernement si le PS se joint au vote. Par ailleurs, S\u00e9bastien Lecornu a convi\u00e9 \u00e0 &#8220;13h15&#8221; ministres et d\u00e9put\u00e9s des groupes de la majorit\u00e9 ainsi que Liot \u00e0 un d\u00e9jeuner \u00e0 Matignon.<\/p>\n<\/div>\n<\/div>\n<div id=\"live_post_EVMGQ6RO8GUTSJ0\"><span class=\"live-post__date\">08h12.<\/span><\/p>\n<div class=\"live-post__content\">\n<h2 class=\"live-post__title\">&#8220;S\u2019il faut repasser par les urnes&#8230;&#8221;<\/h2>\n<p class=\"live-post__amorce\">Le leader du Parti communiste estime par ailleurs qu&#8217;il faudra sans doute passer par une dissolution pour sortir de la crise politique dans laquelle est plong\u00e9 le pays. Et cette perspective ne semble pas l&#8217;inqui\u00e9ter : &#8220;S\u2019il faut repasser par les urnes, par une dissolution de l\u2019Assembl\u00e9e nationale, allons-y&#8221;, ajoutant &#8220;qu\u2019il n\u2019y a pas de mal \u00e0 redonner la parole au peuple&#8221;.<\/p>\n<div class=\"extemb-container\">\n<blockquote data-class=\"twitter-tweet\">\n<p lang=\"fr\" dir=\"ltr\">Dissolution : &#8220;Nous demandons un changement de politique, des hausses de salaires, l&#8217;indexation des retraites sur l&#8217;inflation, des services publics qui fonctionnent (&#8230;) Si nous n&#8217;avons pas \u00e7a et qu&#8217;il faut passer par les urnes, allons-y&#8221;, <a href=\"https:\/\/twitter.com\/Fabien_Roussel?ref_src=twsrc%5Etfw\">@Fabien_Roussel<\/a> <a href=\"https:\/\/t.co\/saQUd7AIlq\">pic.twitter.com\/saQUd7AIlq<\/a><\/p>\n<p>\u2014 TF1Info (@TF1Info) <a href=\"https:\/\/twitter.com\/TF1Info\/status\/1977976933573869617?ref_src=twsrc%5Etfw\">October 14, 2025<\/a><\/p><\/blockquote><\/div>\n<\/div>\n<\/div>\n<div id=\"live_post_EVMGQ6PQP2SILWC\"><span class=\"live-post__date\">07h55.<\/span><\/p>\n<div class=\"live-post__content\">\n<h2 class=\"live-post__title\">Retraites : les conditions pos\u00e9es par le PCF<\/h2>\n<p class=\"live-post__amorce\">Sur TF1, Fabien Roussel juge la r\u00e9forme des retraites &#8220;d\u00e9tonateur de la crise&#8221; et propose une &#8220;abrogation&#8221; ou une &#8220;suspension r\u00e9elle&#8221;. Il cite un palier \u00e0 &#8220;62 ans et 9 mois&#8221; et &#8220;170 trimestres&#8221;, qui permettrait selon lui \u00e0 &#8220;600\u00a0000 personnes&#8221; de partir plus t\u00f4t. Le patron du PCF conditionne la position de ses d\u00e9put\u00e9s aux signaux envoy\u00e9s sur le pouvoir d\u2019achat et la justice fiscale.<\/p>\n<\/div>\n<\/div>\n<div id=\"live_post_EVMGQ6OBDG5FNKR\"><span class=\"live-post__date\">07h49.<\/span><\/p>\n<div class=\"live-post__content\">\n<h2 class=\"live-post__title\">Chez les R\u00e9publicains, le retour des divisions<\/h2>\n<p class=\"live-post__amorce\">Entre trahisons internes, exclusions en s\u00e9rie et rivalit\u00e9 ouverte entre Bruno Retailleau et Laurent Wauquiez, Les R\u00e9publicains traversent une nouvelle temp\u00eate. Le parti semble aujourd\u2019hui plus divis\u00e9 que jamais\u2026  <a href=\"https:\/\/www.ladepeche.fr\/2025\/10\/14\/exclusions-trahisons-et-rivalites-entre-retailleau-et-wauquiez-chez-les-republicains-le-retour-des-divisions-12990274.php\" target=\"_blank\" rel=\"noopener noreferrer nofollow\" class=\"\"><strong>Notre article \u00e0 lire ici<\/strong><\/a> .<\/p>\n<\/div>\n<\/div>\n<div id=\"live_post_EVMGQ59N3KMCSOY\"><span class=\"live-post__date\">07h41.<\/span><\/p>\n<div class=\"live-post__content\">\n<h2 class=\"live-post__title\">Enjeu de majorit\u00e9 et gestes attendus<\/h2>\n<p class=\"live-post__amorce\">Face \u00e0 un Parlement fragment\u00e9, S\u00e9bastien Lecornu devrait tendre la main aux &#8220;forces de bonne volont\u00e9&#8221;, selon ses proches. Son discours insistera sur la &#8220;responsabilit\u00e9 budg\u00e9taire&#8221; et la &#8220;coh\u00e9sion nationale&#8221;. Des annonces sont attendues sur les services publics, la s\u00e9curit\u00e9 et la transition \u00e9nerg\u00e9tique. \u00c0 l\u2019\u00c9lys\u00e9e comme \u00e0 Matignon, on mise sur une tonalit\u00e9 d\u2019apaisement pour d\u00e9samorcer la tension politique de la rentr\u00e9e.<\/p>\n<p class=\"live-post__amorce\">Pour lire notre d\u00e9cryptage,  <a href=\"https:\/\/www.ladepeche.fr\/2025\/10\/14\/decryptage-discours-de-politique-generale-sebastien-lecornu-pourra-t-il-eviter-la-censure-12990126.php\" target=\"_blank\" rel=\"noopener noreferrer nofollow\" class=\"\"><strong>cliquez ici<\/strong><\/a> .<\/p>\n<\/div>\n<\/div>\n<div id=\"live_post_EVMGQ51UEZJKG06\"><span class=\"live-post__date\">07h19.<\/span><\/p>\n<div class=\"live-post__content\">\n<h2 class=\"live-post__title\">M\u00e9thode et casting sous la loupe<\/h2>\n<p class=\"live-post__amorce\">Le nouveau gouvernement annonc\u00e9 dimanche soir a promu quelques nouveaux visages issus de la soci\u00e9t\u00e9 civile, tout en \u00e9cartant Bruno Retailleau. L\u2019entourage de S\u00e9bastien Lecornu parle d\u2019un &#8220;gouvernement de mission et de stabilit\u00e9&#8221;. Les premi\u00e8res consignes internes insistent sur la &#8220;sobri\u00e9t\u00e9&#8221; et le &#8220;travail collectif&#8221;, dans un contexte \u00e9conomique tendu.<\/p>\n<\/div>\n<\/div>\n<div id=\"live_post_EVMGQ4YJS9GARJP\"><span class=\"live-post__date\">07h02.<\/span><\/p>\n<div class=\"live-post__content\">\n<h2 class=\"live-post__title\">Opposition en embuscade<\/h2>\n<p class=\"live-post__amorce\">Le Rassemblement national et La France insoumise ont d\u2019ores et d\u00e9j\u00e0 d\u00e9pos\u00e9 des motions de censure, d\u00e9non\u00e7ant un &#8220;manque de l\u00e9gitimit\u00e9 politique&#8221; du nouveau gouvernement. Les groupes socialiste et \u00e9cologiste h\u00e9sitent encore \u00e0 s\u2019y associer, tandis que Les R\u00e9publicains pourraient s\u2019abstenir. Le vote, qui pourrait avoir lieu jeudi ou vendredi, constituera le premier test politique de la nouvelle majorit\u00e9 relative.<\/p>\n<\/div>\n<\/div>\n<div id=\"live_post_EVMGQ4XDXW7BR3Z\"><span class=\"live-post__date\">06h50.<\/span><\/p>\n<div class=\"live-post__content\">\n<h2 class=\"live-post__title\">Budget : premi\u00e8res lignes attendues<\/h2>\n<p class=\"live-post__amorce\">Selon plusieurs sources gouvernementales, la trajectoire des finances publiques sera au c\u0153ur des discussions du matin. Le ministre de l\u2019\u00c9conomie doit \u00e9voquer les priorit\u00e9s budg\u00e9taires : ma\u00eetrise de la d\u00e9pense, soutien \u00e0 la comp\u00e9titivit\u00e9, et financement du syst\u00e8me de sant\u00e9. Les arbitrages rendus lors du conseil permettront de pr\u00e9ciser le calendrier du projet de loi de finances et du budget de la S\u00e9curit\u00e9 sociale.<\/p>\n<\/div>\n<\/div>\n<div id=\"live_post_EVMGQ4S8FXZ4TKV\"><span class=\"live-post__date\">06h40.<\/span><\/p>\n<div class=\"live-post__content\">\n<h2 class=\"live-post__title\">Le programme du jour se pr\u00e9cise<\/h2>\n<p class=\"live-post__amorce\">Le premier conseil des ministres du gouvernement Lecornu se tient \u00e0 10h \u00e0 l\u2019\u00c9lys\u00e9e, autour du pr\u00e9sident de la R\u00e9publique. L\u2019ordre du jour pr\u00e9voit la pr\u00e9sentation des grandes lignes de la feuille de route gouvernementale et la validation des premi\u00e8res mesures d\u2019urgence. Dans l\u2019apr\u00e8s-midi, S\u00e9bastien Lecornu prononcera sa d\u00e9claration de politique g\u00e9n\u00e9rale \u00e0 l\u2019Assembl\u00e9e nationale, suivie d\u2019un d\u00e9bat sans vote.<\/p>\n<\/div>\n<\/div>\n<div id=\"live_post_EVMGQ4RSAWAPBA4\"><span class=\"live-post__date\">06h30.<\/span><\/p>\n<p><h2 class=\"live-post__title\">Bonjour \u00e0 tous et bienvenue dans ce direct<\/h2>\n<\/p>\n<\/div>\n<p><script async src=\"\/\/platform.twitter.com\/widgets.js\" charset=\"utf-8\"><\/script><br \/><a href=\"https:\/\/www.ladepeche.fr\/2025\/10\/14\/direct-gouvernement-lecornu-budget-plfss-le-premier-ministre-pourra-t-il-eviter-la-censure-apres-son-discours-de-politique-generale-12991103.php\">source<\/a><\/p>\n","protected":false},"excerpt":{"rendered":"<p>Journ\u00e9e d\u00e9cisive pour l\u2019ex\u00e9cutif\u00a0: premier conseil des ministres ce mardi matin, avant la d\u00e9claration de politique g\u00e9n\u00e9rale (DPG) de S\u00e9bastien Lecornu attendue \u00e0 l\u2019Assembl\u00e9e dans l\u2019apr\u00e8s-midi. Au menu\u00a0: cap budg\u00e9taire, m\u00e9thode et recherche d\u2019appuis face aux motions de censure d\u00e9pos\u00e9es par l\u2019opposition. 10h54. Marine Le Pen d\u00e9nonce un projet de budget 2026 &#8220;terriblement mauvais&#8221; 10h52. [&hellip;]<\/p>\n","protected":false},"author":1,"featured_media":106662,"comment_status":"open","ping_status":"open","sticky":false,"template":"","format":"standard","meta":{"_monsterinsights_skip_tracking":false,"_monsterinsights_sitenote_active":false,"_monsterinsights_sitenote_note":"","_monsterinsights_sitenote_category":0,"footnotes":""},"categories":[1],"tags":[],"coauthors":[77],"class_list":["post-106661","post","type-post","status-publish","format-standard","has-post-thumbnail","hentry","category-a-la-une"],"aioseo_notices":[],"_links":{"self":[{"href":"https:\/\/pressactu.com\/index.php?rest_route=\/wp\/v2\/posts\/106661","targetHints":{"allow":["GET"]}}],"collection":[{"href":"https:\/\/pressactu.com\/index.php?rest_route=\/wp\/v2\/posts"}],"about":[{"href":"https:\/\/pressactu.com\/index.php?rest_route=\/wp\/v2\/types\/post"}],"author":[{"embeddable":true,"href":"https:\/\/pressactu.com\/index.php?rest_route=\/wp\/v2\/users\/1"}],"replies":[{"embeddable":true,"href":"https:\/\/pressactu.com\/index.php?rest_route=%2Fwp%2Fv2%2Fcomments&post=106661"}],"version-history":[{"count":0,"href":"https:\/\/pressactu.com\/index.php?rest_route=\/wp\/v2\/posts\/106661\/revisions"}],"wp:featuredmedia":[{"embeddable":true,"href":"https:\/\/pressactu.com\/index.php?rest_route=\/wp\/v2\/media\/106662"}],"wp:attachment":[{"href":"https:\/\/pressactu.com\/index.php?rest_route=%2Fwp%2Fv2%2Fmedia&parent=106661"}],"wp:term":[{"taxonomy":"category","embeddable":true,"href":"https:\/\/pressactu.com\/index.php?rest_route=%2Fwp%2Fv2%2Fcategories&post=106661"},{"taxonomy":"post_tag","embeddable":true,"href":"https:\/\/pressactu.com\/index.php?rest_route=%2Fwp%2Fv2%2Ftags&post=106661"},{"taxonomy":"author","embeddable":true,"href":"https:\/\/pressactu.com\/index.php?rest_route=%2Fwp%2Fv2%2Fcoauthors&post=106661"}],"curies":[{"name":"wp","href":"https:\/\/api.w.org\/{rel}","templated":true}]}}