{"id":104967,"date":"2025-09-30T13:10:33","date_gmt":"2025-09-30T13:10:33","guid":{"rendered":"https:\/\/pressactu.com\/?p=104967"},"modified":"2025-09-30T13:10:33","modified_gmt":"2025-09-30T13:10:33","slug":"voix-des-retraites-de-lartisanat-et-du-commerce-la-fenarac-compte-200-adherents-en-tarn-et-garonne","status":"publish","type":"post","link":"https:\/\/pressactu.com\/?p=104967","title":{"rendered":"Voix des retrait\u00e9s de l\u2019artisanat et du commerce, la F\u00e9narac compte 200 adh\u00e9rents en Tarn-et-Garonne"},"content":{"rendered":"<p>\n                                                                    <span class=\"article-full__chapo-label hide-on-small-only\">l&#8217;essentiel<\/span><br \/>\n                                                                L\u2019association des retrait\u00e9s de l\u2019artisanat et du commerce de Tarn-et-Garonne (F\u00e9narac), qui vient de tenir son assembl\u00e9e g\u00e9n\u00e9rale \u00e0 l\u2019Espace Ameria de Montauban, compte 200 adh\u00e9rents dans le d\u00e9partement.\n                            <\/p>\n<div rel=\"js-article-content\" data-state=\"fixed-height\" data-selection=\"disabled\">\n                                                                                                                            <!-- Pub DFP Position [outstream] --><\/p>\n<p>La F\u00e9narac 82 a tenu son assembl\u00e9e g\u00e9n\u00e9rale le 23\u00a0septembre 2025 \u00e0 l\u2019Espace Ameria, en pr\u00e9sence de Fran\u00e7ois Ferraguti, pr\u00e9sident national.<\/p>\n<p><!-- Pub DFP Position [article] --><\/p>\n<p>En pr\u00e9ambule, Bernard Delsuquet, pr\u00e9sident d\u00e9partemental, a tenu \u00e0 rendre hommage aux adh\u00e9rents disparus et \u00e0 la m\u00e9moire de son pr\u00e9d\u00e9cesseur Claude Ribotta. Il a soulign\u00e9 l\u2019importance de son engagement au sein de l\u2019association ainsi que le vide laiss\u00e9 par son absence au sein du bureau. Simone Guidez, tr\u00e9sori\u00e8re durant de nombreuses ann\u00e9es, a re\u00e7u la m\u00e9daille du service rendu.<\/p>\n<p>Prolongement du syndicalisme interprofessionnel de l\u2019artisanat et du commerce de proximit\u00e9, la F\u00e9narac est forte de 200 adh\u00e9rents dans le d\u00e9partement. Elle d\u00e9fend les int\u00e9r\u00eats sociaux et fiscaux des retrait\u00e9s aupr\u00e8s des pouvoirs et institutions publics, pour am\u00e9liorer leur protection sociale, leur pouvoir d\u2019achat et leur place au sein de la soci\u00e9t\u00e9. Elle a pour partenaires le CPSTI, la Chambre des m\u00e9tiers, Solimut, M2P. Des permanences sont tenues chaque troisi\u00e8me jeudi du mois.<\/p>\n<div class=\"center-align\" rel=\"js-article-inline-img\" data-protec-aida=\"image\">\n<figure class=\"std-img\" data-src=\"https:\/\/images.ladepeche.fr\/api\/v1\/images\/view\/68dbd24d4f3fb15c4c0a4f09\/original\/image.jpg?v=1\">\n        <img decoding=\"async\" class=\"std-img__img responsive-img\" src=\"http:\/\/pressactu.com\/wp-content\/uploads\/2025\/09\/1759237833_705_image.jpg?v=1\" alt=\"Fran\u00e7ois Ferraguti, pr\u00e9sident national et Bernard Delsuquet, pr\u00e9sident d\u00e9partemental ont honor\u00e9 Simone Guidez, tr\u00e9sori\u00e8re et rendu hommage au regrett\u00e9 Claude Ribotta en remettant une m\u00e9daille posthume \u00e0 son \u00e9pouse.\"\/><figcaption class=\"article-full__media-infos\">\n                <span class=\"article-full__media-legend\">Fran\u00e7ois Ferraguti, pr\u00e9sident national et Bernard Delsuquet, pr\u00e9sident d\u00e9partemental ont honor\u00e9 Simone Guidez, tr\u00e9sori\u00e8re et rendu hommage au regrett\u00e9 Claude Ribotta en remettant une m\u00e9daille posthume \u00e0 son \u00e9pouse.<\/span><br \/>\n                                    <span class=\"article-full__media-author\">DDM &#8211; H. S.<\/span><br \/>\n                            <\/figcaption><\/figure>\n<\/div>\n<p>Outre les soutiens pratiques aux adh\u00e9rents, des activit\u00e9s ludiques sont organis\u00e9es comme la sortie \u00e0 Domme qui a r\u00e9uni une cinquantaine de participants ou le repas \u00e0 Merle qui en a rassembl\u00e9 une soixantaine.<\/p>\n<p>Pour l\u2019ann\u00e9e \u00e0 venir sont pr\u00e9vus un stage de remise \u00e0 niveau du Code de la route, un repas dansant en novembre, et deux autres sorties en pr\u00e9paration.<\/p>\n<h2 class=\"txt-int\">La Fenarac a \u00e9crit au Premier ministre<\/h2>\n<p>L\u2019assembl\u00e9e g\u00e9n\u00e9rale est aussi l\u2019occasion d\u2019interventions sur des sujets vari\u00e9s comme la compl\u00e9mentaire sant\u00e9 de groupe (Mutuelle France Plus), la pr\u00e9vention sant\u00e9 \u2018PREVA\u2019 (Carsat-Msa-Cpsti), les expertises avant location par CME expertises, ou les conseils sur les d\u00e9marches administratives li\u00e9es \u00e0 l\u2019Urssaf.<\/p>\n<p>Le pr\u00e9sident Fran\u00e7ois Ferraguti a fait \u00e9tat du courrier de revendications qu\u2019il a adress\u00e9 au Premier ministre, relatif au montant des retraites et aux compl\u00e9mentaires sant\u00e9.<br \/>Un point important a \u00e9t\u00e9 rappel\u00e9 au sujet du capital d\u00e9c\u00e8s qui n\u2019est pas automatique. Il faut en faire la demande avec un formulaire sp\u00e9cifique que la F\u00e9narac fournit.<\/p>\n<p><strong>Contact\u00a0:<\/strong> 11 rue du Lyc\u00e9e \u00e0 Montauban \u2013 06\u00a074\u00a053\u00a001\u00a070.<\/p>\n<\/p><\/div>\n<p><a href=\"https:\/\/www.ladepeche.fr\/2025\/09\/30\/voix-des-retraites-de-lartisanat-et-du-commerce-la-fenarac-compte-200-adherents-en-tarn-et-garonne-12962540.php\">source<\/a><\/p>\n","protected":false},"excerpt":{"rendered":"<p>l&#8217;essentiel L\u2019association des retrait\u00e9s de l\u2019artisanat et du commerce de Tarn-et-Garonne (F\u00e9narac), qui vient de tenir son assembl\u00e9e g\u00e9n\u00e9rale \u00e0 l\u2019Espace Ameria de Montauban, compte 200 adh\u00e9rents dans le d\u00e9partement. La F\u00e9narac 82 a tenu son assembl\u00e9e g\u00e9n\u00e9rale le 23\u00a0septembre 2025 \u00e0 l\u2019Espace Ameria, en pr\u00e9sence de Fran\u00e7ois Ferraguti, pr\u00e9sident national. En pr\u00e9ambule, Bernard Delsuquet, [&hellip;]<\/p>\n","protected":false},"author":1,"featured_media":104968,"comment_status":"open","ping_status":"open","sticky":false,"template":"","format":"standard","meta":{"_monsterinsights_skip_tracking":false,"_monsterinsights_sitenote_active":false,"_monsterinsights_sitenote_note":"","_monsterinsights_sitenote_category":0,"footnotes":""},"categories":[74],"tags":[],"coauthors":[77],"class_list":["post-104967","post","type-post","status-publish","format-standard","has-post-thumbnail","hentry","category-economie"],"aioseo_notices":[],"_links":{"self":[{"href":"https:\/\/pressactu.com\/index.php?rest_route=\/wp\/v2\/posts\/104967","targetHints":{"allow":["GET"]}}],"collection":[{"href":"https:\/\/pressactu.com\/index.php?rest_route=\/wp\/v2\/posts"}],"about":[{"href":"https:\/\/pressactu.com\/index.php?rest_route=\/wp\/v2\/types\/post"}],"author":[{"embeddable":true,"href":"https:\/\/pressactu.com\/index.php?rest_route=\/wp\/v2\/users\/1"}],"replies":[{"embeddable":true,"href":"https:\/\/pressactu.com\/index.php?rest_route=%2Fwp%2Fv2%2Fcomments&post=104967"}],"version-history":[{"count":0,"href":"https:\/\/pressactu.com\/index.php?rest_route=\/wp\/v2\/posts\/104967\/revisions"}],"wp:featuredmedia":[{"embeddable":true,"href":"https:\/\/pressactu.com\/index.php?rest_route=\/wp\/v2\/media\/104968"}],"wp:attachment":[{"href":"https:\/\/pressactu.com\/index.php?rest_route=%2Fwp%2Fv2%2Fmedia&parent=104967"}],"wp:term":[{"taxonomy":"category","embeddable":true,"href":"https:\/\/pressactu.com\/index.php?rest_route=%2Fwp%2Fv2%2Fcategories&post=104967"},{"taxonomy":"post_tag","embeddable":true,"href":"https:\/\/pressactu.com\/index.php?rest_route=%2Fwp%2Fv2%2Ftags&post=104967"},{"taxonomy":"author","embeddable":true,"href":"https:\/\/pressactu.com\/index.php?rest_route=%2Fwp%2Fv2%2Fcoauthors&post=104967"}],"curies":[{"name":"wp","href":"https:\/\/api.w.org\/{rel}","templated":true}]}}