{"id":104715,"date":"2025-09-28T08:59:50","date_gmt":"2025-09-28T08:59:50","guid":{"rendered":"https:\/\/pressactu.com\/?p=104715"},"modified":"2025-09-28T08:59:50","modified_gmt":"2025-09-28T08:59:50","slug":"voyage-litteraire-au-tadjikistan-antoine-cibirski-devoile-un-pays-meconnu-dasie-centrale","status":"publish","type":"post","link":"https:\/\/pressactu.com\/?p=104715","title":{"rendered":"Voyage litt\u00e9raire au Tadjikistan\u00a0: Antoine Cibirski d\u00e9voile un pays m\u00e9connu d\u2019Asie centrale"},"content":{"rendered":"<p>\n                                                                    <span class=\"article-full__chapo-label hide-on-small-only\">l&#8217;essentiel<\/span><br \/>\n                                                                Avec Les chroniques tadjikes, Antoine Cibirski, diplomate europ\u00e9en, signe un r\u00e9cit en 45 sc\u00e8nes inspir\u00e9es de son s\u00e9jour au Tadjikistan. Entre montagnes du Pamir, h\u00e9ritage sovi\u00e9tique et rencontres humaines, il dresse le portrait vivant d\u2019un pays \u00e0 la fois isol\u00e9 et profond\u00e9ment ouvert sur ses traditions.\n                            <\/p>\n<div rel=\"js-article-content\">\n                                                                                                                            <!-- Pub DFP Position [outstream] --><\/p>\n<p>Tous ceux qui raffolent des enqu\u00eates d\u2019Aurel le consul de Jean-Christophe Ruffin peuvent d\u00e9laisser la fiction pour se plonger dans les souvenirs tout aussi pittoresques d\u2019Antoine Cibirski. Diplomate europ\u00e9en exp\u00e9riment\u00e9, il nous livre des chroniques tadjikes. Telles des lettres persanes contemporaines, l\u2019auteur nous fait d\u00e9couvrir en 45 sayn\u00e8tes le Tadjikistan. Nich\u00e9 au c\u0153ur de l\u2019Asie centrale, le Tadjikistan est un pays de hautes montagnes, domin\u00e9 par les sommets du Pamir, parfois surnomm\u00e9s \u00ab\u00a0le toit du monde\u00a0\u00bb.<\/p>\n<p><!-- Pub DFP Position [article] --><\/p>\n<div class=\"center-align\" rel=\"js-article-inline-img\" data-protec-aida=\"image\">\n<figure class=\"std-img\" data-src=\"https:\/\/images.ladepeche.fr\/api\/v1\/images\/view\/68d8f660dbfc7aca8104b80e\/original\/image.png?v=1\">\n        <img decoding=\"async\" class=\"std-img__img responsive-img\" src=\"http:\/\/pressactu.com\/wp-content\/uploads\/2025\/09\/1759049990_44_image.png?v=1\" alt=\"Les chroniques Tadjikes.\"\/><figcaption class=\"article-full__media-infos\">\n                <span class=\"article-full__media-legend\">Les chroniques Tadjikes.<\/span><br \/>\n                                    <span class=\"article-full__media-author\">DR<\/span><br \/>\n                            <\/figcaption><\/figure>\n<\/div>\n<p>Sans acc\u00e8s \u00e0 la mer, il partage ses fronti\u00e8res avec l\u2019Afghanistan, la Chine, l\u2019Ouzb\u00e9kistan et le Kirghizistan. Son histoire r\u00e9cente est marqu\u00e9e par l\u2019h\u00e9ritage sovi\u00e9tique et une guerre civile meurtri\u00e8re dans les ann\u00e9es 90, avant que le pr\u00e9sident Emomali Rahmon, au pouvoir depuis 1992, n\u2019impose une stabilit\u00e9 autoritaire.<\/p>\n<p>Le Tadjikistan demeure un carrefour discret, \u00e0 la fois tourn\u00e9 vers ses voisins et isol\u00e9 par la rudesse de son relief, dont la population vit entre traditions rurales et migrations \u00e9conomiques. C\u2019est cette population-l\u00e0 qu\u2019Antoine Cibirski nous invite \u00e0 d\u00e9couvrir, lui qui l\u2019a c\u00f4toy\u00e9e pendant une mission de six mois. De ces chroniques \u00e9mergent des personnages attachants qui donnent envie de mieux conna\u00eetre et peut-\u00eatre d\u00e9couvrir ce pays du bout du monde.<\/p>\n<footer class=\"txt-note\">&#8220;<a href=\"https:\/\/amzn.to\/46Gyfnz\" target=\"_blank\">Les chroniques tadjikes<\/a>&#8221; d\u2019Antoine Cibirski. Editions Balland. 200 pages. 18\u00a0\u20ac.<\/footer>\n<\/p><\/div>\n<p><a href=\"https:\/\/www.ladepeche.fr\/2025\/09\/28\/voyage-litteraire-au-tadjikistan-antoine-cibirski-devoile-un-pays-meconnu-dasie-centrale-12958442.php\">source<\/a><\/p>\n","protected":false},"excerpt":{"rendered":"<p>l&#8217;essentiel Avec Les chroniques tadjikes, Antoine Cibirski, diplomate europ\u00e9en, signe un r\u00e9cit en 45 sc\u00e8nes inspir\u00e9es de son s\u00e9jour au Tadjikistan. Entre montagnes du Pamir, h\u00e9ritage sovi\u00e9tique et rencontres humaines, il dresse le portrait vivant d\u2019un pays \u00e0 la fois isol\u00e9 et profond\u00e9ment ouvert sur ses traditions. Tous ceux qui raffolent des enqu\u00eates d\u2019Aurel le [&hellip;]<\/p>\n","protected":false},"author":1,"featured_media":104716,"comment_status":"open","ping_status":"open","sticky":false,"template":"","format":"standard","meta":{"_monsterinsights_skip_tracking":false,"_monsterinsights_sitenote_active":false,"_monsterinsights_sitenote_note":"","_monsterinsights_sitenote_category":0,"footnotes":""},"categories":[1],"tags":[],"coauthors":[77],"class_list":["post-104715","post","type-post","status-publish","format-standard","has-post-thumbnail","hentry","category-a-la-une"],"aioseo_notices":[],"_links":{"self":[{"href":"https:\/\/pressactu.com\/index.php?rest_route=\/wp\/v2\/posts\/104715","targetHints":{"allow":["GET"]}}],"collection":[{"href":"https:\/\/pressactu.com\/index.php?rest_route=\/wp\/v2\/posts"}],"about":[{"href":"https:\/\/pressactu.com\/index.php?rest_route=\/wp\/v2\/types\/post"}],"author":[{"embeddable":true,"href":"https:\/\/pressactu.com\/index.php?rest_route=\/wp\/v2\/users\/1"}],"replies":[{"embeddable":true,"href":"https:\/\/pressactu.com\/index.php?rest_route=%2Fwp%2Fv2%2Fcomments&post=104715"}],"version-history":[{"count":0,"href":"https:\/\/pressactu.com\/index.php?rest_route=\/wp\/v2\/posts\/104715\/revisions"}],"wp:featuredmedia":[{"embeddable":true,"href":"https:\/\/pressactu.com\/index.php?rest_route=\/wp\/v2\/media\/104716"}],"wp:attachment":[{"href":"https:\/\/pressactu.com\/index.php?rest_route=%2Fwp%2Fv2%2Fmedia&parent=104715"}],"wp:term":[{"taxonomy":"category","embeddable":true,"href":"https:\/\/pressactu.com\/index.php?rest_route=%2Fwp%2Fv2%2Fcategories&post=104715"},{"taxonomy":"post_tag","embeddable":true,"href":"https:\/\/pressactu.com\/index.php?rest_route=%2Fwp%2Fv2%2Ftags&post=104715"},{"taxonomy":"author","embeddable":true,"href":"https:\/\/pressactu.com\/index.php?rest_route=%2Fwp%2Fv2%2Fcoauthors&post=104715"}],"curies":[{"name":"wp","href":"https:\/\/api.w.org\/{rel}","templated":true}]}}