{"id":104346,"date":"2025-09-25T11:16:24","date_gmt":"2025-09-25T11:16:24","guid":{"rendered":"https:\/\/pressactu.com\/?p=104346"},"modified":"2025-09-25T11:16:24","modified_gmt":"2025-09-25T11:16:24","slug":"je-passe-entre-5-a-10-heures-sur-chacun-de-mes-gateaux-cette-championne-albigeoise-a-ouvert-sa-propre-patisserie","status":"publish","type":"post","link":"https:\/\/pressactu.com\/?p=104346","title":{"rendered":"&quot;Je passe entre 5 \u00e0 10\u00a0heures sur chacun de mes g\u00e2teaux&quot;\u00a0: cette championne albigeoise a ouvert sa propre p\u00e2tisserie"},"content":{"rendered":"<p>\n                                                                    <span class=\"article-full__chapo-label hide-on-small-only\">l&#8217;essentiel<\/span><br \/>\n                                                                Sp\u00e9cialiste des pi\u00e8ces mont\u00e9es spectaculaires, des a\u00e9rographies et des d\u00e9cors minutieux en p\u00e2te \u00e0 sucre, Sandy Belkacem vient de d\u00e9crocher la 2e place du championnat international de Cake Design \u00e0 Lyon. La cheffe albigeoise a d\u2019ailleurs r\u00e9cemment ouvert sa propre boutique Frisandyses o\u00f9 il est possible d\u2019admirer sa cr\u00e9ation prim\u00e9e.\n                            <\/p>\n<div rel=\"js-article-content\" data-state=\"fixed-height\" data-selection=\"disabled\">\n                                                                                                                            <!-- Pub DFP Position [outstream] --><\/p>\n<p>D\u00e9cors d\u00e9sertiques, reconstitution d\u2019une <em>gas station<\/em> \u00e0 l\u2019am\u00e9ricaine, cactus r\u00e9alistes en p\u00e2te \u00e0 sucre\u2026 rien n\u2019a \u00e9t\u00e9 laiss\u00e9 au hasard dans l\u2019ouvrage de Sandy pour le championnat international de Cake Design, qui se tenait la semaine derni\u00e8re\u00a0\u00e0 Lyon. Elle a d\u00e9finitivement r\u00e9ussi \u00e0 emmener le jury sur la Route 66, qui \u00e9tait le th\u00e8me impos\u00e9 pour son g\u00e2teau.<\/p>\n<p><!-- Pub DFP Position [article] --><\/p>\n<p class=\"std-elt__inline\">\n        <strong>\u00c0 lire aussi :<\/strong><br \/>\n        <a href=\"\/2025\/05\/31\/cake-design-patisseries-et-gateaux-de-fete-au-marche-12731745.php\">Cake design : p\u00e2tisseries et g\u00e2teaux de f\u00eate au march\u00e9<\/a>\n    <\/p>\n<p>Une deuxi\u00e8me place bien m\u00e9rit\u00e9e apr\u00e8s quasiment\u00a030\u00a0heures de travail et 5\u00a0heures de trajet pour arriver \u00e0 l\u2019\u00e9v\u00e8nement.\u00a0&#8220;On avait peur pour le transport du g\u00e2teau, mais tout s\u2019est bien d\u00e9roul\u00e9&#8221; pr\u00e9cise Sandy.\u00a0Une belle victoire, pour cette mordue de cake design qui ne pense qu\u2019\u00e0 s\u2019am\u00e9liorer.\u00a0&#8220;Rencontrer les plus grands noms internationaux du cake design, c\u2019\u00e9tait g\u00e9nial, j\u2019ai pu apprendre de nombreuses nouvelles techniques&#8221; se r\u00e9jouit-elle.<\/p>\n<h2 class=\"txt-int\">De maquilleuse artistique \u00e0 cake designer<\/h2>\n<p><a href=\"https:\/\/www.ladepeche.fr\/2023\/07\/31\/lancienne-championne-du-monde-de-maquillage-sepanouit-dans-la-patisserie-une-albigeoise-representera-la-france-au-mondiaux-de-cake-design-11346024.php\" target=\"_self\">D\u00e9j\u00e0 sacr\u00e9e championne du monde de maquillage artistique<\/a> avant sa reconversion dans la p\u00e2tisserie il y a 6 ans, Sandy Belkacem est une passionn\u00e9e. D\u00e9sormais &#8220;cake designer&#8221;, elle allie patience et cr\u00e9ativit\u00e9 pour faire r\u00eaver ses clients avec ses g\u00e2teaux. &#8220;Ce sont des g\u00e2teaux qui ont un c\u00f4t\u00e9 tr\u00e8s &#8220;wow&#8221;, tr\u00e8s d\u00e9cor\u00e9s et personnalis\u00e9s g\u00e9n\u00e9ralement pour des \u00e9v\u00e8nements comme des mariages ou des anniversaires&#8221; pr\u00e9cise Sandy.<\/p>\n<div class=\"extemb-container\">\n<p><iframe frameborder=\"0\" scrolling=\"no\" marginwidth=\"0\" marginheight=\"0\" hspace=\"0\" vspace=\"0\" webkitallowfullscreen=\"true\" mozallowfullscreen=\"true\" allowfullscreen=\"true\" allow=\"autoplay\" referrerpolicy=\"no-referrer-when-downgrade\" width=\"500\" height=\"300\" style=\"width: 100%; height: 100%; position: absolute;\" data-digiteka-src=\"\/\/www.ultimedia.com\/deliver\/generic\/iframe\/mdtk\/01325094\/src\/xv0p5rk\/zone\/1\/showtitle\/1\/\"><\/iframe><\/p>\n<div class=\"video-container u-relative\" rel=\"js-subscription-bloc\">\n                    <img decoding=\"async\" class=\"responsive-img\" src=\"http:\/\/pressactu.com\/wp-content\/uploads\/2025\/09\/xv0p5rk-O.jpg\"\/><br \/>\n                <a class=\"stretched-link\" href=\"#paywall\" rel=\"js-anchor\"><br \/>\n            <svg xmlns=\"http:\/\/www.w3.org\/2000\/svg\" class=\"video-container__fake-player\" viewbox=\"0 0 15 20\" fill=\"none\">\n                <path d=\"M10.4925 10.0001L2.5 4.6714V15.3289L10.4925 10.0001ZM14.22 10.5201L0.971251 19.3526C0.877132 19.4153 0.767788 19.4512 0.654864 19.4566C0.541941 19.462 0.429666 19.4367 0.329999 19.3833C0.230332 19.33 0.147005 19.2506 0.088892 19.1536C0.0307794 19.0566 5.84005e-05 18.9457 0 18.8326V1.16765C5.84005e-05 1.05459 0.0307794 0.943674 0.088892 0.8467C0.147005 0.749727 0.230332 0.670331 0.329999 0.61697C0.429666 0.563609 0.541941 0.538281 0.654864 0.543683C0.767788 0.549085 0.877132 0.585015 0.971251 0.647646L14.22 9.48015C14.3056 9.53722 14.3758 9.61455 14.4243 9.70526C14.4729 9.79597 14.4983 9.89726 14.4983 10.0001C14.4983 10.103 14.4729 10.2043 14.4243 10.295C14.3758 10.3857 14.3056 10.4631 14.22 10.5201Z\" fill=\"white\"\/>\n            <\/svg><br \/>\n        <\/a>\n    <\/div>\n<\/p><\/div>\n<p>Passionn\u00e9e, elle passe des heures \u00e0 confectionner ces g\u00e2teaux\u00a0: &#8220;Je passe g\u00e9n\u00e9ralement entre 5 \u00e0 10\u00a0heures sur chacune de mes cr\u00e9ations en fonction des modelages&#8221;. Avec parfois des d\u00e9tails en p\u00e2te \u00e0 sucre ou en p\u00e2te d\u2019amande, dignes d\u2019un travail d\u2019orf\u00e8vre.<\/p>\n<p class=\"std-elt__inline\">\n        <strong>\u00c0 lire aussi :<\/strong><br \/>\n        <a href=\"\/2025\/08\/04\/culture-food-cest-super-mignon-la-patisserie-besties-bakery-debarque-a-toulouse-avec-ses-cake-design-12856259.php\">CULTURE FOOD. \u00ab\u00a0C\u2019est super mignon\u00a0!\u00a0\u00bb\u00a0: la p\u00e2tisserie Besties Bakery d\u00e9barque \u00e0 Toulouse avec ses cake design<\/a>\n    <\/p>\n<p>Apr\u00e8s avoir obtenu son CAP p\u00e2tisserie il y a 6 ans, elle devient cheffe p\u00e2tissi\u00e8re des D\u00e9lices de Champollion, une\u00a0boulangerie-p\u00e2tisserie proche de la gare d\u2019Albi. En parall\u00e8le, elle g\u00e8re \u00e9galement sa propre entreprise de cake design\u00a0&#8220;F\u00e9e moi un g\u00e2teau&#8221;. Sacr\u00e9e championne\u00a0de France de Cake Design il y a deux ans, elle a d\u00e9cid\u00e9 cette ann\u00e9e d\u2019ouvrir sa propre boutique, Frisandyses.<\/p>\n<h2 class=\"txt-int\">Un nouveau cocon gourmand<\/h2>\n<p>Ouverte depuis mai dernier au 52 avenue Mar\u00e9chal Foch \u00e0 Albi, la boutique conjugue sa passion pour le cake design et pour la p\u00e2tisserie. Il est donc possible de commander son g\u00e2teau de r\u00eave sur mesure, tout en d\u00e9gustant des p\u00e2tisseries plus traditionnelles.<\/p>\n<p>Un espace &#8220;salon de th\u00e9&#8221; est \u00e0 disposition des clients o\u00f9 il est possible d\u2019admirer les cr\u00e9ations en sucre de Sandy\u00a0: &#8220;Je voulais cr\u00e9er un endroit o\u00f9 on se sent bien, cr\u00e9er un petit cocon&#8221;. Accompagn\u00e9e d\u2019une partie snacking \u00e9galement, la boutique s\u00e9duit la client\u00e8le albigeoise.<\/p>\n<p>Sandy ne s\u2019arr\u00eate pas l\u00e0 et continue de se d\u00e9passer. Elle concourra d\u2019ailleurs au championnat de France de Cake Design, qui se tiendra \u00e0 Deauville le 24\u00a0octobre prochain sur le th\u00e8me &#8220;No\u00ebl&#8221;.<\/p>\n<\/p><\/div>\n<p><a href=\"https:\/\/www.ladepeche.fr\/2025\/09\/25\/je-passe-entre-5-a-10-heures-sur-chacun-de-mes-gateaux-cette-championne-albigeoise-a-ouvert-sa-propre-patisserie-12947765.php\">source<\/a><\/p>\n","protected":false},"excerpt":{"rendered":"<p>l&#8217;essentiel Sp\u00e9cialiste des pi\u00e8ces mont\u00e9es spectaculaires, des a\u00e9rographies et des d\u00e9cors minutieux en p\u00e2te \u00e0 sucre, Sandy Belkacem vient de d\u00e9crocher la 2e place du championnat international de Cake Design \u00e0 Lyon. La cheffe albigeoise a d\u2019ailleurs r\u00e9cemment ouvert sa propre boutique Frisandyses o\u00f9 il est possible d\u2019admirer sa cr\u00e9ation prim\u00e9e. D\u00e9cors d\u00e9sertiques, reconstitution d\u2019une [&hellip;]<\/p>\n","protected":false},"author":1,"featured_media":104347,"comment_status":"open","ping_status":"open","sticky":false,"template":"","format":"standard","meta":{"_monsterinsights_skip_tracking":false,"_monsterinsights_sitenote_active":false,"_monsterinsights_sitenote_note":"","_monsterinsights_sitenote_category":0,"footnotes":""},"categories":[74],"tags":[],"coauthors":[77],"class_list":["post-104346","post","type-post","status-publish","format-standard","has-post-thumbnail","hentry","category-economie"],"aioseo_notices":[],"_links":{"self":[{"href":"https:\/\/pressactu.com\/index.php?rest_route=\/wp\/v2\/posts\/104346","targetHints":{"allow":["GET"]}}],"collection":[{"href":"https:\/\/pressactu.com\/index.php?rest_route=\/wp\/v2\/posts"}],"about":[{"href":"https:\/\/pressactu.com\/index.php?rest_route=\/wp\/v2\/types\/post"}],"author":[{"embeddable":true,"href":"https:\/\/pressactu.com\/index.php?rest_route=\/wp\/v2\/users\/1"}],"replies":[{"embeddable":true,"href":"https:\/\/pressactu.com\/index.php?rest_route=%2Fwp%2Fv2%2Fcomments&post=104346"}],"version-history":[{"count":0,"href":"https:\/\/pressactu.com\/index.php?rest_route=\/wp\/v2\/posts\/104346\/revisions"}],"wp:featuredmedia":[{"embeddable":true,"href":"https:\/\/pressactu.com\/index.php?rest_route=\/wp\/v2\/media\/104347"}],"wp:attachment":[{"href":"https:\/\/pressactu.com\/index.php?rest_route=%2Fwp%2Fv2%2Fmedia&parent=104346"}],"wp:term":[{"taxonomy":"category","embeddable":true,"href":"https:\/\/pressactu.com\/index.php?rest_route=%2Fwp%2Fv2%2Fcategories&post=104346"},{"taxonomy":"post_tag","embeddable":true,"href":"https:\/\/pressactu.com\/index.php?rest_route=%2Fwp%2Fv2%2Ftags&post=104346"},{"taxonomy":"author","embeddable":true,"href":"https:\/\/pressactu.com\/index.php?rest_route=%2Fwp%2Fv2%2Fcoauthors&post=104346"}],"curies":[{"name":"wp","href":"https:\/\/api.w.org\/{rel}","templated":true}]}}